{"id":30993,"date":"2024-08-24T08:24:08","date_gmt":"2024-08-24T07:24:08","guid":{"rendered":"https:\/\/ostrowskatv.pl\/?p=30993"},"modified":"2024-08-24T08:24:08","modified_gmt":"2024-08-24T07:24:08","slug":"ale-byl-napruty-nie-dziwne-ze-nie-dokonczyl-jazdy","status":"publish","type":"post","link":"https:\/\/ostrowskatv.pl\/?p=30993","title":{"rendered":"Ale by\u0142 napruty. Nie dziwne, \u017ce nie doko\u0144czy\u0142 jazdy"},"content":{"rendered":"<p><strong>O tym, \u017ce alkohol powoduje zaburzenia wie chyba ka\u017cdy. Z pewno\u015bci\u0105 powinien o tym wiedzie\u0107 26-latek, kt\u00f3ry kiedy\u015b zda\u0142 egzamin na prawo jazdy, ale w kolejnych kilku latach co\u015b posz\u0142o nie tak.<\/strong><\/p>\n<p>Minionej nocy policja zosta\u0142a powiadomiona o samochodzie, kt\u00f3ry wjecha\u0142 do rowu. Do zdarzenia dosz\u0142o na wylocie z Czekanowa w kierunku Nowych Skalmierzyc.<\/p>\n<p>I faktycznie audi znajdowa\u0142o si\u0119 w rowie. Kierowc\u0105 okaza\u0142 si\u0119 26-latek, kt\u00f3ry wydmucha\u0142 ponad 2 promile alkoholu. Niejedna normalna osoba w tym stanie ju\u017c ledwo kontaktuje lub nawet zaliczy\u0142a &#8222;alkoholowy zgon&#8221;. Ale nie on.<\/p>\n<p>Mieszkaniec Biskupic O\u0142obocznych by\u0142 w stanie przez jaki\u015b czas w stanie kierowa\u0107 autem, ale jak wida\u0107 fina\u0142 jego jazdy by\u0142 daleki od oczekiwanego. Teraz odpowie za kierowanie pod wp\u0142ywem alkoholu:<\/p>\n<p>\u2013 grzywna (uzale\u017cniona od sytuacji maj\u0105tkowej sprawcy),<br \/>\n\u2013 ograniczenie wolno\u015bci lub pozbawienie wolno\u015bci do 2 lat,<br \/>\n\u2013 zakaz prowadzenia pojazd\u00f3w na minimum 3 lata,<br \/>\n\u2013 \u015brodek karny w wys. od 5000 z\u0142 do 60 000 z\u0142 na rzecz Funduszu Pomocy Pokrzywdzonym i Pomocy Postpenitencjarnej.<\/p>\n<p>Dodatkowo, nietrze\u017awy kierowca otrzyma 15 punkt\u00f3w karnych.<\/p>\n<p><img loading=\"lazy\" decoding=\"async\" src=\"https:\/\/ostrowskatv.pl\/wp-content\/uploads\/2024\/08\/1000081869.jpg\" alt=\"\" width=\"824\" height=\"497\" class=\"alignnone size-full wp-image-30995\" srcset=\"https:\/\/ostrowskatv.pl\/wp-content\/uploads\/2024\/08\/1000081869.jpg 824w, https:\/\/ostrowskatv.pl\/wp-content\/uploads\/2024\/08\/1000081869-300x181.jpg 300w\" sizes=\"auto, (max-width: 824px) 100vw, 824px\" \/><\/p>\n<p><img loading=\"lazy\" decoding=\"async\" src=\"https:\/\/ostrowskatv.pl\/wp-content\/uploads\/2024\/08\/1000081866.jpg\" alt=\"\" width=\"1600\" height=\"1200\" class=\"alignnone size-full wp-image-30996\" srcset=\"https:\/\/ostrowskatv.pl\/wp-content\/uploads\/2024\/08\/1000081866.jpg 1600w, https:\/\/ostrowskatv.pl\/wp-content\/uploads\/2024\/08\/1000081866-300x225.jpg 300w, https:\/\/ostrowskatv.pl\/wp-content\/uploads\/2024\/08\/1000081866-1333x1000.jpg 1333w, https:\/\/ostrowskatv.pl\/wp-content\/uploads\/2024\/08\/1000081866-1536x1152.jpg 1536w\" sizes=\"auto, (max-width: 1600px) 100vw, 1600px\" \/><\/p>\n<p><img loading=\"lazy\" decoding=\"async\" src=\"https:\/\/ostrowskatv.pl\/wp-content\/uploads\/2024\/08\/1000081863.jpg\" alt=\"\" width=\"1600\" height=\"975\" class=\"alignnone size-full wp-image-30997\" srcset=\"https:\/\/ostrowskatv.pl\/wp-content\/uploads\/2024\/08\/1000081863.jpg 1600w, https:\/\/ostrowskatv.pl\/wp-content\/uploads\/2024\/08\/1000081863-300x183.jpg 300w, https:\/\/ostrowskatv.pl\/wp-content\/uploads\/2024\/08\/1000081863-1333x812.jpg 1333w, https:\/\/ostrowskatv.pl\/wp-content\/uploads\/2024\/08\/1000081863-1536x936.jpg 1536w\" sizes=\"auto, (max-width: 1600px) 100vw, 1600px\" \/><\/p>\n<p><img loading=\"lazy\" decoding=\"async\" src=\"https:\/\/ostrowskatv.pl\/wp-content\/uploads\/2024\/08\/1000081860.jpg\" alt=\"\" width=\"1600\" height=\"805\" class=\"alignnone size-full wp-image-30998\" srcset=\"https:\/\/ostrowskatv.pl\/wp-content\/uploads\/2024\/08\/1000081860.jpg 1600w, https:\/\/ostrowskatv.pl\/wp-content\/uploads\/2024\/08\/1000081860-300x151.jpg 300w, https:\/\/ostrowskatv.pl\/wp-content\/uploads\/2024\/08\/1000081860-1333x671.jpg 1333w, https:\/\/ostrowskatv.pl\/wp-content\/uploads\/2024\/08\/1000081860-1536x773.jpg 1536w\" sizes=\"auto, (max-width: 1600px) 100vw, 1600px\" \/><\/p>\n","protected":false},"excerpt":{"rendered":"O tym, \u017ce alkohol powoduje zaburzenia wie chyba ka\u017cdy. Z pewno\u015bci\u0105 powinien o tym wiedzie\u0107 26-latek, kt\u00f3ry kiedy\u015b zda\u0142 egzamin na prawo jazdy, \n<a class=\"moretag\" href=\"https:\/\/ostrowskatv.pl\/?p=30993\"> [...]<\/a>","protected":false},"author":1,"featured_media":30996,"comment_status":"open","ping_status":"closed","sticky":false,"template":"","format":"standard","meta":{"footnotes":""},"categories":[1],"tags":[72],"class_list":["post-30993","post","type-post","status-publish","format-standard","has-post-thumbnail","hentry","category-news","tag-samochod"],"_links":{"self":[{"href":"https:\/\/ostrowskatv.pl\/index.php?rest_route=\/wp\/v2\/posts\/30993","targetHints":{"allow":["GET"]}}],"collection":[{"href":"https:\/\/ostrowskatv.pl\/index.php?rest_route=\/wp\/v2\/posts"}],"about":[{"href":"https:\/\/ostrowskatv.pl\/index.php?rest_route=\/wp\/v2\/types\/post"}],"author":[{"embeddable":true,"href":"https:\/\/ostrowskatv.pl\/index.php?rest_route=\/wp\/v2\/users\/1"}],"replies":[{"embeddable":true,"href":"https:\/\/ostrowskatv.pl\/index.php?rest_route=%2Fwp%2Fv2%2Fcomments&post=30993"}],"version-history":[{"count":0,"href":"https:\/\/ostrowskatv.pl\/index.php?rest_route=\/wp\/v2\/posts\/30993\/revisions"}],"wp:featuredmedia":[{"embeddable":true,"href":"https:\/\/ostrowskatv.pl\/index.php?rest_route=\/wp\/v2\/media\/30996"}],"wp:attachment":[{"href":"https:\/\/ostrowskatv.pl\/index.php?rest_route=%2Fwp%2Fv2%2Fmedia&parent=30993"}],"wp:term":[{"taxonomy":"category","embeddable":true,"href":"https:\/\/ostrowskatv.pl\/index.php?rest_route=%2Fwp%2Fv2%2Fcategories&post=30993"},{"taxonomy":"post_tag","embeddable":true,"href":"https:\/\/ostrowskatv.pl\/index.php?rest_route=%2Fwp%2Fv2%2Ftags&post=30993"}],"curies":[{"name":"wp","href":"https:\/\/api.w.org\/{rel}","templated":true}]}}