{"id":30962,"date":"2024-08-12T09:14:53","date_gmt":"2024-08-12T08:14:53","guid":{"rendered":"https:\/\/ostrowskatv.pl\/?p=30962"},"modified":"2024-08-12T09:14:53","modified_gmt":"2024-08-12T08:14:53","slug":"zderzenie-bmw-i-renault-zdjecia","status":"publish","type":"post","link":"https:\/\/ostrowskatv.pl\/?p=30962","title":{"rendered":"Zderzenie BMW i Renault (ZDJ\u0118CIA)"},"content":{"rendered":"<p><b>O godzinie 8:00 rano dosz\u0142o do kolizji dw\u00f3ch samochod\u00f3w osobowych na ulicy Krotoszy\u0144skiej w Ostrowie Wielkopolskim. Po mini\u0119ciu skrzy\u017cowania z ulic\u0105 Bzow\u0105 kierowca BMW zatrzyma\u0142 si\u0119, natomiast kierowca Renault uderzy\u0142 z impetem w jego ty\u0142.<\/b><\/p>\n<p>Na miejsce zdarzenia wys\u0142ano zast\u0119py stra\u017cy po\u017carnej oraz policj\u0119. Ruch odbywa\u0142 si\u0119 wahad\u0142owo do czasu ustalenia przebiegu zdarzenia i zbadania stanu trze\u017awo\u015bci.<\/p>\n<p>Sprawc\u0105 okaza\u0142 si\u0119 oko\u0142o 30-40-letni m\u0119\u017cczyzna, kt\u00f3ry w trakcie jazdy zachowywa\u0142 si\u0119 w spos\u00f3b niepokoj\u0105cy m.in. puka\u0142 si\u0119 w g\u0142ow\u0119 przed zdarzeniem co zauwa\u017cy\u0142 w lusterku kierowca BMW.<\/p>\n<p><img loading=\"lazy\" decoding=\"async\" src=\"https:\/\/ostrowskatv.pl\/wp-content\/uploads\/2024\/08\/1000079315.jpg\" alt=\"\" width=\"1920\" height=\"1081\" class=\"alignnone size-full wp-image-30967\" srcset=\"https:\/\/ostrowskatv.pl\/wp-content\/uploads\/2024\/08\/1000079315.jpg 1920w, https:\/\/ostrowskatv.pl\/wp-content\/uploads\/2024\/08\/1000079315-300x169.jpg 300w, https:\/\/ostrowskatv.pl\/wp-content\/uploads\/2024\/08\/1000079315-1333x751.jpg 1333w, https:\/\/ostrowskatv.pl\/wp-content\/uploads\/2024\/08\/1000079315-1536x865.jpg 1536w\" sizes=\"auto, (max-width: 1920px) 100vw, 1920px\" \/><\/p>\n<p><img loading=\"lazy\" decoding=\"async\" src=\"https:\/\/ostrowskatv.pl\/wp-content\/uploads\/2024\/08\/1000079339.jpg\" alt=\"\" width=\"1920\" height=\"1061\" class=\"alignnone size-full wp-image-30966\" srcset=\"https:\/\/ostrowskatv.pl\/wp-content\/uploads\/2024\/08\/1000079339.jpg 1920w, https:\/\/ostrowskatv.pl\/wp-content\/uploads\/2024\/08\/1000079339-300x166.jpg 300w, https:\/\/ostrowskatv.pl\/wp-content\/uploads\/2024\/08\/1000079339-1333x737.jpg 1333w, https:\/\/ostrowskatv.pl\/wp-content\/uploads\/2024\/08\/1000079339-1536x849.jpg 1536w\" sizes=\"auto, (max-width: 1920px) 100vw, 1920px\" \/><\/p>\n<p><img loading=\"lazy\" decoding=\"async\" src=\"https:\/\/ostrowskatv.pl\/wp-content\/uploads\/2024\/08\/1000079338.jpg\" alt=\"\" width=\"1920\" height=\"1081\" class=\"alignnone size-full wp-image-30965\" srcset=\"https:\/\/ostrowskatv.pl\/wp-content\/uploads\/2024\/08\/1000079338.jpg 1920w, https:\/\/ostrowskatv.pl\/wp-content\/uploads\/2024\/08\/1000079338-300x169.jpg 300w, https:\/\/ostrowskatv.pl\/wp-content\/uploads\/2024\/08\/1000079338-1333x751.jpg 1333w, https:\/\/ostrowskatv.pl\/wp-content\/uploads\/2024\/08\/1000079338-1536x865.jpg 1536w\" sizes=\"auto, (max-width: 1920px) 100vw, 1920px\" \/><\/p>\n<p><img loading=\"lazy\" decoding=\"async\" src=\"https:\/\/ostrowskatv.pl\/wp-content\/uploads\/2024\/08\/1000079337.jpg\" alt=\"\" width=\"1920\" height=\"1081\" class=\"alignnone size-full wp-image-30964\" srcset=\"https:\/\/ostrowskatv.pl\/wp-content\/uploads\/2024\/08\/1000079337.jpg 1920w, https:\/\/ostrowskatv.pl\/wp-content\/uploads\/2024\/08\/1000079337-300x169.jpg 300w, https:\/\/ostrowskatv.pl\/wp-content\/uploads\/2024\/08\/1000079337-1333x751.jpg 1333w, https:\/\/ostrowskatv.pl\/wp-content\/uploads\/2024\/08\/1000079337-1536x865.jpg 1536w\" sizes=\"auto, (max-width: 1920px) 100vw, 1920px\" \/><\/p>\n<p><img loading=\"lazy\" decoding=\"async\" src=\"https:\/\/ostrowskatv.pl\/wp-content\/uploads\/2024\/08\/1000079336.jpg\" alt=\"\" width=\"1919\" height=\"1078\" class=\"alignnone size-full wp-image-30963\" srcset=\"https:\/\/ostrowskatv.pl\/wp-content\/uploads\/2024\/08\/1000079336.jpg 1919w, https:\/\/ostrowskatv.pl\/wp-content\/uploads\/2024\/08\/1000079336-300x169.jpg 300w, https:\/\/ostrowskatv.pl\/wp-content\/uploads\/2024\/08\/1000079336-1333x749.jpg 1333w, https:\/\/ostrowskatv.pl\/wp-content\/uploads\/2024\/08\/1000079336-1536x863.jpg 1536w\" sizes=\"auto, (max-width: 1919px) 100vw, 1919px\" \/><\/p>\n","protected":false},"excerpt":{"rendered":"O godzinie 8:00 rano dosz\u0142o do kolizji dw\u00f3ch samochod\u00f3w osobowych na ulicy Krotoszy\u0144skiej w Ostrowie Wielkopolskim. Po mini\u0119ciu skrzy\u017cowania z ulic\u0105 Bzow\u0105 kierowca \n<a class=\"moretag\" href=\"https:\/\/ostrowskatv.pl\/?p=30962\"> [...]<\/a>","protected":false},"author":1,"featured_media":30965,"comment_status":"open","ping_status":"closed","sticky":false,"template":"","format":"standard","meta":{"footnotes":""},"categories":[1],"tags":[2],"class_list":["post-30962","post","type-post","status-publish","format-standard","has-post-thumbnail","hentry","category-news","tag-ostrow-wielkopolski"],"_links":{"self":[{"href":"https:\/\/ostrowskatv.pl\/index.php?rest_route=\/wp\/v2\/posts\/30962","targetHints":{"allow":["GET"]}}],"collection":[{"href":"https:\/\/ostrowskatv.pl\/index.php?rest_route=\/wp\/v2\/posts"}],"about":[{"href":"https:\/\/ostrowskatv.pl\/index.php?rest_route=\/wp\/v2\/types\/post"}],"author":[{"embeddable":true,"href":"https:\/\/ostrowskatv.pl\/index.php?rest_route=\/wp\/v2\/users\/1"}],"replies":[{"embeddable":true,"href":"https:\/\/ostrowskatv.pl\/index.php?rest_route=%2Fwp%2Fv2%2Fcomments&post=30962"}],"version-history":[{"count":0,"href":"https:\/\/ostrowskatv.pl\/index.php?rest_route=\/wp\/v2\/posts\/30962\/revisions"}],"wp:featuredmedia":[{"embeddable":true,"href":"https:\/\/ostrowskatv.pl\/index.php?rest_route=\/wp\/v2\/media\/30965"}],"wp:attachment":[{"href":"https:\/\/ostrowskatv.pl\/index.php?rest_route=%2Fwp%2Fv2%2Fmedia&parent=30962"}],"wp:term":[{"taxonomy":"category","embeddable":true,"href":"https:\/\/ostrowskatv.pl\/index.php?rest_route=%2Fwp%2Fv2%2Fcategories&post=30962"},{"taxonomy":"post_tag","embeddable":true,"href":"https:\/\/ostrowskatv.pl\/index.php?rest_route=%2Fwp%2Fv2%2Ftags&post=30962"}],"curies":[{"name":"wp","href":"https:\/\/api.w.org\/{rel}","templated":true}]}}