{"id":30960,"date":"2024-08-11T18:58:39","date_gmt":"2024-08-11T17:58:39","guid":{"rendered":"https:\/\/ostrowskatv.pl\/?p=30960"},"modified":"2024-08-11T18:58:39","modified_gmt":"2024-08-11T17:58:39","slug":"wiadomo-kto-uzytkowal-auto-z-pozostawionym-dzieckiem-zdjecia","status":"publish","type":"post","link":"https:\/\/ostrowskatv.pl\/?p=30960","title":{"rendered":"Wiadomo kto u\u017cytkowa\u0142 auto z pozostawionym dzieckiem (ZDJ\u0118CIA)"},"content":{"rendered":"<p><strong>Na jaw wychodz\u0105 nowe fakty dotycz\u0105ce pozostawienia oko\u0142o 2,5-rocznego dziecka w \u015brodku nocy w zamkni\u0119tym samochodzie. Do ujawnienia \u015bpi\u0105cej dziewczynki dosz\u0142o po godzinie 2 w nocy na ulicy Majdan w Ostrowie Wielkopolskim.<\/strong><\/p>\n<p>W samochodzie Volkswagen Golf na tylnym prawym miejscu, w fotelu spa\u0142a ma\u0142a dziewczynka. Poniewa\u017c by\u0142 zamkni\u0119ty i nie by\u0142o kontaktu z rodzicami oraz babci\u0105 dziecka, na kt\u00f3r\u0105 zarejestrowano pojazd, dlatego wezwano stra\u017cak\u00f3w, kt\u00f3rzy wybili szyb\u0119 od strony kierowcy. <\/p>\n<p>Ostatecznie policjantom uda\u0142o si\u0119 dotrze\u0107 do rodziny i przekaza\u0107 dziecko. Sprawa trafi do s\u0105du rodzinnego. Dzi\u015b policjanci z uwagi na dobro \u015bledztwa nie podawali bli\u017cszych informacji. <\/p>\n<p>Jak uda\u0142o nam si\u0119 ustali\u0107, samoch\u00f3d u\u017cytkowa\u0142 mieszkaniec gminy Nowe Skalmierzyce, kt\u00f3ry zajmuje si\u0119 dzia\u0142alno\u015bci\u0105 szkoleniowo-sportow\u0105 dla dzieci. Nie wiemy jednak czy to on pozostawi\u0142 dziecko w samochodzie.<\/p>\n<p>Okoliczni mieszka\u0144cy nie kojarzyli by wcze\u015bniej ten samoch\u00f3d tam parkowa\u0142 i do kogo m\u00f3g\u0142by nale\u017ce\u0107.<\/p>\n<p><img loading=\"lazy\" decoding=\"async\" src=\"https:\/\/ostrowskatv.pl\/wp-content\/uploads\/2024\/08\/1000079210.jpg\" alt=\"\" width=\"1920\" height=\"1039\" class=\"alignnone size-full wp-image-30959\" srcset=\"https:\/\/ostrowskatv.pl\/wp-content\/uploads\/2024\/08\/1000079210.jpg 1920w, https:\/\/ostrowskatv.pl\/wp-content\/uploads\/2024\/08\/1000079210-300x162.jpg 300w, https:\/\/ostrowskatv.pl\/wp-content\/uploads\/2024\/08\/1000079210-1333x721.jpg 1333w, https:\/\/ostrowskatv.pl\/wp-content\/uploads\/2024\/08\/1000079210-1536x831.jpg 1536w\" sizes=\"auto, (max-width: 1920px) 100vw, 1920px\" \/><\/p>\n<p><img loading=\"lazy\" decoding=\"async\" src=\"https:\/\/ostrowskatv.pl\/wp-content\/uploads\/2024\/08\/1000079211.jpg\" alt=\"\" width=\"1920\" height=\"1081\" class=\"alignnone size-full wp-image-30958\" srcset=\"https:\/\/ostrowskatv.pl\/wp-content\/uploads\/2024\/08\/1000079211.jpg 1920w, https:\/\/ostrowskatv.pl\/wp-content\/uploads\/2024\/08\/1000079211-300x169.jpg 300w, https:\/\/ostrowskatv.pl\/wp-content\/uploads\/2024\/08\/1000079211-1333x751.jpg 1333w, https:\/\/ostrowskatv.pl\/wp-content\/uploads\/2024\/08\/1000079211-1536x865.jpg 1536w\" sizes=\"auto, (max-width: 1920px) 100vw, 1920px\" \/><\/p>\n<p><img loading=\"lazy\" decoding=\"async\" src=\"https:\/\/ostrowskatv.pl\/wp-content\/uploads\/2024\/08\/1000079212.jpg\" alt=\"\" width=\"1920\" height=\"1081\" class=\"alignnone size-full wp-image-30957\" srcset=\"https:\/\/ostrowskatv.pl\/wp-content\/uploads\/2024\/08\/1000079212.jpg 1920w, https:\/\/ostrowskatv.pl\/wp-content\/uploads\/2024\/08\/1000079212-300x169.jpg 300w, https:\/\/ostrowskatv.pl\/wp-content\/uploads\/2024\/08\/1000079212-1333x751.jpg 1333w, https:\/\/ostrowskatv.pl\/wp-content\/uploads\/2024\/08\/1000079212-1536x865.jpg 1536w\" sizes=\"auto, (max-width: 1920px) 100vw, 1920px\" \/><\/p>\n<p><img loading=\"lazy\" decoding=\"async\" src=\"https:\/\/ostrowskatv.pl\/wp-content\/uploads\/2024\/08\/1000079213.jpg\" alt=\"\" width=\"1920\" height=\"1081\" class=\"alignnone size-full wp-image-30956\" srcset=\"https:\/\/ostrowskatv.pl\/wp-content\/uploads\/2024\/08\/1000079213.jpg 1920w, https:\/\/ostrowskatv.pl\/wp-content\/uploads\/2024\/08\/1000079213-300x169.jpg 300w, https:\/\/ostrowskatv.pl\/wp-content\/uploads\/2024\/08\/1000079213-1333x751.jpg 1333w, https:\/\/ostrowskatv.pl\/wp-content\/uploads\/2024\/08\/1000079213-1536x865.jpg 1536w\" sizes=\"auto, (max-width: 1920px) 100vw, 1920px\" \/><\/p>\n<p><img loading=\"lazy\" decoding=\"async\" src=\"https:\/\/ostrowskatv.pl\/wp-content\/uploads\/2024\/08\/1000079215.jpg\" alt=\"\" width=\"1920\" height=\"1402\" class=\"alignnone size-full wp-image-30955\" srcset=\"https:\/\/ostrowskatv.pl\/wp-content\/uploads\/2024\/08\/1000079215.jpg 1920w, https:\/\/ostrowskatv.pl\/wp-content\/uploads\/2024\/08\/1000079215-300x219.jpg 300w, https:\/\/ostrowskatv.pl\/wp-content\/uploads\/2024\/08\/1000079215-1333x973.jpg 1333w, https:\/\/ostrowskatv.pl\/wp-content\/uploads\/2024\/08\/1000079215-1536x1122.jpg 1536w\" sizes=\"auto, (max-width: 1920px) 100vw, 1920px\" \/><\/p>\n","protected":false},"excerpt":{"rendered":"Na jaw wychodz\u0105 nowe fakty dotycz\u0105ce pozostawienia oko\u0142o 2,5-rocznego dziecka w \u015brodku nocy w zamkni\u0119tym samochodzie. Do ujawnienia \u015bpi\u0105cej dziewczynki dosz\u0142o po godzinie \n<a class=\"moretag\" href=\"https:\/\/ostrowskatv.pl\/?p=30960\"> [...]<\/a>","protected":false},"author":1,"featured_media":30958,"comment_status":"open","ping_status":"closed","sticky":false,"template":"","format":"standard","meta":{"footnotes":""},"categories":[1],"tags":[2],"class_list":["post-30960","post","type-post","status-publish","format-standard","has-post-thumbnail","hentry","category-news","tag-ostrow-wielkopolski"],"_links":{"self":[{"href":"https:\/\/ostrowskatv.pl\/index.php?rest_route=\/wp\/v2\/posts\/30960","targetHints":{"allow":["GET"]}}],"collection":[{"href":"https:\/\/ostrowskatv.pl\/index.php?rest_route=\/wp\/v2\/posts"}],"about":[{"href":"https:\/\/ostrowskatv.pl\/index.php?rest_route=\/wp\/v2\/types\/post"}],"author":[{"embeddable":true,"href":"https:\/\/ostrowskatv.pl\/index.php?rest_route=\/wp\/v2\/users\/1"}],"replies":[{"embeddable":true,"href":"https:\/\/ostrowskatv.pl\/index.php?rest_route=%2Fwp%2Fv2%2Fcomments&post=30960"}],"version-history":[{"count":0,"href":"https:\/\/ostrowskatv.pl\/index.php?rest_route=\/wp\/v2\/posts\/30960\/revisions"}],"wp:featuredmedia":[{"embeddable":true,"href":"https:\/\/ostrowskatv.pl\/index.php?rest_route=\/wp\/v2\/media\/30958"}],"wp:attachment":[{"href":"https:\/\/ostrowskatv.pl\/index.php?rest_route=%2Fwp%2Fv2%2Fmedia&parent=30960"}],"wp:term":[{"taxonomy":"category","embeddable":true,"href":"https:\/\/ostrowskatv.pl\/index.php?rest_route=%2Fwp%2Fv2%2Fcategories&post=30960"},{"taxonomy":"post_tag","embeddable":true,"href":"https:\/\/ostrowskatv.pl\/index.php?rest_route=%2Fwp%2Fv2%2Ftags&post=30960"}],"curies":[{"name":"wp","href":"https:\/\/api.w.org\/{rel}","templated":true}]}}