{"id":3094,"date":"2017-02-03T09:18:30","date_gmt":"2017-02-03T08:18:30","guid":{"rendered":"http:\/\/ostrowska.tv\/?p=3094"},"modified":"2017-02-03T09:18:30","modified_gmt":"2017-02-03T08:18:30","slug":"dziecko-znalezione-w-ostrowskim-oknie-zycia","status":"publish","type":"post","link":"https:\/\/ostrowskatv.pl\/?p=3094","title":{"rendered":"Dziecko znalezione w ostrowskim &#8222;Oknie \u017cycia&#8221;"},"content":{"rendered":"<p><strong>&#8222;Okno \u017cycia&#8221; z ul. Gimnazjalnej w Ostrowie Wlkp. zadzia\u0142a\u0142o. Dzi\u015b rano ok. godz. 6:00 znaleziono w nim ch\u0142opczyka. Gdy trafi\u0142 do ostrowskiego szpitala, lekarze okre\u015blili jego stan jako \u015bredni. Powodem by\u0142o wych\u0142odzenie organizmu noworodka.<\/strong><\/p>\n","protected":false},"excerpt":{"rendered":"&#8222;Okno \u017cycia&#8221; z ul. Gimnazjalnej w Ostrowie Wlkp. zadzia\u0142a\u0142o. Dzi\u015b rano ok. godz. 6:00 znaleziono w nim ch\u0142opczyka. Gdy trafi\u0142 do ostrowskiego szpitala, \n<a class=\"moretag\" href=\"https:\/\/ostrowskatv.pl\/?p=3094\"> [...]<\/a>","protected":false},"author":1,"featured_media":3096,"comment_status":"open","ping_status":"open","sticky":false,"template":"","format":"standard","meta":{"footnotes":""},"categories":[1],"tags":[],"class_list":["post-3094","post","type-post","status-publish","format-standard","has-post-thumbnail","hentry","category-news"],"_links":{"self":[{"href":"https:\/\/ostrowskatv.pl\/index.php?rest_route=\/wp\/v2\/posts\/3094","targetHints":{"allow":["GET"]}}],"collection":[{"href":"https:\/\/ostrowskatv.pl\/index.php?rest_route=\/wp\/v2\/posts"}],"about":[{"href":"https:\/\/ostrowskatv.pl\/index.php?rest_route=\/wp\/v2\/types\/post"}],"author":[{"embeddable":true,"href":"https:\/\/ostrowskatv.pl\/index.php?rest_route=\/wp\/v2\/users\/1"}],"replies":[{"embeddable":true,"href":"https:\/\/ostrowskatv.pl\/index.php?rest_route=%2Fwp%2Fv2%2Fcomments&post=3094"}],"version-history":[{"count":0,"href":"https:\/\/ostrowskatv.pl\/index.php?rest_route=\/wp\/v2\/posts\/3094\/revisions"}],"wp:featuredmedia":[{"embeddable":true,"href":"https:\/\/ostrowskatv.pl\/index.php?rest_route=\/wp\/v2\/media\/3096"}],"wp:attachment":[{"href":"https:\/\/ostrowskatv.pl\/index.php?rest_route=%2Fwp%2Fv2%2Fmedia&parent=3094"}],"wp:term":[{"taxonomy":"category","embeddable":true,"href":"https:\/\/ostrowskatv.pl\/index.php?rest_route=%2Fwp%2Fv2%2Fcategories&post=3094"},{"taxonomy":"post_tag","embeddable":true,"href":"https:\/\/ostrowskatv.pl\/index.php?rest_route=%2Fwp%2Fv2%2Ftags&post=3094"}],"curies":[{"name":"wp","href":"https:\/\/api.w.org\/{rel}","templated":true}]}}