{"id":30897,"date":"2024-08-06T12:35:46","date_gmt":"2024-08-06T11:35:46","guid":{"rendered":"https:\/\/ostrowskatv.pl\/?p=30897"},"modified":"2024-08-06T12:35:46","modified_gmt":"2024-08-06T11:35:46","slug":"zbieraja-podpisy-za-koleja-duzych-predkosci-czy-bedzie-dla-kazdego","status":"publish","type":"post","link":"https:\/\/ostrowskatv.pl\/?p=30897","title":{"rendered":"Zbieraj\u0105 podpisy za kolej\u0105 du\u017cych pr\u0119dko\u015bci. Czy b\u0119dzie dla ka\u017cdego?"},"content":{"rendered":"<p><strong>Temat Kolei Du\u017cych Pr\u0119dko\u015bci powraca jak bumerang. Tym razem stowarzyszenie KoLiber (konserwatywno-liberalne) prowadzi akcj\u0119 zbierania podpis\u00f3w za pierwotnym projektem KDP oraz b\u0119dzie namawia\u0107 samkrz\u0105dowc\u00f3w do wsp\u00f3lnej walki przeciwko wykluczeniu mieszka\u0144c\u00f3w aglomeracji kalisko-ostrowskiej w dost\u0119pie do tego \u015brodka lokomocji.<\/strong><\/p>\n<p>Zanim jednak przedstawimy stanowiska stowarzyszenia oraz obecnego dzi\u015b pos\u0142a Szymona Szynkowskiego vel. S\u0119k, warto wyja\u015bni\u0107 kilka kluczowych fakt\u00f3w. <\/p>\n<p>W Europie Zachodniej Kolej Du\u017cych Pr\u0119dko\u015bci jest \u015brednio 5 razy dro\u017csza. Przyk\u0142adowo podr\u00f3\u017c autokarem z Brukseli do Pary\u017ca kosztuje 80 z\u0142otych i trwa 4 godziny. Jazda szybkim poci\u0105giem trwa 1 godzin\u0119 i 20 minut, ale kosztuje 5 razy dro\u017cej. Dodajmy, \u017ce trasa ma oko\u0142o 300 kilometr\u00f3w. Pytanie brzmi kogo w Polsce b\u0119dzie sta\u0107, \u017ceby korzysta\u0107 z Kolei Du\u017cych Pr\u0119dko\u015bci. Trudno sobie wyobrazi\u0107, \u017ceby mieszkaniec Ostrowa Wlkp. czy Kalisza nocowa\u0142 u siebie i doje\u017cd\u017ca\u0142 do pracy do du\u017cego miasta. <\/p>\n<p>Obecnie podr\u00f3\u017c z Ostrowa Wlkp. do Poznania trwa nieca\u0142e 90 minut, a do Warszawy niewiele ponad 3 godziny. Czy warto wydawa\u0107 miliardy z\u0142otych na Kolej Du\u017cych Pr\u0119dko\u015bci, a zw\u0142aszcza czy ostrowianie wiele na tym zyskaj\u0105? <\/p>\n<blockquote><p>Dzi\u0119ki podj\u0119tej przez pos\u0142ank\u0119 Paulin\u0105 Matysiak oraz pana pos\u0142a Marcina Hora\u0142\u0119, kt\u00f3rzy zainicjowali akcj\u0119 &#8222;tak dla rozwoju&#8221; postanowili\u015bmy jako ca\u0142e Stowarzyszenie Og\u00f3lnopolskie w\u0142\u0105czy\u0107 si\u0119 w zbi\u00f3rk\u0119 podpis\u00f3w &#8222;Tak dla CPK&#8221;, gdy\u017c uwa\u017camy, \u017ce takie inicjatywy nie mog\u0105 by\u0107 upartyjnione. Musz\u0105 by\u0107 kontynuowane najlepiej w pierwotnej wersji i b\u0119dziemy te\u017c tutaj w Ostrowie i w Kaliszu, za chwil\u0119 jedziemy do Rawicza, ale te\u017c og\u00f3lnopolsko we wszystkich tych miastach, gdzie mamy oddzia\u0142y, a jest ich ponad 16 w ka\u017cdym mie\u015bcie wojew\u00f3dzkim, b\u0119dziemy zbiera\u0107 podpisy &#8222;Tak dla CPK gdy\u017c uwa\u017camy t\u0105 inwestycj\u0119 za strategiczn\u0105 dla rozwoju, nie tylko dla nas, ale na pokolenia i dlatego w\u0142a\u015bnie postanowili\u015bmy w\u0142\u0105czy\u0107 si\u0119 w t\u0105 zbi\u00f3rk\u0119. Wiemy, \u017ce presja ma sens. M\u00f3wi\u0142em te\u017c chocia\u017cby o tym na debacie transportowej, kt\u00f3ra odby\u0142a si\u0119 w Kaliszu, chocia\u017cby o przywr\u00f3ceniu po\u0142\u0105cze\u0144 mi\u0119dzy Lesznem a Warszaw\u0105, gdy\u017c takich bezpo\u015brednich po\u0142\u0105cze\u0144 nie ma tutaj. Nasza Po\u0142udniowa Wielkopolska jest do\u015b\u0107 mocno wykluczona komunikacyjnie i aglomeracja kalisko-ostrowska nie mo\u017ce by\u0107 pomijana w tych du\u017cych projektach infrastrukturalnych gdy\u017c wtedy zaczniemy tak naprawd\u0119 ludzie zaczn\u0105 st\u0105d wyje\u017cd\u017ca\u0107 gdy\u017c bez dobrych i szybkich po\u0142\u0105cze\u0144 do du\u017cych aglomeracji nie b\u0119dziemy w stanie si\u0119 rozwija\u0107.\n<\/p><\/blockquote>\n<p>&#8211; powiedzia\u0142 na konferencji prasowej Pawe\u0142 Wo\u0142oszczuk, Stowarzyszenie KoLiber.<\/p>\n<blockquote><p>Bardzo si\u0119 ciesz\u0119, \u017ce mog\u0119 by\u0107 na tej niezwykle wa\u017cnej nie tylko spo\u0142ecznie, ale przede wszystkim dla mnie osobi\u015bcie, tak\u017ce jako ostrowianina i pracownika kolejowego z pokolenia na pokolenie, konferencji prasowej wa\u017cnej. &#8222;Ostr\u00f3w miastem kolejarzy&#8221; &#8211; has\u0142o pi\u0119kne, tradycja pi\u0119kna. Gdzie ona jest dzisiaj? Zapewne wszyscy zachodzimy w g\u0142ow\u0119. Niestety, ale nasze miasto jak na razie nie podejmowa\u0142o wi\u0119kszych dzia\u0142a\u0144 na rzecz tego aby zaanga\u017cowa\u0107 nas w projekt KDP, kt\u00f3ry mo\u017ce by\u0107 pobudzaj\u0105cy dla wielu miast typu stutysi\u0119czniki. Miasta powiatowe jako w\u0142a\u015bnie czynnik pobudzaj\u0105cy nie tylko inwestycje transportowe, ale \u017cycie spo\u0142eczne, \u017cycie gospodarcze. Takich przyk\u0142ad\u00f3w miast, kt\u00f3re swoj\u0105 w\u0142asn\u0105 presj\u0105 jako jednostki samorz\u0105du terytorialnego, ale tak\u017ce presj\u0105 spo\u0142eczn\u0105 wywalczy\u0142y udzia\u0142 w KDP mo\u017cemy mno\u017cy\u0107, a najbli\u017cej mamy 20 ponad kilometr\u00f3w dalej Kalisz. Uwa\u017cam, \u017ce my jako mieszka\u0144cy Ostrowa Wielkopolskiego, ale przede wszystkim to jak w\u0142a\u015bnie te inne miasta dzia\u0142a\u0142y. Czyli w\u0142adze miast. prezydent, rada miasta powinny wychodzi\u0107 na forum polityki centralnej i upomina\u0107 si\u0119 o wielkie inwestycje dla Ostrowa Wielkopolskiego jako stacji w\u0119z\u0142owej. \u0141\u0105cz\u0105 si\u0119 u nas trzy linie kolejowe. Takich stacji nie pozosta\u0142o wiele w Polsce. Wykorzystajmy potencja\u0142 kolejowy Ostrowa Wielkopolskiego.<\/p><\/blockquote>\n<p> &#8211; m\u00f3wi\u0142 Norbert Kustosz ze Stowarzyszenia KoLiber.<\/p>\n<blockquote><p>S\u0105 to strategiczne projekty dla ich codziennego \u017cycia jak wa\u017cne s\u0105 po\u0142\u0105czenia kolejowe dla ich mo\u017cliwo\u015bci dojechania do pracy, ale te\u017c dla rozwoju ca\u0142ej gospodarki. &#8211; przekonywa\u0142 pose\u0142 PiS Szymon Szynkowski vel S\u0119k.<\/p><\/blockquote>\n<p>Pose\u0142 Szynkowski vel S\u0119k uwa\u017ca, \u017ce powinno si\u0119 wr\u00f3ci\u0107 do pierwotnej koncepcji CPK, poniewa\u017c obecna wyklucza 90% mieszka\u0144c\u00f3w kraju. <\/p>\n<figure id=\"attachment_30900\" aria-describedby=\"caption-attachment-30900\" style=\"width: 1920px\" class=\"wp-caption alignnone\"><img loading=\"lazy\" decoding=\"async\" src=\"https:\/\/ostrowskatv.pl\/wp-content\/uploads\/2024\/08\/1000078474.jpg\" alt=\"\" width=\"1920\" height=\"1172\" class=\"size-full wp-image-30900\" srcset=\"https:\/\/ostrowskatv.pl\/wp-content\/uploads\/2024\/08\/1000078474.jpg 1920w, https:\/\/ostrowskatv.pl\/wp-content\/uploads\/2024\/08\/1000078474-300x183.jpg 300w, https:\/\/ostrowskatv.pl\/wp-content\/uploads\/2024\/08\/1000078474-1333x814.jpg 1333w, https:\/\/ostrowskatv.pl\/wp-content\/uploads\/2024\/08\/1000078474-1536x938.jpg 1536w\" sizes=\"auto, (max-width: 1920px) 100vw, 1920px\" \/><figcaption id=\"caption-attachment-30900\" class=\"wp-caption-text\">Od lewej: Nortbert Kustosz, Szymon Szynkowski vel S\u0119k, Pawe\u0142 Wo\u0142oszczuk<\/figcaption><\/figure>\n","protected":false},"excerpt":{"rendered":"Temat Kolei Du\u017cych Pr\u0119dko\u015bci powraca jak bumerang. Tym razem stowarzyszenie KoLiber (konserwatywno-liberalne) prowadzi akcj\u0119 zbierania podpis\u00f3w za pierwotnym projektem KDP oraz b\u0119dzie namawia\u0107 \n<a class=\"moretag\" href=\"https:\/\/ostrowskatv.pl\/?p=30897\"> [...]<\/a>","protected":false},"author":1,"featured_media":30901,"comment_status":"open","ping_status":"closed","sticky":false,"template":"","format":"standard","meta":{"footnotes":""},"categories":[1],"tags":[199],"class_list":["post-30897","post","type-post","status-publish","format-standard","has-post-thumbnail","hentry","category-news","tag-pociag"],"_links":{"self":[{"href":"https:\/\/ostrowskatv.pl\/index.php?rest_route=\/wp\/v2\/posts\/30897","targetHints":{"allow":["GET"]}}],"collection":[{"href":"https:\/\/ostrowskatv.pl\/index.php?rest_route=\/wp\/v2\/posts"}],"about":[{"href":"https:\/\/ostrowskatv.pl\/index.php?rest_route=\/wp\/v2\/types\/post"}],"author":[{"embeddable":true,"href":"https:\/\/ostrowskatv.pl\/index.php?rest_route=\/wp\/v2\/users\/1"}],"replies":[{"embeddable":true,"href":"https:\/\/ostrowskatv.pl\/index.php?rest_route=%2Fwp%2Fv2%2Fcomments&post=30897"}],"version-history":[{"count":0,"href":"https:\/\/ostrowskatv.pl\/index.php?rest_route=\/wp\/v2\/posts\/30897\/revisions"}],"wp:featuredmedia":[{"embeddable":true,"href":"https:\/\/ostrowskatv.pl\/index.php?rest_route=\/wp\/v2\/media\/30901"}],"wp:attachment":[{"href":"https:\/\/ostrowskatv.pl\/index.php?rest_route=%2Fwp%2Fv2%2Fmedia&parent=30897"}],"wp:term":[{"taxonomy":"category","embeddable":true,"href":"https:\/\/ostrowskatv.pl\/index.php?rest_route=%2Fwp%2Fv2%2Fcategories&post=30897"},{"taxonomy":"post_tag","embeddable":true,"href":"https:\/\/ostrowskatv.pl\/index.php?rest_route=%2Fwp%2Fv2%2Ftags&post=30897"}],"curies":[{"name":"wp","href":"https:\/\/api.w.org\/{rel}","templated":true}]}}