{"id":30860,"date":"2024-08-05T12:24:31","date_gmt":"2024-08-05T11:24:31","guid":{"rendered":"https:\/\/ostrowskatv.pl\/?p=30860"},"modified":"2024-08-05T13:16:35","modified_gmt":"2024-08-05T12:16:35","slug":"znany-trener-uslyszal-wyrok","status":"publish","type":"post","link":"https:\/\/ostrowskatv.pl\/?p=30860","title":{"rendered":"Znany trener us\u0142ysza\u0142 wyrok"},"content":{"rendered":"<p>S\u0119dzia Tomasz Kasprzak z S\u0105du Rejonowego w Ostrowie Wielkopolskim wymierzy\u0142 mu kar\u0119 4 lat pozbawienia wolno\u015bci, do\u017cywotni zakaz zajmowania stanowisk zwi\u0105zanych z zajmowaniem si\u0119 i opiek\u0105 nad ma\u0142oletnim, a tak\u017ce 10-letni zakaz zbli\u017cania si\u0119 na odleg\u0142o\u015b\u0107 mniejsza ni\u017c 20 metr\u00f3w do pokrzywdzonego. Ponadto ma zap\u0142aci\u0107 50 tysi\u0119cy zado\u015b\u0107uczynienia.<\/p>\n<p>Z uwagi na charakter sprawy uzasadnienie wyroku jest niejawne.<\/p>\n<p>Wyrok nie jest prawomocny. <\/p>\n<p>By\u0142y trener Pawe\u0142 R. powiedzia\u0142, \u017ce ca\u0142kowicie nie zgadza si\u0119 z wyrokiem i b\u0119dzie si\u0119 odwo\u0142ywa\u0107 i nie zamierza przeprasza\u0107 osob\u0119, kt\u00f3ra wyst\u0119puje w sprawie jako pokrzywdzona.<\/p>\n<p><img loading=\"lazy\" decoding=\"async\" src=\"https:\/\/ostrowskatv.pl\/wp-content\/uploads\/2024\/08\/1000078352.jpg\" alt=\"\" width=\"1884\" height=\"994\" class=\"alignnone size-full wp-image-30861\" srcset=\"https:\/\/ostrowskatv.pl\/wp-content\/uploads\/2024\/08\/1000078352.jpg 1884w, https:\/\/ostrowskatv.pl\/wp-content\/uploads\/2024\/08\/1000078352-300x158.jpg 300w, https:\/\/ostrowskatv.pl\/wp-content\/uploads\/2024\/08\/1000078352-1333x703.jpg 1333w, https:\/\/ostrowskatv.pl\/wp-content\/uploads\/2024\/08\/1000078352-1536x810.jpg 1536w\" sizes=\"auto, (max-width: 1884px) 100vw, 1884px\" \/><\/p>\n<p><img loading=\"lazy\" decoding=\"async\" src=\"https:\/\/ostrowskatv.pl\/wp-content\/uploads\/2024\/08\/1000078335.jpg\" alt=\"\" width=\"1920\" height=\"1081\" class=\"alignnone size-full wp-image-30862\" srcset=\"https:\/\/ostrowskatv.pl\/wp-content\/uploads\/2024\/08\/1000078335.jpg 1920w, https:\/\/ostrowskatv.pl\/wp-content\/uploads\/2024\/08\/1000078335-300x169.jpg 300w, https:\/\/ostrowskatv.pl\/wp-content\/uploads\/2024\/08\/1000078335-1333x751.jpg 1333w, https:\/\/ostrowskatv.pl\/wp-content\/uploads\/2024\/08\/1000078335-1536x865.jpg 1536w\" sizes=\"auto, (max-width: 1920px) 100vw, 1920px\" \/><\/p>\n<p><img loading=\"lazy\" decoding=\"async\" src=\"https:\/\/ostrowskatv.pl\/wp-content\/uploads\/2024\/08\/1000078346.jpg\" alt=\"\" width=\"1920\" height=\"854\" class=\"alignnone size-full wp-image-30863\" srcset=\"https:\/\/ostrowskatv.pl\/wp-content\/uploads\/2024\/08\/1000078346.jpg 1920w, https:\/\/ostrowskatv.pl\/wp-content\/uploads\/2024\/08\/1000078346-300x133.jpg 300w, https:\/\/ostrowskatv.pl\/wp-content\/uploads\/2024\/08\/1000078346-1333x593.jpg 1333w, https:\/\/ostrowskatv.pl\/wp-content\/uploads\/2024\/08\/1000078346-1536x683.jpg 1536w\" sizes=\"auto, (max-width: 1920px) 100vw, 1920px\" \/><\/p>\n<p><img loading=\"lazy\" decoding=\"async\" src=\"https:\/\/ostrowskatv.pl\/wp-content\/uploads\/2024\/08\/1000078347.jpg\" alt=\"\" width=\"1846\" height=\"1066\" class=\"alignnone size-full wp-image-30864\" srcset=\"https:\/\/ostrowskatv.pl\/wp-content\/uploads\/2024\/08\/1000078347.jpg 1846w, https:\/\/ostrowskatv.pl\/wp-content\/uploads\/2024\/08\/1000078347-300x173.jpg 300w, https:\/\/ostrowskatv.pl\/wp-content\/uploads\/2024\/08\/1000078347-1333x770.jpg 1333w, https:\/\/ostrowskatv.pl\/wp-content\/uploads\/2024\/08\/1000078347-1536x887.jpg 1536w\" sizes=\"auto, (max-width: 1846px) 100vw, 1846px\" \/><\/p>\n<p><img loading=\"lazy\" decoding=\"async\" src=\"https:\/\/ostrowskatv.pl\/wp-content\/uploads\/2024\/08\/1000078353.jpg\" alt=\"\" width=\"1184\" height=\"829\" class=\"alignnone size-full wp-image-30865\" srcset=\"https:\/\/ostrowskatv.pl\/wp-content\/uploads\/2024\/08\/1000078353.jpg 1184w, https:\/\/ostrowskatv.pl\/wp-content\/uploads\/2024\/08\/1000078353-300x210.jpg 300w, https:\/\/ostrowskatv.pl\/wp-content\/uploads\/2024\/08\/1000078353-120x85.jpg 120w\" sizes=\"auto, (max-width: 1184px) 100vw, 1184px\" \/><\/p>\n<p><img loading=\"lazy\" decoding=\"async\" src=\"https:\/\/ostrowskatv.pl\/wp-content\/uploads\/2024\/08\/1000078354.jpg\" alt=\"\" width=\"1366\" height=\"762\" class=\"alignnone size-full wp-image-30866\" srcset=\"https:\/\/ostrowskatv.pl\/wp-content\/uploads\/2024\/08\/1000078354.jpg 1366w, https:\/\/ostrowskatv.pl\/wp-content\/uploads\/2024\/08\/1000078354-300x167.jpg 300w, https:\/\/ostrowskatv.pl\/wp-content\/uploads\/2024\/08\/1000078354-1333x744.jpg 1333w\" sizes=\"auto, (max-width: 1366px) 100vw, 1366px\" \/><\/p>\n<p><img loading=\"lazy\" decoding=\"async\" src=\"https:\/\/ostrowskatv.pl\/wp-content\/uploads\/2024\/08\/1000078355-1.jpg\" alt=\"\" width=\"1549\" height=\"877\" class=\"alignnone size-full wp-image-30867\" srcset=\"https:\/\/ostrowskatv.pl\/wp-content\/uploads\/2024\/08\/1000078355-1.jpg 1549w, https:\/\/ostrowskatv.pl\/wp-content\/uploads\/2024\/08\/1000078355-1-300x170.jpg 300w, https:\/\/ostrowskatv.pl\/wp-content\/uploads\/2024\/08\/1000078355-1-1333x755.jpg 1333w, https:\/\/ostrowskatv.pl\/wp-content\/uploads\/2024\/08\/1000078355-1-1536x870.jpg 1536w, https:\/\/ostrowskatv.pl\/wp-content\/uploads\/2024\/08\/1000078355-1-388x220.jpg 388w\" sizes=\"auto, (max-width: 1549px) 100vw, 1549px\" \/><\/p>\n","protected":false},"excerpt":{"rendered":"S\u0119dzia Tomasz Kasprzak z S\u0105du Rejonowego w Ostrowie Wielkopolskim wymierzy\u0142 mu kar\u0119 4 lat pozbawienia wolno\u015bci, do\u017cywotni zakaz zajmowania stanowisk zwi\u0105zanych z zajmowaniem \n<a class=\"moretag\" href=\"https:\/\/ostrowskatv.pl\/?p=30860\"> [...]<\/a>","protected":false},"author":1,"featured_media":30867,"comment_status":"open","ping_status":"closed","sticky":false,"template":"","format":"standard","meta":{"footnotes":""},"categories":[1],"tags":[52],"class_list":["post-30860","post","type-post","status-publish","format-standard","has-post-thumbnail","hentry","category-news","tag-sad"],"_links":{"self":[{"href":"https:\/\/ostrowskatv.pl\/index.php?rest_route=\/wp\/v2\/posts\/30860","targetHints":{"allow":["GET"]}}],"collection":[{"href":"https:\/\/ostrowskatv.pl\/index.php?rest_route=\/wp\/v2\/posts"}],"about":[{"href":"https:\/\/ostrowskatv.pl\/index.php?rest_route=\/wp\/v2\/types\/post"}],"author":[{"embeddable":true,"href":"https:\/\/ostrowskatv.pl\/index.php?rest_route=\/wp\/v2\/users\/1"}],"replies":[{"embeddable":true,"href":"https:\/\/ostrowskatv.pl\/index.php?rest_route=%2Fwp%2Fv2%2Fcomments&post=30860"}],"version-history":[{"count":0,"href":"https:\/\/ostrowskatv.pl\/index.php?rest_route=\/wp\/v2\/posts\/30860\/revisions"}],"wp:featuredmedia":[{"embeddable":true,"href":"https:\/\/ostrowskatv.pl\/index.php?rest_route=\/wp\/v2\/media\/30867"}],"wp:attachment":[{"href":"https:\/\/ostrowskatv.pl\/index.php?rest_route=%2Fwp%2Fv2%2Fmedia&parent=30860"}],"wp:term":[{"taxonomy":"category","embeddable":true,"href":"https:\/\/ostrowskatv.pl\/index.php?rest_route=%2Fwp%2Fv2%2Fcategories&post=30860"},{"taxonomy":"post_tag","embeddable":true,"href":"https:\/\/ostrowskatv.pl\/index.php?rest_route=%2Fwp%2Fv2%2Ftags&post=30860"}],"curies":[{"name":"wp","href":"https:\/\/api.w.org\/{rel}","templated":true}]}}