{"id":30801,"date":"2024-08-04T13:51:43","date_gmt":"2024-08-04T12:51:43","guid":{"rendered":"https:\/\/ostrowskatv.pl\/?p=30801"},"modified":"2024-08-04T13:51:43","modified_gmt":"2024-08-04T12:51:43","slug":"alarm-pozarowy-w-duzej-firmie-zdjecia","status":"publish","type":"post","link":"https:\/\/ostrowskatv.pl\/?p=30801","title":{"rendered":"Alarm po\u017carowy w du\u017cej firmie (ZDJ\u0118CIA)"},"content":{"rendered":"<p><strong>Kwadrans po godzinie 14 stra\u017c po\u017carna otrzyma\u0142a informacj\u0119 o alarmie po\u017carowym na terenie firmy Sklejka-eko przy ulicy Reymonta w Ostrowie Wlkp.<\/strong><\/p>\n<p>Na miejsce skierowano od razu 3 wozy ga\u015bnicze oraz podno\u015bnik. Przy tego typu zak\u0142adach ka\u017cde zg\u0142oszenie nale\u017cy potraktowa\u0107 powa\u017cnie, poniewa\u017c ewentualne pojawienie si\u0119 po\u017caru mog\u0142oby szybko obj\u0105\u0107 znaczn\u0105 cz\u0119\u015b\u0107 zak\u0142adu.<\/p>\n<p>Tym razem okaza\u0142o si\u0119, \u017ce dosz\u0142o do awarii systemu. Zak\u0142ad zosta\u0142 zobowi\u0105zany do jej naprawy.<\/p>\n<p><img loading=\"lazy\" decoding=\"async\" src=\"https:\/\/ostrowskatv.pl\/wp-content\/uploads\/2024\/08\/1000078166.jpg\" alt=\"\" width=\"1920\" height=\"1081\" class=\"alignnone size-full wp-image-30802\" srcset=\"https:\/\/ostrowskatv.pl\/wp-content\/uploads\/2024\/08\/1000078166.jpg 1920w, https:\/\/ostrowskatv.pl\/wp-content\/uploads\/2024\/08\/1000078166-300x169.jpg 300w, https:\/\/ostrowskatv.pl\/wp-content\/uploads\/2024\/08\/1000078166-1333x751.jpg 1333w, https:\/\/ostrowskatv.pl\/wp-content\/uploads\/2024\/08\/1000078166-1536x865.jpg 1536w\" sizes=\"auto, (max-width: 1920px) 100vw, 1920px\" \/><\/p>\n<p><img loading=\"lazy\" decoding=\"async\" src=\"https:\/\/ostrowskatv.pl\/wp-content\/uploads\/2024\/08\/1000078165.jpg\" alt=\"\" width=\"1081\" height=\"1920\" class=\"alignnone size-full wp-image-30803\" srcset=\"https:\/\/ostrowskatv.pl\/wp-content\/uploads\/2024\/08\/1000078165.jpg 1081w, https:\/\/ostrowskatv.pl\/wp-content\/uploads\/2024\/08\/1000078165-169x300.jpg 169w, https:\/\/ostrowskatv.pl\/wp-content\/uploads\/2024\/08\/1000078165-751x1333.jpg 751w, https:\/\/ostrowskatv.pl\/wp-content\/uploads\/2024\/08\/1000078165-865x1536.jpg 865w\" sizes=\"auto, (max-width: 1081px) 100vw, 1081px\" \/><\/p>\n<p><img loading=\"lazy\" decoding=\"async\" src=\"https:\/\/ostrowskatv.pl\/wp-content\/uploads\/2024\/08\/1000078164.jpg\" alt=\"\" width=\"1920\" height=\"1081\" class=\"alignnone size-full wp-image-30804\" srcset=\"https:\/\/ostrowskatv.pl\/wp-content\/uploads\/2024\/08\/1000078164.jpg 1920w, https:\/\/ostrowskatv.pl\/wp-content\/uploads\/2024\/08\/1000078164-300x169.jpg 300w, https:\/\/ostrowskatv.pl\/wp-content\/uploads\/2024\/08\/1000078164-1333x751.jpg 1333w, https:\/\/ostrowskatv.pl\/wp-content\/uploads\/2024\/08\/1000078164-1536x865.jpg 1536w\" sizes=\"auto, (max-width: 1920px) 100vw, 1920px\" \/><\/p>\n<p><img loading=\"lazy\" decoding=\"async\" src=\"https:\/\/ostrowskatv.pl\/wp-content\/uploads\/2024\/08\/1000078163.jpg\" alt=\"\" width=\"1920\" height=\"779\" class=\"alignnone size-full wp-image-30805\" srcset=\"https:\/\/ostrowskatv.pl\/wp-content\/uploads\/2024\/08\/1000078163.jpg 1920w, https:\/\/ostrowskatv.pl\/wp-content\/uploads\/2024\/08\/1000078163-300x122.jpg 300w, https:\/\/ostrowskatv.pl\/wp-content\/uploads\/2024\/08\/1000078163-1333x541.jpg 1333w, https:\/\/ostrowskatv.pl\/wp-content\/uploads\/2024\/08\/1000078163-1536x623.jpg 1536w\" sizes=\"auto, (max-width: 1920px) 100vw, 1920px\" \/><\/p>\n<p><img loading=\"lazy\" decoding=\"async\" src=\"https:\/\/ostrowskatv.pl\/wp-content\/uploads\/2024\/08\/1000078161.jpg\" alt=\"\" width=\"1920\" height=\"878\" class=\"alignnone size-full wp-image-30806\" srcset=\"https:\/\/ostrowskatv.pl\/wp-content\/uploads\/2024\/08\/1000078161.jpg 1920w, https:\/\/ostrowskatv.pl\/wp-content\/uploads\/2024\/08\/1000078161-300x137.jpg 300w, https:\/\/ostrowskatv.pl\/wp-content\/uploads\/2024\/08\/1000078161-1333x610.jpg 1333w, https:\/\/ostrowskatv.pl\/wp-content\/uploads\/2024\/08\/1000078161-1536x702.jpg 1536w\" sizes=\"auto, (max-width: 1920px) 100vw, 1920px\" \/><\/p>\n<p><img loading=\"lazy\" decoding=\"async\" src=\"https:\/\/ostrowskatv.pl\/wp-content\/uploads\/2024\/08\/1000078160.jpg\" alt=\"\" width=\"1920\" height=\"856\" class=\"alignnone size-full wp-image-30807\" srcset=\"https:\/\/ostrowskatv.pl\/wp-content\/uploads\/2024\/08\/1000078160.jpg 1920w, https:\/\/ostrowskatv.pl\/wp-content\/uploads\/2024\/08\/1000078160-300x134.jpg 300w, https:\/\/ostrowskatv.pl\/wp-content\/uploads\/2024\/08\/1000078160-1333x594.jpg 1333w, https:\/\/ostrowskatv.pl\/wp-content\/uploads\/2024\/08\/1000078160-1536x685.jpg 1536w\" sizes=\"auto, (max-width: 1920px) 100vw, 1920px\" \/><\/p>\n","protected":false},"excerpt":{"rendered":"Kwadrans po godzinie 14 stra\u017c po\u017carna otrzyma\u0142a informacj\u0119 o alarmie po\u017carowym na terenie firmy Sklejka-eko przy ulicy Reymonta w Ostrowie Wlkp. Na miejsce \n<a class=\"moretag\" href=\"https:\/\/ostrowskatv.pl\/?p=30801\"> [...]<\/a>","protected":false},"author":1,"featured_media":30802,"comment_status":"open","ping_status":"closed","sticky":false,"template":"","format":"standard","meta":{"footnotes":""},"categories":[1],"tags":[188],"class_list":["post-30801","post","type-post","status-publish","format-standard","has-post-thumbnail","hentry","category-news","tag-straz-pozarna"],"_links":{"self":[{"href":"https:\/\/ostrowskatv.pl\/index.php?rest_route=\/wp\/v2\/posts\/30801","targetHints":{"allow":["GET"]}}],"collection":[{"href":"https:\/\/ostrowskatv.pl\/index.php?rest_route=\/wp\/v2\/posts"}],"about":[{"href":"https:\/\/ostrowskatv.pl\/index.php?rest_route=\/wp\/v2\/types\/post"}],"author":[{"embeddable":true,"href":"https:\/\/ostrowskatv.pl\/index.php?rest_route=\/wp\/v2\/users\/1"}],"replies":[{"embeddable":true,"href":"https:\/\/ostrowskatv.pl\/index.php?rest_route=%2Fwp%2Fv2%2Fcomments&post=30801"}],"version-history":[{"count":0,"href":"https:\/\/ostrowskatv.pl\/index.php?rest_route=\/wp\/v2\/posts\/30801\/revisions"}],"wp:featuredmedia":[{"embeddable":true,"href":"https:\/\/ostrowskatv.pl\/index.php?rest_route=\/wp\/v2\/media\/30802"}],"wp:attachment":[{"href":"https:\/\/ostrowskatv.pl\/index.php?rest_route=%2Fwp%2Fv2%2Fmedia&parent=30801"}],"wp:term":[{"taxonomy":"category","embeddable":true,"href":"https:\/\/ostrowskatv.pl\/index.php?rest_route=%2Fwp%2Fv2%2Fcategories&post=30801"},{"taxonomy":"post_tag","embeddable":true,"href":"https:\/\/ostrowskatv.pl\/index.php?rest_route=%2Fwp%2Fv2%2Ftags&post=30801"}],"curies":[{"name":"wp","href":"https:\/\/api.w.org\/{rel}","templated":true}]}}