{"id":308,"date":"2016-02-05T14:57:21","date_gmt":"2016-02-05T13:57:21","guid":{"rendered":"http:\/\/ostrowska.tv\/?p=308"},"modified":"2016-02-05T14:57:26","modified_gmt":"2016-02-05T13:57:26","slug":"perla-architektoniczna-palac-w-mojej-woli","status":"publish","type":"post","link":"https:\/\/ostrowskatv.pl\/?p=308","title":{"rendered":"Per\u0142a architektoniczna &#8211; Pa\u0142ac w Mojej Woli"},"content":{"rendered":"<p><strong>Pa\u0142ac wybudowany zosta\u0142 w roku 1852, dla ksi\u0119cia brunszwicko-ole\u015bnickiego Wilhelma von Braunschweig-\u00d6ls. Z powstaniem pa\u0142acu wi\u0105\u017ce si\u0119 nazw\u0119 miejscowo\u015bci: pierwotnie architekt, polski in\u017cynier o nazwisku Kar\u0142owski, zaplanowa\u0142 inne po\u0142o\u017cenie pa\u0142acu, jednak ksi\u0105\u017c\u0119 nakaza\u0142 budow\u0119 w obecnym miejscu, mia\u0142 przy tym doda\u0107 : \u201etaka jest moja wola&#8221;.<\/strong><\/p>\n<p><iframe loading=\"lazy\" src=\"https:\/\/www.youtube.com\/embed\/gKTvlNIIwUc\" width=\"640\" height=\"360\" frameborder=\"0\" allowfullscreen=\"allowfullscreen\"><\/iframe><\/p>\n<p>Interesuj\u0105cy budynek wzorowany by\u0142 na szkockich zamkach my\u015bliwskich. Nietypowo rozwi\u0105zano elewacje pa\u0142acu pokrywaj\u0105c je kor\u0105. W latach 1854 &#8211; 1872 ksi\u0105\u017c\u0119 w maj\u0105tku Moja Wola organizowa\u0142 wielkie polowania, w czasie kt\u00f3rych nieraz upolowano nawet 100 loch. W rozleg\u0142ym parku otaczaj\u0105cym pa\u0142ac specjalnie hodowano lochy, daniele i jelenie. W 1884r. wraz ze \u015bmierci\u0105 ksi\u0119cia Wilhelma wygas\u0142a dynastia ksi\u0105\u017c\u0105t von Braunschweig-\u00d6ls.<\/p>\n<p class=\"hyphenate\">Pa\u0142ac zbudowano z drewna, zosta\u0142 osadzony na kamiennej podmur\u00f3wce. Budynek utrzymany jest w stylu szwajcarskim.\u00a0Budynek wzniesiony w 1852r. przez ksi\u0119cia Wilhelm von Braunschweig-\u00d6ls na wz\u00f3r szkockich zamk\u00f3w my\u015bliwskich mie\u015bci\u0142 mi\u0119dzy innymi sypialni\u0119 ksi\u0105\u017c\u0119c\u0105, sal\u0119 bilardow\u0105 i pi\u0119\u0107 pokoi dla go\u015bci. W 1895r. powi\u0119kszony przez barona Daniela von Diergardt-Roland o jadalni\u0119 i balkon.<\/p>\n<p class=\"hyphenate\">Nast\u0119pnie w latach 1902-1903 po raz kolejny rozbudowany przez tego w\u0142a\u015bciciela. W czasie tej przebudowy wzniesiono wie\u017c\u0119 widokow\u0105 i dodatkowe trzykondygnacyjne skrzyd\u0142o mieszcz\u0105ce mi\u0119dzy innymi bibliotek\u0119 i gabinet pana domu. , a pod bokiem pa\u0142acu wyros\u0142a powozownia, stajnie, w\u0119dzarnia oraz domek my\u015bliwski.<\/p>\n<p class=\"hyphenate\">Wok\u00f3\u0142 pa\u0142acu rozlega si\u0119 <strong>malowniczy park utrzymany w stylu angielskim<\/strong> bogaty w wiele gatunk\u00f3w drzew i krzew\u00f3w (ok. 55 gatunk\u00f3w drzew, a tak\u017ce 20 gatunk\u00f3w krzew\u00f3w).<\/p>\n<p class=\"hyphenate\">Oko\u0142o roku 1885 pa\u0142ac odkupi\u0142 od pierwotnych w\u0142a\u015bcicieli baron Daniel von Diergardt. Po jego \u015bmierci pa\u0142acem zarz\u0105dza\u0142a \u017cona barona Agnes (Agnieszka), a\u017c do roku 1945. Now\u0105 w\u0142a\u015bcicielk\u0105 obiektu zostaje nast\u0119pnie El\u017cbieta Brygida von Klitzing-Romberg. Istotn\u0105 i zarazem wart\u0105 wspomnienia informacj\u0105 jest, \u017ce w Mojej Woli aktywnie dzia\u0142a\u0142y r\u00f3\u017cne faszystowskie organizacje pod kierunkiem jej m\u0119\u017ca Gissberta, a w okresie okupacji cz\u0119\u015b\u0107 budynk\u00f3w pa\u0142acowego zaplecza <strong>wykorzystywana by\u0142a jako ob\u00f3z jeniecki<\/strong>.<\/p>\n<p class=\"hyphenate\">Od 1948 do 1950 dzia\u0142a\u0142 w Mojej Woli O\u015brodek Doskonalenia Robotnik\u00f3w Le\u015bnych. W latach 1950 &#8211; 1952 powsta\u0142o tu Technikum Le\u015bne im. Boles\u0142awa Bieruta, kt\u00f3re by\u0142o <strong>pierwsz\u0105 w historii le\u015bnictwa szko\u0142\u0105 dla dziewcz\u0105t<\/strong>.<\/p>\n<p class=\"hyphenate\">Technikum w pa\u0142acu znajdowa\u0142o si\u0119 do czerwca 1975 roku, kiedy to przeniesione zosta\u0142o do Starego S\u0105cza. <strong>Pa\u0142ac pozosta\u0142 w\u0142asno\u015bci\u0105 Las\u00f3w Pa\u0144stwowych<\/strong> do 1992 r., potem zosta\u0142 przekazany gminie, a nast\u0119pnie sprzedany osobie prywatnej.<\/p>\n<p class=\"hyphenate\">Niestety obecny stan obiektu pozostawia wiele do \u017cyczenia. Pa\u0142ac popada w ruin\u0119 i powoli traci sw\u0105 dawn\u0105 \u015bwietno\u015b\u0107. Mimo to nie pozostaje nam nic innego jak mie\u0107 nadziej\u0119, \u017ce jeszcze znajd\u0105 si\u0119 osoby, kt\u00f3re stan\u0105 na wysoko\u015bci zadania, zaopiekuj\u0105 si\u0119 obiektem i przywr\u00f3c\u0105 mu dawny blask.<\/p>\n","protected":false},"excerpt":{"rendered":"Pa\u0142ac wybudowany zosta\u0142 w roku 1852, dla ksi\u0119cia brunszwicko-ole\u015bnickiego Wilhelma von Braunschweig-\u00d6ls. Z powstaniem pa\u0142acu wi\u0105\u017ce si\u0119 nazw\u0119 miejscowo\u015bci: pierwotnie architekt, polski in\u017cynier \n<a class=\"moretag\" href=\"https:\/\/ostrowskatv.pl\/?p=308\"> [...]<\/a>","protected":false},"author":1,"featured_media":309,"comment_status":"open","ping_status":"open","sticky":false,"template":"","format":"standard","meta":{"footnotes":""},"categories":[1],"tags":[43],"class_list":["post-308","post","type-post","status-publish","format-standard","has-post-thumbnail","hentry","category-news","tag-palac"],"_links":{"self":[{"href":"https:\/\/ostrowskatv.pl\/index.php?rest_route=\/wp\/v2\/posts\/308","targetHints":{"allow":["GET"]}}],"collection":[{"href":"https:\/\/ostrowskatv.pl\/index.php?rest_route=\/wp\/v2\/posts"}],"about":[{"href":"https:\/\/ostrowskatv.pl\/index.php?rest_route=\/wp\/v2\/types\/post"}],"author":[{"embeddable":true,"href":"https:\/\/ostrowskatv.pl\/index.php?rest_route=\/wp\/v2\/users\/1"}],"replies":[{"embeddable":true,"href":"https:\/\/ostrowskatv.pl\/index.php?rest_route=%2Fwp%2Fv2%2Fcomments&post=308"}],"version-history":[{"count":0,"href":"https:\/\/ostrowskatv.pl\/index.php?rest_route=\/wp\/v2\/posts\/308\/revisions"}],"wp:featuredmedia":[{"embeddable":true,"href":"https:\/\/ostrowskatv.pl\/index.php?rest_route=\/wp\/v2\/media\/309"}],"wp:attachment":[{"href":"https:\/\/ostrowskatv.pl\/index.php?rest_route=%2Fwp%2Fv2%2Fmedia&parent=308"}],"wp:term":[{"taxonomy":"category","embeddable":true,"href":"https:\/\/ostrowskatv.pl\/index.php?rest_route=%2Fwp%2Fv2%2Fcategories&post=308"},{"taxonomy":"post_tag","embeddable":true,"href":"https:\/\/ostrowskatv.pl\/index.php?rest_route=%2Fwp%2Fv2%2Ftags&post=308"}],"curies":[{"name":"wp","href":"https:\/\/api.w.org\/{rel}","templated":true}]}}