{"id":30778,"date":"2024-08-02T19:58:25","date_gmt":"2024-08-02T18:58:25","guid":{"rendered":"https:\/\/ostrowskatv.pl\/?p=30778"},"modified":"2024-08-02T19:58:25","modified_gmt":"2024-08-02T18:58:25","slug":"zderzenie-2-aut-na-wezle-przy-galerii-zdjecia","status":"publish","type":"post","link":"https:\/\/ostrowskatv.pl\/?p=30778","title":{"rendered":"Zderzenie 2 aut na w\u0119\u017ale przy galerii (ZDJ\u0118CIA)"},"content":{"rendered":"<p>Po serii kilku niegro\u017anych kolizji, dosz\u0142o do powa\u017cniejszego zdarzenia na terenie powiatu ostrowskiego. Wzi\u0119\u0142y w nim udzia\u0142 3 auta osobowe, ale tylko dwa s\u0105 uszkodzone.<\/p>\n<p>Z obwodnicy Ostrowa Wielkopolskiego zje\u017cd\u017ca\u0142 srebrny peugeot. Nagle zobaczy\u0142 jak przed nim pojawi\u0142o si\u0119 z\u0142ote audi w po\u015blizgu. To mia\u0142o straci\u0107 przyczepno\u015b\u0107 z powodu manewru wykonanego przez kierowc\u0119 mercedesa, kt\u00f3ry prawdopodobnie chcia\u0142 umo\u017cliwi\u0107 w\u0142\u0105czenie si\u0119 do ruchu przez peugeota.<\/p>\n<p>Peugeotem podr\u00f3\u017cowa\u0142y dwie osoby, z czego jedna trafi\u0142a do karetki. Audi podr\u00f3\u017cowa\u0142 m\u0119\u017cczyzna z dzie\u0107mi.<\/p>\n<p>Na miejscu interweniowali tak\u017ce stra\u017cacy oraz policja.<\/p>\n<p><img loading=\"lazy\" decoding=\"async\" src=\"https:\/\/ostrowskatv.pl\/wp-content\/uploads\/2024\/08\/1000077925.jpg\" alt=\"\" width=\"1081\" height=\"1920\" class=\"alignnone size-full wp-image-30779\" srcset=\"https:\/\/ostrowskatv.pl\/wp-content\/uploads\/2024\/08\/1000077925.jpg 1081w, https:\/\/ostrowskatv.pl\/wp-content\/uploads\/2024\/08\/1000077925-169x300.jpg 169w, https:\/\/ostrowskatv.pl\/wp-content\/uploads\/2024\/08\/1000077925-751x1333.jpg 751w, https:\/\/ostrowskatv.pl\/wp-content\/uploads\/2024\/08\/1000077925-865x1536.jpg 865w\" sizes=\"auto, (max-width: 1081px) 100vw, 1081px\" \/><\/p>\n<p><img loading=\"lazy\" decoding=\"async\" src=\"https:\/\/ostrowskatv.pl\/wp-content\/uploads\/2024\/08\/1000077926.jpg\" alt=\"\" width=\"1920\" height=\"1081\" class=\"alignnone size-full wp-image-30780\" srcset=\"https:\/\/ostrowskatv.pl\/wp-content\/uploads\/2024\/08\/1000077926.jpg 1920w, https:\/\/ostrowskatv.pl\/wp-content\/uploads\/2024\/08\/1000077926-300x169.jpg 300w, https:\/\/ostrowskatv.pl\/wp-content\/uploads\/2024\/08\/1000077926-1333x751.jpg 1333w, https:\/\/ostrowskatv.pl\/wp-content\/uploads\/2024\/08\/1000077926-1536x865.jpg 1536w\" sizes=\"auto, (max-width: 1920px) 100vw, 1920px\" \/><\/p>\n<p><img loading=\"lazy\" decoding=\"async\" src=\"https:\/\/ostrowskatv.pl\/wp-content\/uploads\/2024\/08\/1000077920.jpg\" alt=\"\" width=\"1920\" height=\"1081\" class=\"alignnone size-full wp-image-30781\" srcset=\"https:\/\/ostrowskatv.pl\/wp-content\/uploads\/2024\/08\/1000077920.jpg 1920w, https:\/\/ostrowskatv.pl\/wp-content\/uploads\/2024\/08\/1000077920-300x169.jpg 300w, https:\/\/ostrowskatv.pl\/wp-content\/uploads\/2024\/08\/1000077920-1333x751.jpg 1333w, https:\/\/ostrowskatv.pl\/wp-content\/uploads\/2024\/08\/1000077920-1536x865.jpg 1536w\" sizes=\"auto, (max-width: 1920px) 100vw, 1920px\" \/><\/p>\n<p><img loading=\"lazy\" decoding=\"async\" src=\"https:\/\/ostrowskatv.pl\/wp-content\/uploads\/2024\/08\/1000077917.jpg\" alt=\"\" width=\"1920\" height=\"1196\" class=\"alignnone size-full wp-image-30782\" srcset=\"https:\/\/ostrowskatv.pl\/wp-content\/uploads\/2024\/08\/1000077917.jpg 1920w, https:\/\/ostrowskatv.pl\/wp-content\/uploads\/2024\/08\/1000077917-300x187.jpg 300w, https:\/\/ostrowskatv.pl\/wp-content\/uploads\/2024\/08\/1000077917-1333x830.jpg 1333w, https:\/\/ostrowskatv.pl\/wp-content\/uploads\/2024\/08\/1000077917-1536x957.jpg 1536w\" sizes=\"auto, (max-width: 1920px) 100vw, 1920px\" \/><\/p>\n<p><img loading=\"lazy\" decoding=\"async\" src=\"https:\/\/ostrowskatv.pl\/wp-content\/uploads\/2024\/08\/1000077916.jpg\" alt=\"\" width=\"1919\" height=\"1091\" class=\"alignnone size-full wp-image-30783\" srcset=\"https:\/\/ostrowskatv.pl\/wp-content\/uploads\/2024\/08\/1000077916.jpg 1919w, https:\/\/ostrowskatv.pl\/wp-content\/uploads\/2024\/08\/1000077916-300x171.jpg 300w, https:\/\/ostrowskatv.pl\/wp-content\/uploads\/2024\/08\/1000077916-1333x758.jpg 1333w, https:\/\/ostrowskatv.pl\/wp-content\/uploads\/2024\/08\/1000077916-1536x873.jpg 1536w, https:\/\/ostrowskatv.pl\/wp-content\/uploads\/2024\/08\/1000077916-388x220.jpg 388w\" sizes=\"auto, (max-width: 1919px) 100vw, 1919px\" \/><\/p>\n","protected":false},"excerpt":{"rendered":"Po serii kilku niegro\u017anych kolizji, dosz\u0142o do powa\u017cniejszego zdarzenia na terenie powiatu ostrowskiego. Wzi\u0119\u0142y w nim udzia\u0142 3 auta osobowe, ale tylko dwa \n<a class=\"moretag\" href=\"https:\/\/ostrowskatv.pl\/?p=30778\"> [...]<\/a>","protected":false},"author":1,"featured_media":30781,"comment_status":"open","ping_status":"closed","sticky":false,"template":"","format":"standard","meta":{"footnotes":""},"categories":[1],"tags":[271,2],"class_list":["post-30778","post","type-post","status-publish","format-standard","has-post-thumbnail","hentry","category-news","tag-dk25","tag-ostrow-wielkopolski"],"_links":{"self":[{"href":"https:\/\/ostrowskatv.pl\/index.php?rest_route=\/wp\/v2\/posts\/30778","targetHints":{"allow":["GET"]}}],"collection":[{"href":"https:\/\/ostrowskatv.pl\/index.php?rest_route=\/wp\/v2\/posts"}],"about":[{"href":"https:\/\/ostrowskatv.pl\/index.php?rest_route=\/wp\/v2\/types\/post"}],"author":[{"embeddable":true,"href":"https:\/\/ostrowskatv.pl\/index.php?rest_route=\/wp\/v2\/users\/1"}],"replies":[{"embeddable":true,"href":"https:\/\/ostrowskatv.pl\/index.php?rest_route=%2Fwp%2Fv2%2Fcomments&post=30778"}],"version-history":[{"count":0,"href":"https:\/\/ostrowskatv.pl\/index.php?rest_route=\/wp\/v2\/posts\/30778\/revisions"}],"wp:featuredmedia":[{"embeddable":true,"href":"https:\/\/ostrowskatv.pl\/index.php?rest_route=\/wp\/v2\/media\/30781"}],"wp:attachment":[{"href":"https:\/\/ostrowskatv.pl\/index.php?rest_route=%2Fwp%2Fv2%2Fmedia&parent=30778"}],"wp:term":[{"taxonomy":"category","embeddable":true,"href":"https:\/\/ostrowskatv.pl\/index.php?rest_route=%2Fwp%2Fv2%2Fcategories&post=30778"},{"taxonomy":"post_tag","embeddable":true,"href":"https:\/\/ostrowskatv.pl\/index.php?rest_route=%2Fwp%2Fv2%2Ftags&post=30778"}],"curies":[{"name":"wp","href":"https:\/\/api.w.org\/{rel}","templated":true}]}}