{"id":30746,"date":"2024-07-31T21:30:00","date_gmt":"2024-07-31T20:30:00","guid":{"rendered":"https:\/\/ostrowskatv.pl\/?p=30746"},"modified":"2024-07-31T21:30:33","modified_gmt":"2024-07-31T20:30:33","slug":"motocyklista-go-zaskoczyl-zdjecia","status":"publish","type":"post","link":"https:\/\/ostrowskatv.pl\/?p=30746","title":{"rendered":"Motocykl wszed\u0142 jak n\u00f3\u017c w mas\u0142o (ZDJ\u0118CIA)"},"content":{"rendered":"<p><strong>Do nietuzinkowego w skutkach zdarzenia dosz\u0142o o godzinie 21:30 na ulicy Ok\u00f3lnej w Ostrowie Wielkopolskim. Samoch\u00f3d wjecha\u0142 w ty\u0142 motocykla.<\/strong><\/p>\n<p>Oba pojazdy jecha\u0142y ulic\u0105 Ok\u00f3ln\u0105 od strony ulicy Kordeckiego. Na skrzy\u017cowaniu z ulic\u0105 Poniatowskiego motocyklista postanowi\u0142 skr\u0119ci\u0107 w lewo. Kierowca volkswagena golfa nie zareagowa\u0142 w por\u0119 i wjecha\u0142 w ty\u0142 yamahy tracer 9.<\/p>\n<p>I cho\u0107 ty\u0142 mocykla wszed\u0142 niczym n\u00f3\u017c w mas\u0142o w prz\u00f3d golfa, to motocykli\u015bcie nic si\u0119 nie sta\u0142o. <\/p>\n<p>Na miejsce z powodu wyciek\u00f3w wezwano stra\u017c po\u017carn\u0105 oraz policj\u0119. <\/p>\n<p><img loading=\"lazy\" decoding=\"async\" src=\"https:\/\/ostrowskatv.pl\/wp-content\/uploads\/2024\/07\/1000077621.jpg\" alt=\"\" width=\"1207\" height=\"1920\" class=\"alignnone size-full wp-image-30753\" srcset=\"https:\/\/ostrowskatv.pl\/wp-content\/uploads\/2024\/07\/1000077621.jpg 1207w, https:\/\/ostrowskatv.pl\/wp-content\/uploads\/2024\/07\/1000077621-189x300.jpg 189w, https:\/\/ostrowskatv.pl\/wp-content\/uploads\/2024\/07\/1000077621-838x1333.jpg 838w, https:\/\/ostrowskatv.pl\/wp-content\/uploads\/2024\/07\/1000077621-966x1536.jpg 966w\" sizes=\"auto, (max-width: 1207px) 100vw, 1207px\" \/><\/p>\n","protected":false},"excerpt":{"rendered":"Do nietuzinkowego w skutkach zdarzenia dosz\u0142o o godzinie 21:30 na ulicy Ok\u00f3lnej w Ostrowie Wielkopolskim. Samoch\u00f3d wjecha\u0142 w ty\u0142 motocykla. Oba pojazdy jecha\u0142y \n<a class=\"moretag\" href=\"https:\/\/ostrowskatv.pl\/?p=30746\"> [...]<\/a>","protected":false},"author":1,"featured_media":30749,"comment_status":"open","ping_status":"closed","sticky":false,"template":"","format":"standard","meta":{"footnotes":""},"categories":[1],"tags":[11],"class_list":["post-30746","post","type-post","status-publish","format-standard","has-post-thumbnail","hentry","category-news","tag-wypadek"],"_links":{"self":[{"href":"https:\/\/ostrowskatv.pl\/index.php?rest_route=\/wp\/v2\/posts\/30746","targetHints":{"allow":["GET"]}}],"collection":[{"href":"https:\/\/ostrowskatv.pl\/index.php?rest_route=\/wp\/v2\/posts"}],"about":[{"href":"https:\/\/ostrowskatv.pl\/index.php?rest_route=\/wp\/v2\/types\/post"}],"author":[{"embeddable":true,"href":"https:\/\/ostrowskatv.pl\/index.php?rest_route=\/wp\/v2\/users\/1"}],"replies":[{"embeddable":true,"href":"https:\/\/ostrowskatv.pl\/index.php?rest_route=%2Fwp%2Fv2%2Fcomments&post=30746"}],"version-history":[{"count":0,"href":"https:\/\/ostrowskatv.pl\/index.php?rest_route=\/wp\/v2\/posts\/30746\/revisions"}],"wp:featuredmedia":[{"embeddable":true,"href":"https:\/\/ostrowskatv.pl\/index.php?rest_route=\/wp\/v2\/media\/30749"}],"wp:attachment":[{"href":"https:\/\/ostrowskatv.pl\/index.php?rest_route=%2Fwp%2Fv2%2Fmedia&parent=30746"}],"wp:term":[{"taxonomy":"category","embeddable":true,"href":"https:\/\/ostrowskatv.pl\/index.php?rest_route=%2Fwp%2Fv2%2Fcategories&post=30746"},{"taxonomy":"post_tag","embeddable":true,"href":"https:\/\/ostrowskatv.pl\/index.php?rest_route=%2Fwp%2Fv2%2Ftags&post=30746"}],"curies":[{"name":"wp","href":"https:\/\/api.w.org\/{rel}","templated":true}]}}