{"id":30725,"date":"2024-07-29T17:36:52","date_gmt":"2024-07-29T16:36:52","guid":{"rendered":"https:\/\/ostrowskatv.pl\/?p=30725"},"modified":"2024-07-29T18:07:10","modified_gmt":"2024-07-29T17:07:10","slug":"wypadek-w-parczewie-droga-zablokowana","status":"publish","type":"post","link":"https:\/\/ostrowskatv.pl\/?p=30725","title":{"rendered":"Wypadek w Parczewie. Droga zablokowana"},"content":{"rendered":"<p><strong>Chwil\u0119 przed godzin\u0105 17 dosz\u0142o do zderzenia dw\u00f3ch aut w Parczewie k. Ostrowa Wlkp. Ze wst\u0119pnych ustale\u0144 wynika, \u017ce kierowca peugeota na PKA prawdopodobnie zasn\u0105\u0142 i zjecha\u0142 na przeciwny pas ruchu.<\/strong><\/p>\n<p>Tam doprowadzi\u0142 do zderzenia z toyot\u0105 yaris. Osoba poszkodowana trafi\u0142a do szpitala z podejrzeniem z\u0142amania ko\u015bci &#8211; mostka.<\/p>\n<p>Na miejscu zablokowano drog\u0119.<\/p>\n<p><img loading=\"lazy\" decoding=\"async\" class=\"alignnone size-full wp-image-30729\" src=\"https:\/\/ostrowskatv.pl\/wp-content\/uploads\/2024\/07\/1000077179.jpg\" alt=\"\" width=\"1528\" height=\"832\" srcset=\"https:\/\/ostrowskatv.pl\/wp-content\/uploads\/2024\/07\/1000077179.jpg 1528w, https:\/\/ostrowskatv.pl\/wp-content\/uploads\/2024\/07\/1000077179-300x163.jpg 300w, https:\/\/ostrowskatv.pl\/wp-content\/uploads\/2024\/07\/1000077179-1333x726.jpg 1333w\" sizes=\"auto, (max-width: 1528px) 100vw, 1528px\" \/><\/p>\n<p><img loading=\"lazy\" decoding=\"async\" class=\"alignnone size-full wp-image-30728\" src=\"https:\/\/ostrowskatv.pl\/wp-content\/uploads\/2024\/07\/1000077176.jpg\" alt=\"\" width=\"1920\" height=\"1080\" srcset=\"https:\/\/ostrowskatv.pl\/wp-content\/uploads\/2024\/07\/1000077176.jpg 1920w, https:\/\/ostrowskatv.pl\/wp-content\/uploads\/2024\/07\/1000077176-300x169.jpg 300w, https:\/\/ostrowskatv.pl\/wp-content\/uploads\/2024\/07\/1000077176-1333x750.jpg 1333w, https:\/\/ostrowskatv.pl\/wp-content\/uploads\/2024\/07\/1000077176-1536x864.jpg 1536w\" sizes=\"auto, (max-width: 1920px) 100vw, 1920px\" \/><\/p>\n<p><img loading=\"lazy\" decoding=\"async\" class=\"alignnone size-full wp-image-30727\" src=\"https:\/\/ostrowskatv.pl\/wp-content\/uploads\/2024\/07\/1000077173.jpg\" alt=\"\" width=\"1489\" height=\"690\" srcset=\"https:\/\/ostrowskatv.pl\/wp-content\/uploads\/2024\/07\/1000077173.jpg 1489w, https:\/\/ostrowskatv.pl\/wp-content\/uploads\/2024\/07\/1000077173-300x139.jpg 300w, https:\/\/ostrowskatv.pl\/wp-content\/uploads\/2024\/07\/1000077173-1333x618.jpg 1333w\" sizes=\"auto, (max-width: 1489px) 100vw, 1489px\" \/><\/p>\n<p><img loading=\"lazy\" decoding=\"async\" class=\"alignnone size-full wp-image-30726\" src=\"https:\/\/ostrowskatv.pl\/wp-content\/uploads\/2024\/07\/1000077169.jpg\" alt=\"\" width=\"1457\" height=\"810\" srcset=\"https:\/\/ostrowskatv.pl\/wp-content\/uploads\/2024\/07\/1000077169.jpg 1457w, https:\/\/ostrowskatv.pl\/wp-content\/uploads\/2024\/07\/1000077169-300x167.jpg 300w, https:\/\/ostrowskatv.pl\/wp-content\/uploads\/2024\/07\/1000077169-1333x741.jpg 1333w\" sizes=\"auto, (max-width: 1457px) 100vw, 1457px\" \/><\/p>\n","protected":false},"excerpt":{"rendered":"Chwil\u0119 przed godzin\u0105 17 dosz\u0142o do zderzenia dw\u00f3ch aut w Parczewie k. Ostrowa Wlkp. Ze wst\u0119pnych ustale\u0144 wynika, \u017ce kierowca peugeota na PKA \n<a class=\"moretag\" href=\"https:\/\/ostrowskatv.pl\/?p=30725\"> [...]<\/a>","protected":false},"author":1,"featured_media":30728,"comment_status":"open","ping_status":"closed","sticky":false,"template":"","format":"standard","meta":{"footnotes":""},"categories":[1],"tags":[11],"class_list":["post-30725","post","type-post","status-publish","format-standard","has-post-thumbnail","hentry","category-news","tag-wypadek"],"_links":{"self":[{"href":"https:\/\/ostrowskatv.pl\/index.php?rest_route=\/wp\/v2\/posts\/30725","targetHints":{"allow":["GET"]}}],"collection":[{"href":"https:\/\/ostrowskatv.pl\/index.php?rest_route=\/wp\/v2\/posts"}],"about":[{"href":"https:\/\/ostrowskatv.pl\/index.php?rest_route=\/wp\/v2\/types\/post"}],"author":[{"embeddable":true,"href":"https:\/\/ostrowskatv.pl\/index.php?rest_route=\/wp\/v2\/users\/1"}],"replies":[{"embeddable":true,"href":"https:\/\/ostrowskatv.pl\/index.php?rest_route=%2Fwp%2Fv2%2Fcomments&post=30725"}],"version-history":[{"count":0,"href":"https:\/\/ostrowskatv.pl\/index.php?rest_route=\/wp\/v2\/posts\/30725\/revisions"}],"wp:featuredmedia":[{"embeddable":true,"href":"https:\/\/ostrowskatv.pl\/index.php?rest_route=\/wp\/v2\/media\/30728"}],"wp:attachment":[{"href":"https:\/\/ostrowskatv.pl\/index.php?rest_route=%2Fwp%2Fv2%2Fmedia&parent=30725"}],"wp:term":[{"taxonomy":"category","embeddable":true,"href":"https:\/\/ostrowskatv.pl\/index.php?rest_route=%2Fwp%2Fv2%2Fcategories&post=30725"},{"taxonomy":"post_tag","embeddable":true,"href":"https:\/\/ostrowskatv.pl\/index.php?rest_route=%2Fwp%2Fv2%2Ftags&post=30725"}],"curies":[{"name":"wp","href":"https:\/\/api.w.org\/{rel}","templated":true}]}}