{"id":3064,"date":"2017-01-31T21:55:54","date_gmt":"2017-01-31T20:55:54","guid":{"rendered":"http:\/\/ostrowska.tv\/?p=3064"},"modified":"2017-01-31T22:13:40","modified_gmt":"2017-01-31T21:13:40","slug":"zobacz-zajazd-u-stefana-po-kuchennej-rewolucji-magdy-gessler","status":"publish","type":"post","link":"https:\/\/ostrowskatv.pl\/?p=3064","title":{"rendered":"Zobacz &#8222;Zajazd u Stefana&#8221; po kuchennej rewolucji Magdy Gessler"},"content":{"rendered":"<p><strong>W niedziel\u0119 zako\u0144czy\u0142a si\u0119 kuchenna rewolucja Magdy Gessler w odolanowskiej restauracji &#8222;Zajazd u Stefana&#8221;. Po rewolucji lokal zosta\u0142 ochrzczony zgrabn\u0105 nazw\u0105 &#8222;Karpi\u00f3wk\u0105&#8221;. Czy dania s\u0105 smaczne, czy wn\u0119trze przykuwa uwag\u0119? Zapraszamy do recenzji.<\/strong><\/p>\n<p>Do tej pory &#8222;Zajazd u Stefana&#8221; upodobali sobie Ci mieszka\u0144cy Odolanowa i okolic, kt\u00f3rzy liczyli na swojski, domowy obiad w cenie 15 z\u0142 za dwa dania. Magda Gessler postanowi\u0142a postawi\u0107 na dania sk\u0142adaj\u0105ce si\u0119 z ryb s\u0142odkowodnych.\u00a0\u00a0 Wed\u0142ug zapewnie\u0144 obs\u0142ugi, na koniec ka\u017cdego dnia dostarczane s\u0105 ryby wprost ze staw\u00f3w milickich.<\/p>\n<p>Pierwsze wra\u017cenie? Z zewn\u0105trz powita Was skromny baner prezentuj\u0105cy now\u0105 nazw\u0119 lokalu &#8222;Karpi\u00f3wka&#8221;. Po wej\u015bciu do \u015brodka&#8230; WOW! &#8211; klimat wprost ze stacji kosmicznej. Bar wy\u0142o\u017cony foli\u0105 aluminiow\u0105. Na suficie pi\u0119kne \u017cyrandole, a na bocznych \u015bcianach fototapety przedstawiaj\u0105ce ryby i ptaki wyst\u0119puj\u0105ce na stawach milickich.<\/p>\n<div id='gallery-1' class='gallery galleryid-3064 gallery-columns-3 gallery-size-thumbnail'><figure class='gallery-item'>\n\t\t\t<div class='gallery-icon landscape'>\n\t\t\t\t<a href='https:\/\/ostrowskatv.pl\/?attachment_id=3079'><img loading=\"lazy\" decoding=\"async\" width=\"150\" height=\"150\" src=\"https:\/\/ostrowskatv.pl\/wp-content\/uploads\/2017\/01\/16425530_1353507351362854_824714977_n-150x150.jpg\" class=\"attachment-thumbnail size-thumbnail\" alt=\"\" \/><\/a>\n\t\t\t<\/div><\/figure><figure class='gallery-item'>\n\t\t\t<div class='gallery-icon landscape'>\n\t\t\t\t<a href='https:\/\/ostrowskatv.pl\/?attachment_id=3076'><img loading=\"lazy\" decoding=\"async\" width=\"150\" height=\"150\" src=\"https:\/\/ostrowskatv.pl\/wp-content\/uploads\/2017\/01\/16401995_1353507284696194_952475970_n-150x150.jpg\" class=\"attachment-thumbnail size-thumbnail\" alt=\"\" \/><\/a>\n\t\t\t<\/div><\/figure><figure class='gallery-item'>\n\t\t\t<div class='gallery-icon landscape'>\n\t\t\t\t<a href='https:\/\/ostrowskatv.pl\/?attachment_id=3078'><img loading=\"lazy\" decoding=\"async\" width=\"150\" height=\"150\" src=\"https:\/\/ostrowskatv.pl\/wp-content\/uploads\/2017\/01\/16443368_1353507331362856_136004657_n-150x150.jpg\" class=\"attachment-thumbnail size-thumbnail\" alt=\"\" \/><\/a>\n\t\t\t<\/div><\/figure><figure class='gallery-item'>\n\t\t\t<div class='gallery-icon landscape'>\n\t\t\t\t<a href='https:\/\/ostrowskatv.pl\/?attachment_id=3077'><img loading=\"lazy\" decoding=\"async\" width=\"150\" height=\"150\" src=\"https:\/\/ostrowskatv.pl\/wp-content\/uploads\/2017\/01\/16425448_1353507321362857_16504540_n-150x150.jpg\" class=\"attachment-thumbnail size-thumbnail\" alt=\"\" \/><\/a>\n\t\t\t<\/div><\/figure>\n\t\t<\/div>\n\n<p>O godzinie 19:00 drugiego dnia po rewolucji, za\u0142oga restauracji, chyba nie spodziewa\u0142a si\u0119 ju\u017c go\u015bci. Krzes\u0142a od dw\u00f3ch, a mo\u017ce nawet trzech stolik\u00f3w by\u0142y w artystycznym nie\u0142adzie. Na widok go\u015bci dwie kelnerki natychmiast przyst\u0105pi\u0142y do ich poprawiania. Chwil\u0119 wcze\u015bniej us\u0142yszeli\u015bmy &#8222;Dzie\u0144 dobry&#8221; wypowiedziane\u00a0 szczebiotliwym g\u0142osikiem przez\u00a0 prawdopodobnie najm\u0142odsz\u0105 c\u00f3rk\u0119 w\u0142a\u015bcicieli.<\/p>\n<p>We wtorek nie by\u0142o jeszcze karty menu. Ta ma pojawi\u0107 si\u0119 ju\u017c w \u015brod\u0119. Zdali\u015bmy si\u0119 na propozycj\u0119 nastoletniej kelnerki. Na pierwszy rzut posz\u0142y dwie r\u00f3\u017cne przystawki. Pierwsza to karp w occie serwowany z past\u0105 rybn\u0105 i podgrzanymi bagietkami z mas\u0142em na podstawku w kszta\u0142cie rybki. Druga to dwa dzwonki z to\u0142pygi w s\u0105siedztwie sosu chrzanowo-\u015bmietankowego, a tak\u017ce sos tatarski z drobno posiekan\u0105 ryb\u0105. Cena? 10 z\u0142 od sztuki. Obydwa dania pyszne i dla niezupe\u0142nie g\u0142odnego smakosza w sam raz. Zanim jednak przystawka trafi na Wasz talerz, otrzymacie do przegryzienia bezy.<\/p>\n<div id='gallery-2' class='gallery galleryid-3064 gallery-columns-3 gallery-size-thumbnail'><figure class='gallery-item'>\n\t\t\t<div class='gallery-icon landscape'>\n\t\t\t\t<a href='https:\/\/ostrowskatv.pl\/?attachment_id=3081'><img loading=\"lazy\" decoding=\"async\" width=\"150\" height=\"150\" src=\"https:\/\/ostrowskatv.pl\/wp-content\/uploads\/2017\/01\/16441433_1353507171362872_1339907455_n-1-150x150.jpg\" class=\"attachment-thumbnail size-thumbnail\" alt=\"\" \/><\/a>\n\t\t\t<\/div><\/figure><figure class='gallery-item'>\n\t\t\t<div class='gallery-icon landscape'>\n\t\t\t\t<a href='https:\/\/ostrowskatv.pl\/?attachment_id=3082'><img loading=\"lazy\" decoding=\"async\" width=\"150\" height=\"150\" src=\"https:\/\/ostrowskatv.pl\/wp-content\/uploads\/2017\/01\/16441413_1353507211362868_1115634311_n-1-150x150.jpg\" class=\"attachment-thumbnail size-thumbnail\" alt=\"\" \/><\/a>\n\t\t\t<\/div><\/figure><figure class='gallery-item'>\n\t\t\t<div class='gallery-icon landscape'>\n\t\t\t\t<a href='https:\/\/ostrowskatv.pl\/?attachment_id=3083'><img loading=\"lazy\" decoding=\"async\" width=\"150\" height=\"150\" src=\"https:\/\/ostrowskatv.pl\/wp-content\/uploads\/2017\/01\/16443477_1353507261362863_2088116547_n-1-150x150.jpg\" class=\"attachment-thumbnail size-thumbnail\" alt=\"\" \/><\/a>\n\t\t\t<\/div><\/figure>\n\t\t<\/div>\n\n<p>Danie g\u0142\u00f3wne to kr\u00f3lewski karp z Milicza serwowany jako faworek, sma\u017cony w g\u0142\u0119bokim oleju. Obok niego porcja duszonych ziemniak\u00f3w z wyczuwalnym chrzanem i kiszonej kapusty. Cena? 30 z\u0142. Podobnie jak przystawki, smak da\u0144 bez zarzut\u00f3w. Na zup\u0119 &#8211; krupnik na bazie karpia &#8211; nie za\u0142apali\u015bmy si\u0119, poniewa\u017c ju\u017c si\u0119 tego dnia sko\u0144czy\u0142a.<\/p>\n<div id='gallery-3' class='gallery galleryid-3064 gallery-columns-3 gallery-size-thumbnail'><figure class='gallery-item'>\n\t\t\t<div class='gallery-icon landscape'>\n\t\t\t\t<a href='https:\/\/ostrowskatv.pl\/?attachment_id=3084'><img loading=\"lazy\" decoding=\"async\" width=\"150\" height=\"150\" src=\"https:\/\/ostrowskatv.pl\/wp-content\/uploads\/2017\/01\/16425393_1353507078029548_1996883284_n-1-150x150.jpg\" class=\"attachment-thumbnail size-thumbnail\" alt=\"\" \/><\/a>\n\t\t\t<\/div><\/figure>\n\t\t<\/div>\n\n<p>Cena zwyk\u0142ej herbaty 3 z\u0142, wody z cytryn\u0105 2 z\u0142. W lokalu nie ma jeszcze wieszak\u00f3w na kurtki czy p\u0142aszcze. Toalety nie odrzucaj\u0105, ale docelowo pewnie te\u017c przejd\u0105 lekki remont &#8211; cho\u0107by niedzia\u0142aj\u0105cy pisuar.<\/p>\n<div id='gallery-4' class='gallery galleryid-3064 gallery-columns-3 gallery-size-thumbnail'><figure class='gallery-item'>\n\t\t\t<div class='gallery-icon landscape'>\n\t\t\t\t<a href='https:\/\/ostrowskatv.pl\/?attachment_id=3071'><img loading=\"lazy\" decoding=\"async\" width=\"150\" height=\"150\" src=\"https:\/\/ostrowskatv.pl\/wp-content\/uploads\/2017\/01\/16426401_1353507068029549_1255737436_n-150x150.jpg\" class=\"attachment-thumbnail size-thumbnail\" alt=\"\" \/><\/a>\n\t\t\t<\/div><\/figure><figure class='gallery-item'>\n\t\t\t<div class='gallery-icon portrait'>\n\t\t\t\t<a href='https:\/\/ostrowskatv.pl\/?attachment_id=3070'><img loading=\"lazy\" decoding=\"async\" width=\"150\" height=\"150\" src=\"https:\/\/ostrowskatv.pl\/wp-content\/uploads\/2017\/01\/16441568_1353507061362883_811620095_n-150x150.jpg\" class=\"attachment-thumbnail size-thumbnail\" alt=\"\" \/><\/a>\n\t\t\t<\/div><\/figure><figure class='gallery-item'>\n\t\t\t<div class='gallery-icon portrait'>\n\t\t\t\t<a href='https:\/\/ostrowskatv.pl\/?attachment_id=3069'><img loading=\"lazy\" decoding=\"async\" width=\"150\" height=\"150\" src=\"https:\/\/ostrowskatv.pl\/wp-content\/uploads\/2017\/01\/16467343_1353507058029550_458751896_n-150x150.jpg\" class=\"attachment-thumbnail size-thumbnail\" alt=\"\" \/><\/a>\n\t\t\t<\/div><\/figure>\n\t\t<\/div>\n\n<p>Obs\u0142uga skromna i czu\u0107 w lokalu rodzinn\u0105 atmosfer\u0119. Podobno w \u015brody pogrywa na gitarze jedna z c\u00f3rek w\u0142a\u015bciciela restauracji. Magda Gessler ma powr\u00f3ci\u0107 za oko\u0142o 3 tygodnie daj\u0105c zna\u0107 kilka godzin wcze\u015bniej. Emisja odcinka ju\u017c w marcu. A tymczasem warto posmakowa\u0107 potraw rybnych serwowanych wed\u0142ug przepis\u00f3w Magdy Gessler. Restauracja jest czynna codziennie od 12:00 do 20:00.<\/p>\n","protected":false},"excerpt":{"rendered":"W niedziel\u0119 zako\u0144czy\u0142a si\u0119 kuchenna rewolucja Magdy Gessler w odolanowskiej restauracji &#8222;Zajazd u Stefana&#8221;. Po rewolucji lokal zosta\u0142 ochrzczony zgrabn\u0105 nazw\u0105 &#8222;Karpi\u00f3wk\u0105&#8221;. Czy \n<a class=\"moretag\" href=\"https:\/\/ostrowskatv.pl\/?p=3064\"> [...]<\/a>","protected":false},"author":1,"featured_media":3076,"comment_status":"open","ping_status":"open","sticky":false,"template":"","format":"standard","meta":{"footnotes":""},"categories":[1],"tags":[38],"class_list":["post-3064","post","type-post","status-publish","format-standard","has-post-thumbnail","hentry","category-news","tag-odolanow"],"_links":{"self":[{"href":"https:\/\/ostrowskatv.pl\/index.php?rest_route=\/wp\/v2\/posts\/3064","targetHints":{"allow":["GET"]}}],"collection":[{"href":"https:\/\/ostrowskatv.pl\/index.php?rest_route=\/wp\/v2\/posts"}],"about":[{"href":"https:\/\/ostrowskatv.pl\/index.php?rest_route=\/wp\/v2\/types\/post"}],"author":[{"embeddable":true,"href":"https:\/\/ostrowskatv.pl\/index.php?rest_route=\/wp\/v2\/users\/1"}],"replies":[{"embeddable":true,"href":"https:\/\/ostrowskatv.pl\/index.php?rest_route=%2Fwp%2Fv2%2Fcomments&post=3064"}],"version-history":[{"count":0,"href":"https:\/\/ostrowskatv.pl\/index.php?rest_route=\/wp\/v2\/posts\/3064\/revisions"}],"wp:featuredmedia":[{"embeddable":true,"href":"https:\/\/ostrowskatv.pl\/index.php?rest_route=\/wp\/v2\/media\/3076"}],"wp:attachment":[{"href":"https:\/\/ostrowskatv.pl\/index.php?rest_route=%2Fwp%2Fv2%2Fmedia&parent=3064"}],"wp:term":[{"taxonomy":"category","embeddable":true,"href":"https:\/\/ostrowskatv.pl\/index.php?rest_route=%2Fwp%2Fv2%2Fcategories&post=3064"},{"taxonomy":"post_tag","embeddable":true,"href":"https:\/\/ostrowskatv.pl\/index.php?rest_route=%2Fwp%2Fv2%2Ftags&post=3064"}],"curies":[{"name":"wp","href":"https:\/\/api.w.org\/{rel}","templated":true}]}}