{"id":30628,"date":"2024-07-27T15:28:21","date_gmt":"2024-07-27T14:28:21","guid":{"rendered":"https:\/\/ostrowskatv.pl\/?p=30628"},"modified":"2024-07-27T15:28:21","modified_gmt":"2024-07-27T14:28:21","slug":"oblawa-na-uczestnikow-weselnej-obstawy-zdjecia","status":"publish","type":"post","link":"https:\/\/ostrowskatv.pl\/?p=30628","title":{"rendered":"Ob\u0142awa na uczestnik\u00f3w weselnej obstawy (ZDJ\u0118CIA)"},"content":{"rendered":"<p><strong>Dzi\u015b w Odolanowie o godzinie 13.30 zacz\u0119li zje\u017cd\u017ca\u0107 si\u0119 uczestnicy tzw. weselnej obstawy. Nagle zjecha\u0142o si\u0119 pe\u0142no policji. <\/strong><\/p>\n<p>W mediach spo\u0142eczno\u015bciowych motocykli\u015bci umawiaj\u0105 si\u0119 na uczestnictwo w uroczysto\u015bciach \u015blubnych. Jedna z nich mia\u0142a miejsce na terenie gm. Odolan\u00f3w. Z jakiego\u015b powodu policjanci postanowili du\u017cymi si\u0142ami wszystkich uczestnik\u00f3w sprawdzi\u0107.<\/p>\n<p>Na miejsce wys\u0142ano funkcjonariuszy drog\u00f3wki, kryminalnych oraz dwa busy z prewencj\u0105 z Poznania.<\/p>\n<p>Jeden z motocyklist\u00f3w na widok policji uciek\u0142 i funkcjonariusze pr\u00f3buj\u0105 ustali\u0107 jego to\u017csamo\u015b\u0107. Innych nieprawid\u0142owo\u015bci nie stwierdzono.<\/p>\n<p><img loading=\"lazy\" decoding=\"async\" src=\"https:\/\/ostrowskatv.pl\/wp-content\/uploads\/2024\/07\/1000076658.jpg\" alt=\"\" width=\"1920\" height=\"1081\" class=\"alignnone size-full wp-image-30629\" srcset=\"https:\/\/ostrowskatv.pl\/wp-content\/uploads\/2024\/07\/1000076658.jpg 1920w, https:\/\/ostrowskatv.pl\/wp-content\/uploads\/2024\/07\/1000076658-300x169.jpg 300w, https:\/\/ostrowskatv.pl\/wp-content\/uploads\/2024\/07\/1000076658-1333x751.jpg 1333w, https:\/\/ostrowskatv.pl\/wp-content\/uploads\/2024\/07\/1000076658-1536x865.jpg 1536w\" sizes=\"auto, (max-width: 1920px) 100vw, 1920px\" \/><\/p>\n<p><img loading=\"lazy\" decoding=\"async\" src=\"https:\/\/ostrowskatv.pl\/wp-content\/uploads\/2024\/07\/1000076657.jpg\" alt=\"\" width=\"1920\" height=\"1081\" class=\"alignnone size-full wp-image-30630\" srcset=\"https:\/\/ostrowskatv.pl\/wp-content\/uploads\/2024\/07\/1000076657.jpg 1920w, https:\/\/ostrowskatv.pl\/wp-content\/uploads\/2024\/07\/1000076657-300x169.jpg 300w, https:\/\/ostrowskatv.pl\/wp-content\/uploads\/2024\/07\/1000076657-1333x751.jpg 1333w, https:\/\/ostrowskatv.pl\/wp-content\/uploads\/2024\/07\/1000076657-1536x865.jpg 1536w\" sizes=\"auto, (max-width: 1920px) 100vw, 1920px\" \/><\/p>\n<p><img loading=\"lazy\" decoding=\"async\" src=\"https:\/\/ostrowskatv.pl\/wp-content\/uploads\/2024\/07\/1000076656.jpg\" alt=\"\" width=\"1920\" height=\"1001\" class=\"alignnone size-full wp-image-30631\" srcset=\"https:\/\/ostrowskatv.pl\/wp-content\/uploads\/2024\/07\/1000076656.jpg 1920w, https:\/\/ostrowskatv.pl\/wp-content\/uploads\/2024\/07\/1000076656-300x156.jpg 300w, https:\/\/ostrowskatv.pl\/wp-content\/uploads\/2024\/07\/1000076656-1333x695.jpg 1333w, https:\/\/ostrowskatv.pl\/wp-content\/uploads\/2024\/07\/1000076656-1536x801.jpg 1536w\" sizes=\"auto, (max-width: 1920px) 100vw, 1920px\" \/><\/p>\n<p><img loading=\"lazy\" decoding=\"async\" src=\"https:\/\/ostrowskatv.pl\/wp-content\/uploads\/2024\/07\/1000076655.jpg\" alt=\"\" width=\"1919\" height=\"1185\" class=\"alignnone size-full wp-image-30632\" srcset=\"https:\/\/ostrowskatv.pl\/wp-content\/uploads\/2024\/07\/1000076655.jpg 1919w, https:\/\/ostrowskatv.pl\/wp-content\/uploads\/2024\/07\/1000076655-300x185.jpg 300w, https:\/\/ostrowskatv.pl\/wp-content\/uploads\/2024\/07\/1000076655-1333x823.jpg 1333w, https:\/\/ostrowskatv.pl\/wp-content\/uploads\/2024\/07\/1000076655-1536x948.jpg 1536w\" sizes=\"auto, (max-width: 1919px) 100vw, 1919px\" \/><\/p>\n<p><img loading=\"lazy\" decoding=\"async\" src=\"https:\/\/ostrowskatv.pl\/wp-content\/uploads\/2024\/07\/1000076649.jpg\" alt=\"\" width=\"1920\" height=\"997\" class=\"alignnone size-full wp-image-30633\" srcset=\"https:\/\/ostrowskatv.pl\/wp-content\/uploads\/2024\/07\/1000076649.jpg 1920w, https:\/\/ostrowskatv.pl\/wp-content\/uploads\/2024\/07\/1000076649-300x156.jpg 300w, https:\/\/ostrowskatv.pl\/wp-content\/uploads\/2024\/07\/1000076649-1333x692.jpg 1333w, https:\/\/ostrowskatv.pl\/wp-content\/uploads\/2024\/07\/1000076649-1536x798.jpg 1536w\" sizes=\"auto, (max-width: 1920px) 100vw, 1920px\" \/><\/p>\n","protected":false},"excerpt":{"rendered":"Dzi\u015b w Odolanowie o godzinie 13.30 zacz\u0119li zje\u017cd\u017ca\u0107 si\u0119 uczestnicy tzw. weselnej obstawy. Nagle zjecha\u0142o si\u0119 pe\u0142no policji. W mediach spo\u0142eczno\u015bciowych motocykli\u015bci umawiaj\u0105 \n<a class=\"moretag\" href=\"https:\/\/ostrowskatv.pl\/?p=30628\"> [...]<\/a>","protected":false},"author":1,"featured_media":30629,"comment_status":"open","ping_status":"closed","sticky":false,"template":"","format":"standard","meta":{"footnotes":""},"categories":[1],"tags":[92],"class_list":["post-30628","post","type-post","status-publish","format-standard","has-post-thumbnail","hentry","category-news","tag-gm-odolanow"],"_links":{"self":[{"href":"https:\/\/ostrowskatv.pl\/index.php?rest_route=\/wp\/v2\/posts\/30628","targetHints":{"allow":["GET"]}}],"collection":[{"href":"https:\/\/ostrowskatv.pl\/index.php?rest_route=\/wp\/v2\/posts"}],"about":[{"href":"https:\/\/ostrowskatv.pl\/index.php?rest_route=\/wp\/v2\/types\/post"}],"author":[{"embeddable":true,"href":"https:\/\/ostrowskatv.pl\/index.php?rest_route=\/wp\/v2\/users\/1"}],"replies":[{"embeddable":true,"href":"https:\/\/ostrowskatv.pl\/index.php?rest_route=%2Fwp%2Fv2%2Fcomments&post=30628"}],"version-history":[{"count":0,"href":"https:\/\/ostrowskatv.pl\/index.php?rest_route=\/wp\/v2\/posts\/30628\/revisions"}],"wp:featuredmedia":[{"embeddable":true,"href":"https:\/\/ostrowskatv.pl\/index.php?rest_route=\/wp\/v2\/media\/30629"}],"wp:attachment":[{"href":"https:\/\/ostrowskatv.pl\/index.php?rest_route=%2Fwp%2Fv2%2Fmedia&parent=30628"}],"wp:term":[{"taxonomy":"category","embeddable":true,"href":"https:\/\/ostrowskatv.pl\/index.php?rest_route=%2Fwp%2Fv2%2Fcategories&post=30628"},{"taxonomy":"post_tag","embeddable":true,"href":"https:\/\/ostrowskatv.pl\/index.php?rest_route=%2Fwp%2Fv2%2Ftags&post=30628"}],"curies":[{"name":"wp","href":"https:\/\/api.w.org\/{rel}","templated":true}]}}