{"id":30543,"date":"2024-07-20T18:19:26","date_gmt":"2024-07-20T17:19:26","guid":{"rendered":"https:\/\/ostrowskatv.pl\/?p=30543"},"modified":"2024-07-20T18:20:38","modified_gmt":"2024-07-20T17:20:38","slug":"incydent-na-basenie-miejskim","status":"publish","type":"post","link":"https:\/\/ostrowskatv.pl\/?p=30543","title":{"rendered":"Incydent na basenie miejskim?"},"content":{"rendered":"<p>Nie lada zdziwienie pojawi\u0142o si\u0119 dzisiaj na twarzach rodzic\u00f3w widz\u0105c jak w cz\u0119\u015bci basenowej dla dzieci woda zacz\u0119\u0142a si\u0119 zabawia\u0107 w dwuznacznym kolorze. Jedna z mam nawet krzykbelo do dziecka: co ty zrobi\u0142e\u015b!?<\/p>\n<p>Do zdarzenia dosz\u0142o o godzinie 16.30. W cz\u0119\u015bci brodzikowej woda zacz\u0119\u0142a zabarwia\u0107 si\u0119 na kolor \u017c\u00f3\u0142to-br\u0105zowy. Niekt\u00f3rzy zacz\u0119li opuszcza\u0107 nie k\u0119 z my\u015blami, \u017ce kto\u015b by\u0142 sprawc\u0105 incydentu ka\u0142owego.<\/p>\n<p>A jednak nie. Kto\u015b wymy\u015bli\u0142, \u017ceby urozmaici\u0107 pobyt i zabarwi\u0107 w takim kolorze wod\u0119, nie informuj\u0105c przy tym zgromadzonych chocia\u017cby przez megafon. W przesz\u0142o\u015bci zabarwiano wod\u0119 np. na fioletowo czy niebiesko, co by\u0142o mi\u0142ym urozmaiceniem dla najm\u0142odszych.<\/p>\n<p><img loading=\"lazy\" decoding=\"async\" src=\"https:\/\/ostrowskatv.pl\/wp-content\/uploads\/2024\/07\/1000075375-1.jpg\" alt=\"\" width=\"1920\" height=\"1081\" class=\"alignnone size-full wp-image-30544\" srcset=\"https:\/\/ostrowskatv.pl\/wp-content\/uploads\/2024\/07\/1000075375-1.jpg 1920w, https:\/\/ostrowskatv.pl\/wp-content\/uploads\/2024\/07\/1000075375-1-300x169.jpg 300w, https:\/\/ostrowskatv.pl\/wp-content\/uploads\/2024\/07\/1000075375-1-1333x751.jpg 1333w, https:\/\/ostrowskatv.pl\/wp-content\/uploads\/2024\/07\/1000075375-1-1536x865.jpg 1536w\" sizes=\"auto, (max-width: 1920px) 100vw, 1920px\" \/><\/p>\n<p><img loading=\"lazy\" decoding=\"async\" src=\"https:\/\/ostrowskatv.pl\/wp-content\/uploads\/2024\/07\/1000075374-1.jpg\" alt=\"\" width=\"1920\" height=\"1081\" class=\"alignnone size-full wp-image-30545\" srcset=\"https:\/\/ostrowskatv.pl\/wp-content\/uploads\/2024\/07\/1000075374-1.jpg 1920w, https:\/\/ostrowskatv.pl\/wp-content\/uploads\/2024\/07\/1000075374-1-300x169.jpg 300w, https:\/\/ostrowskatv.pl\/wp-content\/uploads\/2024\/07\/1000075374-1-1333x751.jpg 1333w, https:\/\/ostrowskatv.pl\/wp-content\/uploads\/2024\/07\/1000075374-1-1536x865.jpg 1536w\" sizes=\"auto, (max-width: 1920px) 100vw, 1920px\" \/><\/p>\n<p><img loading=\"lazy\" decoding=\"async\" src=\"https:\/\/ostrowskatv.pl\/wp-content\/uploads\/2024\/07\/1000075368-1.jpg\" alt=\"\" width=\"1920\" height=\"1081\" class=\"alignnone size-full wp-image-30546\" srcset=\"https:\/\/ostrowskatv.pl\/wp-content\/uploads\/2024\/07\/1000075368-1.jpg 1920w, https:\/\/ostrowskatv.pl\/wp-content\/uploads\/2024\/07\/1000075368-1-300x169.jpg 300w, https:\/\/ostrowskatv.pl\/wp-content\/uploads\/2024\/07\/1000075368-1-1333x751.jpg 1333w, https:\/\/ostrowskatv.pl\/wp-content\/uploads\/2024\/07\/1000075368-1-1536x865.jpg 1536w\" sizes=\"auto, (max-width: 1920px) 100vw, 1920px\" \/><\/p>\n<p><img loading=\"lazy\" decoding=\"async\" src=\"https:\/\/ostrowskatv.pl\/wp-content\/uploads\/2024\/07\/1000075360-1.jpg\" alt=\"\" width=\"1920\" height=\"1081\" class=\"alignnone size-full wp-image-30547\" srcset=\"https:\/\/ostrowskatv.pl\/wp-content\/uploads\/2024\/07\/1000075360-1.jpg 1920w, https:\/\/ostrowskatv.pl\/wp-content\/uploads\/2024\/07\/1000075360-1-300x169.jpg 300w, https:\/\/ostrowskatv.pl\/wp-content\/uploads\/2024\/07\/1000075360-1-1333x751.jpg 1333w, https:\/\/ostrowskatv.pl\/wp-content\/uploads\/2024\/07\/1000075360-1-1536x865.jpg 1536w\" sizes=\"auto, (max-width: 1920px) 100vw, 1920px\" \/><\/p>\n<p><img loading=\"lazy\" decoding=\"async\" src=\"https:\/\/ostrowskatv.pl\/wp-content\/uploads\/2024\/07\/1000075369-1.jpg\" alt=\"\" width=\"1920\" height=\"1081\" class=\"alignnone size-full wp-image-30548\" srcset=\"https:\/\/ostrowskatv.pl\/wp-content\/uploads\/2024\/07\/1000075369-1.jpg 1920w, https:\/\/ostrowskatv.pl\/wp-content\/uploads\/2024\/07\/1000075369-1-300x169.jpg 300w, https:\/\/ostrowskatv.pl\/wp-content\/uploads\/2024\/07\/1000075369-1-1333x751.jpg 1333w, https:\/\/ostrowskatv.pl\/wp-content\/uploads\/2024\/07\/1000075369-1-1536x865.jpg 1536w\" sizes=\"auto, (max-width: 1920px) 100vw, 1920px\" \/><\/p>\n<p><img loading=\"lazy\" decoding=\"async\" src=\"https:\/\/ostrowskatv.pl\/wp-content\/uploads\/2024\/07\/1000075364-1.jpg\" alt=\"\" width=\"1081\" height=\"1920\" class=\"alignnone size-full wp-image-30549\" srcset=\"https:\/\/ostrowskatv.pl\/wp-content\/uploads\/2024\/07\/1000075364-1.jpg 1081w, https:\/\/ostrowskatv.pl\/wp-content\/uploads\/2024\/07\/1000075364-1-169x300.jpg 169w, https:\/\/ostrowskatv.pl\/wp-content\/uploads\/2024\/07\/1000075364-1-751x1333.jpg 751w, https:\/\/ostrowskatv.pl\/wp-content\/uploads\/2024\/07\/1000075364-1-865x1536.jpg 865w\" sizes=\"auto, (max-width: 1081px) 100vw, 1081px\" \/><\/p>\n<p>Po godzinie woda przefiltrowa\u0142a si\u0119 i kolor znikn\u0105\u0142. Dzi\u015b basen jest czynny do godziny 22, a woda w du\u017cej niecce b\u0119dzie pod\u015bwietlana kolorami. <\/p>\n","protected":false},"excerpt":{"rendered":"Nie lada zdziwienie pojawi\u0142o si\u0119 dzisiaj na twarzach rodzic\u00f3w widz\u0105c jak w cz\u0119\u015bci basenowej dla dzieci woda zacz\u0119\u0142a si\u0119 zabawia\u0107 w dwuznacznym kolorze. \n<a class=\"moretag\" href=\"https:\/\/ostrowskatv.pl\/?p=30543\"> [...]<\/a>","protected":false},"author":1,"featured_media":30546,"comment_status":"open","ping_status":"closed","sticky":false,"template":"","format":"standard","meta":{"footnotes":""},"categories":[1],"tags":[6,2],"class_list":["post-30543","post","type-post","status-publish","format-standard","has-post-thumbnail","hentry","category-news","tag-basen","tag-ostrow-wielkopolski"],"_links":{"self":[{"href":"https:\/\/ostrowskatv.pl\/index.php?rest_route=\/wp\/v2\/posts\/30543","targetHints":{"allow":["GET"]}}],"collection":[{"href":"https:\/\/ostrowskatv.pl\/index.php?rest_route=\/wp\/v2\/posts"}],"about":[{"href":"https:\/\/ostrowskatv.pl\/index.php?rest_route=\/wp\/v2\/types\/post"}],"author":[{"embeddable":true,"href":"https:\/\/ostrowskatv.pl\/index.php?rest_route=\/wp\/v2\/users\/1"}],"replies":[{"embeddable":true,"href":"https:\/\/ostrowskatv.pl\/index.php?rest_route=%2Fwp%2Fv2%2Fcomments&post=30543"}],"version-history":[{"count":0,"href":"https:\/\/ostrowskatv.pl\/index.php?rest_route=\/wp\/v2\/posts\/30543\/revisions"}],"wp:featuredmedia":[{"embeddable":true,"href":"https:\/\/ostrowskatv.pl\/index.php?rest_route=\/wp\/v2\/media\/30546"}],"wp:attachment":[{"href":"https:\/\/ostrowskatv.pl\/index.php?rest_route=%2Fwp%2Fv2%2Fmedia&parent=30543"}],"wp:term":[{"taxonomy":"category","embeddable":true,"href":"https:\/\/ostrowskatv.pl\/index.php?rest_route=%2Fwp%2Fv2%2Fcategories&post=30543"},{"taxonomy":"post_tag","embeddable":true,"href":"https:\/\/ostrowskatv.pl\/index.php?rest_route=%2Fwp%2Fv2%2Ftags&post=30543"}],"curies":[{"name":"wp","href":"https:\/\/api.w.org\/{rel}","templated":true}]}}