{"id":30515,"date":"2024-07-18T15:02:42","date_gmt":"2024-07-18T14:02:42","guid":{"rendered":"https:\/\/ostrowskatv.pl\/?p=30515"},"modified":"2024-07-18T15:19:46","modified_gmt":"2024-07-18T14:19:46","slug":"jechal-wezykiem-wydmuchal-sporo-zdjecia-z-zatrzymania","status":"publish","type":"post","link":"https:\/\/ostrowskatv.pl\/?p=30515","title":{"rendered":"Jecha\u0142 w\u0119\u017cykiem. Wydmucha\u0142 sporo (zdj\u0119cia z zatrzymania)"},"content":{"rendered":"<p><strong>Podejrzany tor jazdy samochodu osobowego wzbudzi\u0142 zaniepokojenie innego uczestnika drogi, kt\u00f3ry postanowi\u0142 powiadomi\u0107 policj\u0119. <\/strong><\/p>\n<p>Funkcjonariusze zatrzymali podejrzanego w pobli\u017cu wiaduktu \u0142\u0105cz\u0105cego ostrowskie Piaski z Karskami. Oko\u0142o 50-letni kierowca renault wydmucha\u0142 prawie p\u00f3\u0142tora promila alkoholu. <\/p>\n<p>M\u0119\u017cczyzna zosta\u0142 przewieziony na komend\u0119 policji gdzie zostanie przes\u0142uchany i zostanie mu postawiony zarzut kierowania pod wp\u0142ywem alkoholu. <\/p>\n<p>Teraz grozi mu szereg odpowiedzialno\u015bci karnej. <\/p>\n<p>Kara w wysoko\u015bci od 5 do nawet 60 tys. z\u0142. Ponadto kara ograniczenia wolno\u015bci w wymiarze do dw\u00f3ch lat pozbawienia wolno\u015bci. Mog\u0105 to by\u0107 tak\u017ce prace spo\u0142eczne (sprz\u0105tanie ulic\/chodnik\u00f3w\/skwer\u00f3w).<\/p>\n<p>S\u0105d zobowi\u0105zany jest r\u00f3wnie\u017c ustaw\u0105 do wymierzenia w takiej sytuacji zakazu kierowania pojazdami mechanicznymi \u2013 wszelkimi b\u0105d\u017a okre\u015blonych kategorii. Prawo jazdy zostanie jej odebrane na minimum 3 lata a\u017c do 15 lat. Po odzyskaniu uprawnie\u0144 do kierowania pojazdem otrzyma 15 punkt\u00f3w karnych. <\/p>\n<p><img loading=\"lazy\" decoding=\"async\" src=\"https:\/\/ostrowskatv.pl\/wp-content\/uploads\/2024\/07\/Policja-motocykl.jpg\" alt=\"\" width=\"1920\" height=\"1081\" class=\"alignnone size-full wp-image-30516\" srcset=\"https:\/\/ostrowskatv.pl\/wp-content\/uploads\/2024\/07\/Policja-motocykl.jpg 1920w, https:\/\/ostrowskatv.pl\/wp-content\/uploads\/2024\/07\/Policja-motocykl-300x169.jpg 300w, https:\/\/ostrowskatv.pl\/wp-content\/uploads\/2024\/07\/Policja-motocykl-1333x751.jpg 1333w, https:\/\/ostrowskatv.pl\/wp-content\/uploads\/2024\/07\/Policja-motocykl-1536x865.jpg 1536w\" sizes=\"auto, (max-width: 1920px) 100vw, 1920px\" \/><\/p>\n<p><img loading=\"lazy\" decoding=\"async\" src=\"https:\/\/ostrowskatv.pl\/wp-content\/uploads\/2024\/07\/1000075047.jpg\" alt=\"\" width=\"1920\" height=\"1081\" class=\"alignnone size-full wp-image-30517\" srcset=\"https:\/\/ostrowskatv.pl\/wp-content\/uploads\/2024\/07\/1000075047.jpg 1920w, https:\/\/ostrowskatv.pl\/wp-content\/uploads\/2024\/07\/1000075047-300x169.jpg 300w, https:\/\/ostrowskatv.pl\/wp-content\/uploads\/2024\/07\/1000075047-1333x751.jpg 1333w, https:\/\/ostrowskatv.pl\/wp-content\/uploads\/2024\/07\/1000075047-1536x865.jpg 1536w\" sizes=\"auto, (max-width: 1920px) 100vw, 1920px\" \/><\/p>\n<p><img loading=\"lazy\" decoding=\"async\" src=\"https:\/\/ostrowskatv.pl\/wp-content\/uploads\/2024\/07\/Policja-zatrzymany.jpg\" alt=\"\" width=\"1920\" height=\"1081\" class=\"alignnone size-full wp-image-30518\" srcset=\"https:\/\/ostrowskatv.pl\/wp-content\/uploads\/2024\/07\/Policja-zatrzymany.jpg 1920w, https:\/\/ostrowskatv.pl\/wp-content\/uploads\/2024\/07\/Policja-zatrzymany-300x169.jpg 300w, https:\/\/ostrowskatv.pl\/wp-content\/uploads\/2024\/07\/Policja-zatrzymany-1333x751.jpg 1333w, https:\/\/ostrowskatv.pl\/wp-content\/uploads\/2024\/07\/Policja-zatrzymany-1536x865.jpg 1536w\" sizes=\"auto, (max-width: 1920px) 100vw, 1920px\" \/><\/p>\n<p><img loading=\"lazy\" decoding=\"async\" src=\"https:\/\/ostrowskatv.pl\/wp-content\/uploads\/2024\/07\/1000075044.jpg\" alt=\"\" width=\"1920\" height=\"1081\" class=\"alignnone size-full wp-image-30519\" srcset=\"https:\/\/ostrowskatv.pl\/wp-content\/uploads\/2024\/07\/1000075044.jpg 1920w, https:\/\/ostrowskatv.pl\/wp-content\/uploads\/2024\/07\/1000075044-300x169.jpg 300w, https:\/\/ostrowskatv.pl\/wp-content\/uploads\/2024\/07\/1000075044-1333x751.jpg 1333w, https:\/\/ostrowskatv.pl\/wp-content\/uploads\/2024\/07\/1000075044-1536x865.jpg 1536w\" sizes=\"auto, (max-width: 1920px) 100vw, 1920px\" \/><\/p>\n<p><img loading=\"lazy\" decoding=\"async\" src=\"https:\/\/ostrowskatv.pl\/wp-content\/uploads\/2024\/07\/1000075043.jpg\" alt=\"\" width=\"1920\" height=\"1025\" class=\"alignnone size-full wp-image-30520\" srcset=\"https:\/\/ostrowskatv.pl\/wp-content\/uploads\/2024\/07\/1000075043.jpg 1920w, https:\/\/ostrowskatv.pl\/wp-content\/uploads\/2024\/07\/1000075043-300x160.jpg 300w, https:\/\/ostrowskatv.pl\/wp-content\/uploads\/2024\/07\/1000075043-1333x712.jpg 1333w, https:\/\/ostrowskatv.pl\/wp-content\/uploads\/2024\/07\/1000075043-1536x820.jpg 1536w\" sizes=\"auto, (max-width: 1920px) 100vw, 1920px\" \/><\/p>\n<p><img loading=\"lazy\" decoding=\"async\" src=\"https:\/\/ostrowskatv.pl\/wp-content\/uploads\/2024\/07\/Policja-alkomat.jpg\" alt=\"\" width=\"1920\" height=\"1081\" class=\"alignnone size-full wp-image-30521\" srcset=\"https:\/\/ostrowskatv.pl\/wp-content\/uploads\/2024\/07\/Policja-alkomat.jpg 1920w, https:\/\/ostrowskatv.pl\/wp-content\/uploads\/2024\/07\/Policja-alkomat-300x169.jpg 300w, https:\/\/ostrowskatv.pl\/wp-content\/uploads\/2024\/07\/Policja-alkomat-1333x751.jpg 1333w, https:\/\/ostrowskatv.pl\/wp-content\/uploads\/2024\/07\/Policja-alkomat-1536x865.jpg 1536w\" sizes=\"auto, (max-width: 1920px) 100vw, 1920px\" \/><\/p>\n<p><img loading=\"lazy\" decoding=\"async\" src=\"https:\/\/ostrowskatv.pl\/wp-content\/uploads\/2024\/07\/1000075041.jpg\" alt=\"\" width=\"1920\" height=\"1081\" class=\"alignnone size-full wp-image-30522\" srcset=\"https:\/\/ostrowskatv.pl\/wp-content\/uploads\/2024\/07\/1000075041.jpg 1920w, https:\/\/ostrowskatv.pl\/wp-content\/uploads\/2024\/07\/1000075041-300x169.jpg 300w, https:\/\/ostrowskatv.pl\/wp-content\/uploads\/2024\/07\/1000075041-1333x751.jpg 1333w, https:\/\/ostrowskatv.pl\/wp-content\/uploads\/2024\/07\/1000075041-1536x865.jpg 1536w\" sizes=\"auto, (max-width: 1920px) 100vw, 1920px\" \/><\/p>\n<p><img loading=\"lazy\" decoding=\"async\" src=\"https:\/\/ostrowskatv.pl\/wp-content\/uploads\/2024\/07\/1000075040.jpg\" alt=\"\" width=\"1920\" height=\"1081\" class=\"alignnone size-full wp-image-30523\" srcset=\"https:\/\/ostrowskatv.pl\/wp-content\/uploads\/2024\/07\/1000075040.jpg 1920w, https:\/\/ostrowskatv.pl\/wp-content\/uploads\/2024\/07\/1000075040-300x169.jpg 300w, https:\/\/ostrowskatv.pl\/wp-content\/uploads\/2024\/07\/1000075040-1333x751.jpg 1333w, https:\/\/ostrowskatv.pl\/wp-content\/uploads\/2024\/07\/1000075040-1536x865.jpg 1536w\" sizes=\"auto, (max-width: 1920px) 100vw, 1920px\" \/><\/p>\n<p><img loading=\"lazy\" decoding=\"async\" src=\"https:\/\/ostrowskatv.pl\/wp-content\/uploads\/2024\/07\/1000075039.jpg\" alt=\"\" width=\"1920\" height=\"1081\" class=\"alignnone size-full wp-image-30524\" srcset=\"https:\/\/ostrowskatv.pl\/wp-content\/uploads\/2024\/07\/1000075039.jpg 1920w, https:\/\/ostrowskatv.pl\/wp-content\/uploads\/2024\/07\/1000075039-300x169.jpg 300w, https:\/\/ostrowskatv.pl\/wp-content\/uploads\/2024\/07\/1000075039-1333x751.jpg 1333w, https:\/\/ostrowskatv.pl\/wp-content\/uploads\/2024\/07\/1000075039-1536x865.jpg 1536w\" sizes=\"auto, (max-width: 1920px) 100vw, 1920px\" \/><\/p>\n<p><img loading=\"lazy\" decoding=\"async\" src=\"https:\/\/ostrowskatv.pl\/wp-content\/uploads\/2024\/07\/1000075038.jpg\" alt=\"\" width=\"1197\" height=\"1919\" class=\"alignnone size-full wp-image-30525\" srcset=\"https:\/\/ostrowskatv.pl\/wp-content\/uploads\/2024\/07\/1000075038.jpg 1197w, https:\/\/ostrowskatv.pl\/wp-content\/uploads\/2024\/07\/1000075038-187x300.jpg 187w, https:\/\/ostrowskatv.pl\/wp-content\/uploads\/2024\/07\/1000075038-831x1333.jpg 831w, https:\/\/ostrowskatv.pl\/wp-content\/uploads\/2024\/07\/1000075038-958x1536.jpg 958w\" sizes=\"auto, (max-width: 1197px) 100vw, 1197px\" \/><\/p>\n","protected":false},"excerpt":{"rendered":"Podejrzany tor jazdy samochodu osobowego wzbudzi\u0142 zaniepokojenie innego uczestnika drogi, kt\u00f3ry postanowi\u0142 powiadomi\u0107 policj\u0119. Funkcjonariusze zatrzymali podejrzanego w pobli\u017cu wiaduktu \u0142\u0105cz\u0105cego ostrowskie Piaski \n<a class=\"moretag\" href=\"https:\/\/ostrowskatv.pl\/?p=30515\"> [...]<\/a>","protected":false},"author":1,"featured_media":30518,"comment_status":"open","ping_status":"closed","sticky":false,"template":"","format":"standard","meta":{"footnotes":""},"categories":[1],"tags":[2],"class_list":["post-30515","post","type-post","status-publish","format-standard","has-post-thumbnail","hentry","category-news","tag-ostrow-wielkopolski"],"_links":{"self":[{"href":"https:\/\/ostrowskatv.pl\/index.php?rest_route=\/wp\/v2\/posts\/30515","targetHints":{"allow":["GET"]}}],"collection":[{"href":"https:\/\/ostrowskatv.pl\/index.php?rest_route=\/wp\/v2\/posts"}],"about":[{"href":"https:\/\/ostrowskatv.pl\/index.php?rest_route=\/wp\/v2\/types\/post"}],"author":[{"embeddable":true,"href":"https:\/\/ostrowskatv.pl\/index.php?rest_route=\/wp\/v2\/users\/1"}],"replies":[{"embeddable":true,"href":"https:\/\/ostrowskatv.pl\/index.php?rest_route=%2Fwp%2Fv2%2Fcomments&post=30515"}],"version-history":[{"count":0,"href":"https:\/\/ostrowskatv.pl\/index.php?rest_route=\/wp\/v2\/posts\/30515\/revisions"}],"wp:featuredmedia":[{"embeddable":true,"href":"https:\/\/ostrowskatv.pl\/index.php?rest_route=\/wp\/v2\/media\/30518"}],"wp:attachment":[{"href":"https:\/\/ostrowskatv.pl\/index.php?rest_route=%2Fwp%2Fv2%2Fmedia&parent=30515"}],"wp:term":[{"taxonomy":"category","embeddable":true,"href":"https:\/\/ostrowskatv.pl\/index.php?rest_route=%2Fwp%2Fv2%2Fcategories&post=30515"},{"taxonomy":"post_tag","embeddable":true,"href":"https:\/\/ostrowskatv.pl\/index.php?rest_route=%2Fwp%2Fv2%2Ftags&post=30515"}],"curies":[{"name":"wp","href":"https:\/\/api.w.org\/{rel}","templated":true}]}}