{"id":30372,"date":"2024-07-11T08:24:58","date_gmt":"2024-07-11T07:24:58","guid":{"rendered":"https:\/\/ostrowskatv.pl\/?p=30372"},"modified":"2024-07-11T08:24:58","modified_gmt":"2024-07-11T07:24:58","slug":"potracil-rowerzystke-na-alei-slowackiego-zdjecia","status":"publish","type":"post","link":"https:\/\/ostrowskatv.pl\/?p=30372","title":{"rendered":"Potr\u0105ci\u0142 rowerzystk\u0119 na alei S\u0142owackiego (ZDJ\u0118CIA)"},"content":{"rendered":"<p><strong>Po godzinie 6 rano dosz\u0142o do zdarzenia drogowego na alei S\u0142owackiego w rejonie Kr. Jadwigi w Ostrowie Wielkopolskim.<\/strong><\/p>\n<p>Ze wst\u0119pnych ustale\u0144 wynika, \u017ce rowerzystka przeprowadza\u0142a rower po przej\u015bciu dla pieszych. W tym momencie w jej przednie ko\u0142o uderzy\u0142 peugeot kierowany przez 26-latka.<\/p>\n<p>Kobiet\u0119 przewieziono do szpitala gdzie wykonano badanie tomografem.<\/p>\n<p><img loading=\"lazy\" decoding=\"async\" src=\"https:\/\/ostrowskatv.pl\/wp-content\/uploads\/2024\/07\/1000073610.jpg\" alt=\"\" width=\"1920\" height=\"884\" class=\"alignnone size-full wp-image-30373\" srcset=\"https:\/\/ostrowskatv.pl\/wp-content\/uploads\/2024\/07\/1000073610.jpg 1920w, https:\/\/ostrowskatv.pl\/wp-content\/uploads\/2024\/07\/1000073610-300x138.jpg 300w, https:\/\/ostrowskatv.pl\/wp-content\/uploads\/2024\/07\/1000073610-1333x614.jpg 1333w, https:\/\/ostrowskatv.pl\/wp-content\/uploads\/2024\/07\/1000073610-1536x707.jpg 1536w\" sizes=\"auto, (max-width: 1920px) 100vw, 1920px\" \/><\/p>\n<p><img loading=\"lazy\" decoding=\"async\" src=\"https:\/\/ostrowskatv.pl\/wp-content\/uploads\/2024\/07\/1000073609.jpg\" alt=\"\" width=\"1920\" height=\"1458\" class=\"alignnone size-full wp-image-30374\" srcset=\"https:\/\/ostrowskatv.pl\/wp-content\/uploads\/2024\/07\/1000073609.jpg 1920w, https:\/\/ostrowskatv.pl\/wp-content\/uploads\/2024\/07\/1000073609-300x228.jpg 300w, https:\/\/ostrowskatv.pl\/wp-content\/uploads\/2024\/07\/1000073609-1333x1012.jpg 1333w, https:\/\/ostrowskatv.pl\/wp-content\/uploads\/2024\/07\/1000073609-1536x1166.jpg 1536w\" sizes=\"auto, (max-width: 1920px) 100vw, 1920px\" \/><\/p>\n<p><img loading=\"lazy\" decoding=\"async\" src=\"https:\/\/ostrowskatv.pl\/wp-content\/uploads\/2024\/07\/1000073608.jpg\" alt=\"\" width=\"1920\" height=\"1081\" class=\"alignnone size-full wp-image-30375\" srcset=\"https:\/\/ostrowskatv.pl\/wp-content\/uploads\/2024\/07\/1000073608.jpg 1920w, https:\/\/ostrowskatv.pl\/wp-content\/uploads\/2024\/07\/1000073608-300x169.jpg 300w, https:\/\/ostrowskatv.pl\/wp-content\/uploads\/2024\/07\/1000073608-1333x751.jpg 1333w, https:\/\/ostrowskatv.pl\/wp-content\/uploads\/2024\/07\/1000073608-1536x865.jpg 1536w\" sizes=\"auto, (max-width: 1920px) 100vw, 1920px\" \/><\/p>\n<p><img loading=\"lazy\" decoding=\"async\" src=\"https:\/\/ostrowskatv.pl\/wp-content\/uploads\/2024\/07\/1000073607.jpg\" alt=\"\" width=\"1250\" height=\"1920\" class=\"alignnone size-full wp-image-30376\" srcset=\"https:\/\/ostrowskatv.pl\/wp-content\/uploads\/2024\/07\/1000073607.jpg 1250w, https:\/\/ostrowskatv.pl\/wp-content\/uploads\/2024\/07\/1000073607-195x300.jpg 195w, https:\/\/ostrowskatv.pl\/wp-content\/uploads\/2024\/07\/1000073607-868x1333.jpg 868w, https:\/\/ostrowskatv.pl\/wp-content\/uploads\/2024\/07\/1000073607-1000x1536.jpg 1000w\" sizes=\"auto, (max-width: 1250px) 100vw, 1250px\" \/><\/p>\n<p><img loading=\"lazy\" decoding=\"async\" src=\"https:\/\/ostrowskatv.pl\/wp-content\/uploads\/2024\/07\/1000073606.jpg\" alt=\"\" width=\"1920\" height=\"1081\" class=\"alignnone size-full wp-image-30377\" srcset=\"https:\/\/ostrowskatv.pl\/wp-content\/uploads\/2024\/07\/1000073606.jpg 1920w, https:\/\/ostrowskatv.pl\/wp-content\/uploads\/2024\/07\/1000073606-300x169.jpg 300w, https:\/\/ostrowskatv.pl\/wp-content\/uploads\/2024\/07\/1000073606-1333x751.jpg 1333w, https:\/\/ostrowskatv.pl\/wp-content\/uploads\/2024\/07\/1000073606-1536x865.jpg 1536w\" sizes=\"auto, (max-width: 1920px) 100vw, 1920px\" \/><\/p>\n<p><img loading=\"lazy\" decoding=\"async\" src=\"https:\/\/ostrowskatv.pl\/wp-content\/uploads\/2024\/07\/1000073604.jpg\" alt=\"\" width=\"1920\" height=\"1220\" class=\"alignnone size-full wp-image-30378\" srcset=\"https:\/\/ostrowskatv.pl\/wp-content\/uploads\/2024\/07\/1000073604.jpg 1920w, https:\/\/ostrowskatv.pl\/wp-content\/uploads\/2024\/07\/1000073604-300x191.jpg 300w, https:\/\/ostrowskatv.pl\/wp-content\/uploads\/2024\/07\/1000073604-1333x847.jpg 1333w, https:\/\/ostrowskatv.pl\/wp-content\/uploads\/2024\/07\/1000073604-1536x976.jpg 1536w\" sizes=\"auto, (max-width: 1920px) 100vw, 1920px\" \/><\/p>\n<p><img loading=\"lazy\" decoding=\"async\" src=\"https:\/\/ostrowskatv.pl\/wp-content\/uploads\/2024\/07\/1000073603.jpg\" alt=\"\" width=\"1920\" height=\"1051\" class=\"alignnone size-full wp-image-30379\" srcset=\"https:\/\/ostrowskatv.pl\/wp-content\/uploads\/2024\/07\/1000073603.jpg 1920w, https:\/\/ostrowskatv.pl\/wp-content\/uploads\/2024\/07\/1000073603-300x164.jpg 300w, https:\/\/ostrowskatv.pl\/wp-content\/uploads\/2024\/07\/1000073603-1333x730.jpg 1333w, https:\/\/ostrowskatv.pl\/wp-content\/uploads\/2024\/07\/1000073603-1536x841.jpg 1536w\" sizes=\"auto, (max-width: 1920px) 100vw, 1920px\" \/><\/p>\n<p><img loading=\"lazy\" decoding=\"async\" src=\"https:\/\/ostrowskatv.pl\/wp-content\/uploads\/2024\/07\/1000073602.jpg\" alt=\"\" width=\"1919\" height=\"1031\" class=\"alignnone size-full wp-image-30380\" srcset=\"https:\/\/ostrowskatv.pl\/wp-content\/uploads\/2024\/07\/1000073602.jpg 1919w, https:\/\/ostrowskatv.pl\/wp-content\/uploads\/2024\/07\/1000073602-300x161.jpg 300w, https:\/\/ostrowskatv.pl\/wp-content\/uploads\/2024\/07\/1000073602-1333x716.jpg 1333w, https:\/\/ostrowskatv.pl\/wp-content\/uploads\/2024\/07\/1000073602-1536x825.jpg 1536w\" sizes=\"auto, (max-width: 1919px) 100vw, 1919px\" \/><\/p>\n","protected":false},"excerpt":{"rendered":"Po godzinie 6 rano dosz\u0142o do zdarzenia drogowego na alei S\u0142owackiego w rejonie Kr. Jadwigi w Ostrowie Wielkopolskim. Ze wst\u0119pnych ustale\u0144 wynika, \u017ce \n<a class=\"moretag\" href=\"https:\/\/ostrowskatv.pl\/?p=30372\"> [...]<\/a>","protected":false},"author":1,"featured_media":30380,"comment_status":"open","ping_status":"closed","sticky":false,"template":"","format":"standard","meta":{"footnotes":""},"categories":[1],"tags":[288,2,41,220,72],"class_list":["post-30372","post","type-post","status-publish","format-standard","has-post-thumbnail","hentry","category-news","tag-al-slowackiego","tag-ostrow-wielkopolski","tag-potracenie","tag-rower","tag-samochod"],"_links":{"self":[{"href":"https:\/\/ostrowskatv.pl\/index.php?rest_route=\/wp\/v2\/posts\/30372","targetHints":{"allow":["GET"]}}],"collection":[{"href":"https:\/\/ostrowskatv.pl\/index.php?rest_route=\/wp\/v2\/posts"}],"about":[{"href":"https:\/\/ostrowskatv.pl\/index.php?rest_route=\/wp\/v2\/types\/post"}],"author":[{"embeddable":true,"href":"https:\/\/ostrowskatv.pl\/index.php?rest_route=\/wp\/v2\/users\/1"}],"replies":[{"embeddable":true,"href":"https:\/\/ostrowskatv.pl\/index.php?rest_route=%2Fwp%2Fv2%2Fcomments&post=30372"}],"version-history":[{"count":0,"href":"https:\/\/ostrowskatv.pl\/index.php?rest_route=\/wp\/v2\/posts\/30372\/revisions"}],"wp:featuredmedia":[{"embeddable":true,"href":"https:\/\/ostrowskatv.pl\/index.php?rest_route=\/wp\/v2\/media\/30380"}],"wp:attachment":[{"href":"https:\/\/ostrowskatv.pl\/index.php?rest_route=%2Fwp%2Fv2%2Fmedia&parent=30372"}],"wp:term":[{"taxonomy":"category","embeddable":true,"href":"https:\/\/ostrowskatv.pl\/index.php?rest_route=%2Fwp%2Fv2%2Fcategories&post=30372"},{"taxonomy":"post_tag","embeddable":true,"href":"https:\/\/ostrowskatv.pl\/index.php?rest_route=%2Fwp%2Fv2%2Ftags&post=30372"}],"curies":[{"name":"wp","href":"https:\/\/api.w.org\/{rel}","templated":true}]}}