{"id":30254,"date":"2024-06-28T20:33:53","date_gmt":"2024-06-28T19:33:53","guid":{"rendered":"https:\/\/ostrowskatv.pl\/?p=30254"},"modified":"2024-06-28T20:33:53","modified_gmt":"2024-06-28T19:33:53","slug":"wypadek-auta-z-przyczepka-w-srodku-byly-dzieci","status":"publish","type":"post","link":"https:\/\/ostrowskatv.pl\/?p=30254","title":{"rendered":"Wypadek auta z przyczepk\u0105. W \u015brodku by\u0142y dzieci"},"content":{"rendered":"<p><strong>O godzinie 20 dosz\u0142o do gro\u017anie wygl\u0105daj\u0105cego zdarzenia drogowego. Na odcinku Odolan\u00f3w &#8211; Ostr\u00f3w Wielkopolski, w lesie topolskim, dachowa\u0142 samoch\u00f3d. Wewn\u0105trz znajdowa\u0142y si\u0119 4 osoby.<\/strong><\/p>\n<p>Samochodem parki peugeot podr\u00f3\u017cowa\u0142y dwie osoby doros\u0142e oraz dwoje dzieci w wieku 5 i 7 lat. Dzieci na szcz\u0119\u015bcie podr\u00f3\u017cowa\u0142y w fotelikach, dlatego nie odnios\u0142y \u017cadnych obra\u017ce\u0144 cia\u0142a.<\/p>\n<p>Do peugeota doczepiona by\u0142a przyczepka z za\u0142adowanymi deskami. Najprawdopodobniej \u017ale roz\u0142o\u017cony towar spowodowa\u0142 efekt, kt\u00f3ry doprowadzi\u0142 do utraty kontroli nad autem.<\/p>\n<p><img loading=\"lazy\" decoding=\"async\" src=\"https:\/\/ostrowskatv.pl\/wp-content\/uploads\/2024\/06\/1000071419.jpg\" alt=\"\" width=\"1202\" height=\"677\" class=\"alignnone size-full wp-image-30255\" srcset=\"https:\/\/ostrowskatv.pl\/wp-content\/uploads\/2024\/06\/1000071419.jpg 1202w, https:\/\/ostrowskatv.pl\/wp-content\/uploads\/2024\/06\/1000071419-300x169.jpg 300w, https:\/\/ostrowskatv.pl\/wp-content\/uploads\/2024\/06\/1000071419-388x220.jpg 388w\" sizes=\"auto, (max-width: 1202px) 100vw, 1202px\" \/><\/p>\n<p><img loading=\"lazy\" decoding=\"async\" src=\"https:\/\/ostrowskatv.pl\/wp-content\/uploads\/2024\/06\/1000071425.jpg\" alt=\"\" width=\"1920\" height=\"902\" class=\"alignnone size-full wp-image-30256\" srcset=\"https:\/\/ostrowskatv.pl\/wp-content\/uploads\/2024\/06\/1000071425.jpg 1920w, https:\/\/ostrowskatv.pl\/wp-content\/uploads\/2024\/06\/1000071425-300x141.jpg 300w, https:\/\/ostrowskatv.pl\/wp-content\/uploads\/2024\/06\/1000071425-1333x626.jpg 1333w, https:\/\/ostrowskatv.pl\/wp-content\/uploads\/2024\/06\/1000071425-1536x722.jpg 1536w\" sizes=\"auto, (max-width: 1920px) 100vw, 1920px\" \/><\/p>\n<p><img loading=\"lazy\" decoding=\"async\" src=\"https:\/\/ostrowskatv.pl\/wp-content\/uploads\/2024\/06\/1000071428.jpg\" alt=\"\" width=\"1920\" height=\"941\" class=\"alignnone size-full wp-image-30257\" srcset=\"https:\/\/ostrowskatv.pl\/wp-content\/uploads\/2024\/06\/1000071428.jpg 1920w, https:\/\/ostrowskatv.pl\/wp-content\/uploads\/2024\/06\/1000071428-300x147.jpg 300w, https:\/\/ostrowskatv.pl\/wp-content\/uploads\/2024\/06\/1000071428-1333x653.jpg 1333w, https:\/\/ostrowskatv.pl\/wp-content\/uploads\/2024\/06\/1000071428-1536x753.jpg 1536w\" sizes=\"auto, (max-width: 1920px) 100vw, 1920px\" \/><\/p>\n<p><iframe loading=\"lazy\" title=\"Prawid\u0142owy za\u0142adunek przyczepy\" width=\"747\" height=\"420\" src=\"https:\/\/www.youtube.com\/embed\/8yzLMTwtNUM?feature=oembed\" frameborder=\"0\" allow=\"accelerometer; autoplay; clipboard-write; encrypted-media; gyroscope; picture-in-picture; web-share\" referrerpolicy=\"strict-origin-when-cross-origin\" allowfullscreen><\/iframe><\/p>\n","protected":false},"excerpt":{"rendered":"O godzinie 20 dosz\u0142o do gro\u017anie wygl\u0105daj\u0105cego zdarzenia drogowego. Na odcinku Odolan\u00f3w &#8211; Ostr\u00f3w Wielkopolski, w lesie topolskim, dachowa\u0142 samoch\u00f3d. Wewn\u0105trz znajdowa\u0142y si\u0119 \n<a class=\"moretag\" href=\"https:\/\/ostrowskatv.pl\/?p=30254\"> [...]<\/a>","protected":false},"author":1,"featured_media":30255,"comment_status":"open","ping_status":"closed","sticky":false,"template":"","format":"standard","meta":{"footnotes":""},"categories":[1],"tags":[72,11],"class_list":["post-30254","post","type-post","status-publish","format-standard","has-post-thumbnail","hentry","category-news","tag-samochod","tag-wypadek"],"_links":{"self":[{"href":"https:\/\/ostrowskatv.pl\/index.php?rest_route=\/wp\/v2\/posts\/30254","targetHints":{"allow":["GET"]}}],"collection":[{"href":"https:\/\/ostrowskatv.pl\/index.php?rest_route=\/wp\/v2\/posts"}],"about":[{"href":"https:\/\/ostrowskatv.pl\/index.php?rest_route=\/wp\/v2\/types\/post"}],"author":[{"embeddable":true,"href":"https:\/\/ostrowskatv.pl\/index.php?rest_route=\/wp\/v2\/users\/1"}],"replies":[{"embeddable":true,"href":"https:\/\/ostrowskatv.pl\/index.php?rest_route=%2Fwp%2Fv2%2Fcomments&post=30254"}],"version-history":[{"count":0,"href":"https:\/\/ostrowskatv.pl\/index.php?rest_route=\/wp\/v2\/posts\/30254\/revisions"}],"wp:featuredmedia":[{"embeddable":true,"href":"https:\/\/ostrowskatv.pl\/index.php?rest_route=\/wp\/v2\/media\/30255"}],"wp:attachment":[{"href":"https:\/\/ostrowskatv.pl\/index.php?rest_route=%2Fwp%2Fv2%2Fmedia&parent=30254"}],"wp:term":[{"taxonomy":"category","embeddable":true,"href":"https:\/\/ostrowskatv.pl\/index.php?rest_route=%2Fwp%2Fv2%2Fcategories&post=30254"},{"taxonomy":"post_tag","embeddable":true,"href":"https:\/\/ostrowskatv.pl\/index.php?rest_route=%2Fwp%2Fv2%2Ftags&post=30254"}],"curies":[{"name":"wp","href":"https:\/\/api.w.org\/{rel}","templated":true}]}}