{"id":30174,"date":"2024-06-24T16:07:49","date_gmt":"2024-06-24T15:07:49","guid":{"rendered":"https:\/\/ostrowskatv.pl\/?p=30174"},"modified":"2024-06-24T16:15:04","modified_gmt":"2024-06-24T15:15:04","slug":"nie-przezyl-potracenia-przez-pociag","status":"publish","type":"post","link":"https:\/\/ostrowskatv.pl\/?p=30174","title":{"rendered":"Nie prze\u017cy\u0142 potr\u0105cenia przez poci\u0105g"},"content":{"rendered":"<p><strong>Chwil\u0119 po godzinie 16 dosz\u0142o do potr\u0105cenia osoby przez lokomotyw\u0119. W wyniku odniesionych obra\u017ce\u0144 m\u0119\u017cczyzna zgin\u0105\u0142 na miejscu.<\/strong><\/p>\n<p>Do zdarzenia dosz\u0142o w lesie pomi\u0119dzy Grudzielcem a G\u00f3rzenkiem przy niestrze\u017conym przeje\u017adzie kolejowym.<\/p>\n<p>Na miejsce wys\u0142ano s\u0142u\u017cby ratunkowe, ale na pomoc by\u0142o zbyt p\u00f3\u017ano.<\/p>\n<p>W lokomotywie znajdowa\u0142 si\u0119 nauczyciel oraz ucze\u0144. <\/p>\n<p><img loading=\"lazy\" decoding=\"async\" src=\"https:\/\/ostrowskatv.pl\/wp-content\/uploads\/2024\/06\/1000070750.jpg\" alt=\"\" width=\"1920\" height=\"1081\" class=\"alignnone size-full wp-image-30175\" srcset=\"https:\/\/ostrowskatv.pl\/wp-content\/uploads\/2024\/06\/1000070750.jpg 1920w, https:\/\/ostrowskatv.pl\/wp-content\/uploads\/2024\/06\/1000070750-300x169.jpg 300w, https:\/\/ostrowskatv.pl\/wp-content\/uploads\/2024\/06\/1000070750-1333x751.jpg 1333w, https:\/\/ostrowskatv.pl\/wp-content\/uploads\/2024\/06\/1000070750-1536x865.jpg 1536w\" sizes=\"auto, (max-width: 1920px) 100vw, 1920px\" \/><\/p>\n<p><img loading=\"lazy\" decoding=\"async\" src=\"https:\/\/ostrowskatv.pl\/wp-content\/uploads\/2024\/06\/1000070755.jpg\" alt=\"\" width=\"1920\" height=\"937\" class=\"alignnone size-full wp-image-30176\" srcset=\"https:\/\/ostrowskatv.pl\/wp-content\/uploads\/2024\/06\/1000070755.jpg 1920w, https:\/\/ostrowskatv.pl\/wp-content\/uploads\/2024\/06\/1000070755-300x146.jpg 300w, https:\/\/ostrowskatv.pl\/wp-content\/uploads\/2024\/06\/1000070755-1333x651.jpg 1333w, https:\/\/ostrowskatv.pl\/wp-content\/uploads\/2024\/06\/1000070755-1536x750.jpg 1536w\" sizes=\"auto, (max-width: 1920px) 100vw, 1920px\" \/><\/p>\n<p><img loading=\"lazy\" decoding=\"async\" src=\"https:\/\/ostrowskatv.pl\/wp-content\/uploads\/2024\/06\/1000070756.jpg\" alt=\"\" width=\"1919\" height=\"1011\" class=\"alignnone size-full wp-image-30177\" srcset=\"https:\/\/ostrowskatv.pl\/wp-content\/uploads\/2024\/06\/1000070756.jpg 1919w, https:\/\/ostrowskatv.pl\/wp-content\/uploads\/2024\/06\/1000070756-300x158.jpg 300w, https:\/\/ostrowskatv.pl\/wp-content\/uploads\/2024\/06\/1000070756-1333x702.jpg 1333w, https:\/\/ostrowskatv.pl\/wp-content\/uploads\/2024\/06\/1000070756-1536x809.jpg 1536w\" sizes=\"auto, (max-width: 1919px) 100vw, 1919px\" \/><\/p>\n<p><img loading=\"lazy\" decoding=\"async\" src=\"https:\/\/ostrowskatv.pl\/wp-content\/uploads\/2024\/06\/1000070757.jpg\" alt=\"\" width=\"1919\" height=\"925\" class=\"alignnone size-full wp-image-30178\" srcset=\"https:\/\/ostrowskatv.pl\/wp-content\/uploads\/2024\/06\/1000070757.jpg 1919w, https:\/\/ostrowskatv.pl\/wp-content\/uploads\/2024\/06\/1000070757-300x145.jpg 300w, https:\/\/ostrowskatv.pl\/wp-content\/uploads\/2024\/06\/1000070757-1333x643.jpg 1333w, https:\/\/ostrowskatv.pl\/wp-content\/uploads\/2024\/06\/1000070757-1536x740.jpg 1536w\" sizes=\"auto, (max-width: 1919px) 100vw, 1919px\" \/><\/p>\n<p><img loading=\"lazy\" decoding=\"async\" src=\"https:\/\/ostrowskatv.pl\/wp-content\/uploads\/2024\/06\/1000070758.jpg\" alt=\"\" width=\"1920\" height=\"1081\" class=\"alignnone size-full wp-image-30179\" srcset=\"https:\/\/ostrowskatv.pl\/wp-content\/uploads\/2024\/06\/1000070758.jpg 1920w, https:\/\/ostrowskatv.pl\/wp-content\/uploads\/2024\/06\/1000070758-300x169.jpg 300w, https:\/\/ostrowskatv.pl\/wp-content\/uploads\/2024\/06\/1000070758-1333x751.jpg 1333w, https:\/\/ostrowskatv.pl\/wp-content\/uploads\/2024\/06\/1000070758-1536x865.jpg 1536w\" sizes=\"auto, (max-width: 1920px) 100vw, 1920px\" \/><\/p>\n","protected":false},"excerpt":{"rendered":"Chwil\u0119 po godzinie 16 dosz\u0142o do potr\u0105cenia osoby przez lokomotyw\u0119. W wyniku odniesionych obra\u017ce\u0144 m\u0119\u017cczyzna zgin\u0105\u0142 na miejscu. Do zdarzenia dosz\u0142o w lesie \n<a class=\"moretag\" href=\"https:\/\/ostrowskatv.pl\/?p=30174\"> [...]<\/a>","protected":false},"author":1,"featured_media":30177,"comment_status":"open","ping_status":"closed","sticky":false,"template":"","format":"standard","meta":{"footnotes":""},"categories":[1],"tags":[239,199,41],"class_list":["post-30174","post","type-post","status-publish","format-standard","has-post-thumbnail","hentry","category-news","tag-las","tag-pociag","tag-potracenie"],"_links":{"self":[{"href":"https:\/\/ostrowskatv.pl\/index.php?rest_route=\/wp\/v2\/posts\/30174","targetHints":{"allow":["GET"]}}],"collection":[{"href":"https:\/\/ostrowskatv.pl\/index.php?rest_route=\/wp\/v2\/posts"}],"about":[{"href":"https:\/\/ostrowskatv.pl\/index.php?rest_route=\/wp\/v2\/types\/post"}],"author":[{"embeddable":true,"href":"https:\/\/ostrowskatv.pl\/index.php?rest_route=\/wp\/v2\/users\/1"}],"replies":[{"embeddable":true,"href":"https:\/\/ostrowskatv.pl\/index.php?rest_route=%2Fwp%2Fv2%2Fcomments&post=30174"}],"version-history":[{"count":0,"href":"https:\/\/ostrowskatv.pl\/index.php?rest_route=\/wp\/v2\/posts\/30174\/revisions"}],"wp:featuredmedia":[{"embeddable":true,"href":"https:\/\/ostrowskatv.pl\/index.php?rest_route=\/wp\/v2\/media\/30177"}],"wp:attachment":[{"href":"https:\/\/ostrowskatv.pl\/index.php?rest_route=%2Fwp%2Fv2%2Fmedia&parent=30174"}],"wp:term":[{"taxonomy":"category","embeddable":true,"href":"https:\/\/ostrowskatv.pl\/index.php?rest_route=%2Fwp%2Fv2%2Fcategories&post=30174"},{"taxonomy":"post_tag","embeddable":true,"href":"https:\/\/ostrowskatv.pl\/index.php?rest_route=%2Fwp%2Fv2%2Ftags&post=30174"}],"curies":[{"name":"wp","href":"https:\/\/api.w.org\/{rel}","templated":true}]}}