{"id":30139,"date":"2024-06-17T15:22:07","date_gmt":"2024-06-17T14:22:07","guid":{"rendered":"https:\/\/ostrowskatv.pl\/?p=30139"},"modified":"2024-06-17T15:22:07","modified_gmt":"2024-06-17T14:22:07","slug":"to-oni-brali-udzial-w-strasznym-pobiciu","status":"publish","type":"post","link":"https:\/\/ostrowskatv.pl\/?p=30139","title":{"rendered":"To oni brali udzia\u0142 w strasznym pobiciu"},"content":{"rendered":"<p><strong>Dzi\u015b w Prokuraturze Rejonowej w Ostrowie Wielkopolskim odby\u0142o si\u0119 postawienie zarzut\u00f3w trzem m\u0119\u017cczyznom, kt\u00f3ry mog\u0105 odpowiada\u0107 jak doro\u015bli za pobicie ze skutkiem \u015bmiertelnym. Czterech odpowiada\u0142o przed S\u0105dem Rodzinnym. <\/strong><\/p>\n<p>Kacper S. z (gm. Sieroszewice), Adam B. i Mateusz S. to oni dzi\u015b wys\u0142uchali zarzutu i b\u0119d\u0105 odpowiada\u0107 jak doro\u015bli. Ich czterech m\u0142odszych koleg\u00f3w trafi\u0142o do M\u0142odzie\u017cowego O\u015brodka Wychowawczego, gdzie b\u0119d\u0105 czeka\u0107 na wyrok S\u0105du Rodzinnego. Mog\u0105 trafi\u0107 do zak\u0142adu poprawczego.<\/p>\n<p>Sekcja cia\u0142a Damiana nie przynios\u0142a jednoznacznej odpowiedzi odno\u015bnie przyczyny \u015bmierci i charakteru obra\u017ce\u0144. Dopiero po wykonaniu dodatkowych bada\u0144 b\u0119dzie mo\u017cna precyzyjnie wskaza\u0107 szczeg\u00f3\u0142y. Sprawa dotyczy brutalnego pobicia przy dyskotece we Wt\u00f3rku w wyniku kt\u00f3rego zmar\u0142 24-latek z powiatu kaliskiego.<\/p>\n<p><img loading=\"lazy\" decoding=\"async\" src=\"https:\/\/ostrowskatv.pl\/wp-content\/uploads\/2024\/06\/1000069633.jpg\" alt=\"\" width=\"1920\" height=\"1576\" class=\"alignnone size-full wp-image-30140\" srcset=\"https:\/\/ostrowskatv.pl\/wp-content\/uploads\/2024\/06\/1000069633.jpg 1920w, https:\/\/ostrowskatv.pl\/wp-content\/uploads\/2024\/06\/1000069633-300x246.jpg 300w, https:\/\/ostrowskatv.pl\/wp-content\/uploads\/2024\/06\/1000069633-1333x1094.jpg 1333w, https:\/\/ostrowskatv.pl\/wp-content\/uploads\/2024\/06\/1000069633-1536x1261.jpg 1536w\" sizes=\"auto, (max-width: 1920px) 100vw, 1920px\" \/><\/p>\n<p><img loading=\"lazy\" decoding=\"async\" src=\"https:\/\/ostrowskatv.pl\/wp-content\/uploads\/2024\/06\/1000069631.jpg\" alt=\"\" width=\"1920\" height=\"1157\" class=\"alignnone size-full wp-image-30141\" srcset=\"https:\/\/ostrowskatv.pl\/wp-content\/uploads\/2024\/06\/1000069631.jpg 1920w, https:\/\/ostrowskatv.pl\/wp-content\/uploads\/2024\/06\/1000069631-300x181.jpg 300w, https:\/\/ostrowskatv.pl\/wp-content\/uploads\/2024\/06\/1000069631-1333x803.jpg 1333w, https:\/\/ostrowskatv.pl\/wp-content\/uploads\/2024\/06\/1000069631-1536x926.jpg 1536w\" sizes=\"auto, (max-width: 1920px) 100vw, 1920px\" \/><\/p>\n<p><img loading=\"lazy\" decoding=\"async\" src=\"https:\/\/ostrowskatv.pl\/wp-content\/uploads\/2024\/06\/1000069630.jpg\" alt=\"\" width=\"1920\" height=\"1231\" class=\"alignnone size-full wp-image-30142\" srcset=\"https:\/\/ostrowskatv.pl\/wp-content\/uploads\/2024\/06\/1000069630.jpg 1920w, https:\/\/ostrowskatv.pl\/wp-content\/uploads\/2024\/06\/1000069630-300x192.jpg 300w, https:\/\/ostrowskatv.pl\/wp-content\/uploads\/2024\/06\/1000069630-1333x855.jpg 1333w, https:\/\/ostrowskatv.pl\/wp-content\/uploads\/2024\/06\/1000069630-1536x985.jpg 1536w\" sizes=\"auto, (max-width: 1920px) 100vw, 1920px\" \/><\/p>\n<p><img loading=\"lazy\" decoding=\"async\" src=\"https:\/\/ostrowskatv.pl\/wp-content\/uploads\/2024\/06\/1000069629.jpg\" alt=\"\" width=\"1920\" height=\"1266\" class=\"alignnone size-full wp-image-30143\" srcset=\"https:\/\/ostrowskatv.pl\/wp-content\/uploads\/2024\/06\/1000069629.jpg 1920w, https:\/\/ostrowskatv.pl\/wp-content\/uploads\/2024\/06\/1000069629-300x198.jpg 300w, https:\/\/ostrowskatv.pl\/wp-content\/uploads\/2024\/06\/1000069629-1333x879.jpg 1333w, https:\/\/ostrowskatv.pl\/wp-content\/uploads\/2024\/06\/1000069629-1536x1013.jpg 1536w\" sizes=\"auto, (max-width: 1920px) 100vw, 1920px\" \/><\/p>\n<p><img loading=\"lazy\" decoding=\"async\" src=\"https:\/\/ostrowskatv.pl\/wp-content\/uploads\/2024\/06\/1000069661-1.jpg\" alt=\"\" width=\"594\" height=\"664\" class=\"alignnone size-full wp-image-30144\" srcset=\"https:\/\/ostrowskatv.pl\/wp-content\/uploads\/2024\/06\/1000069661-1.jpg 594w, https:\/\/ostrowskatv.pl\/wp-content\/uploads\/2024\/06\/1000069661-1-268x300.jpg 268w\" sizes=\"auto, (max-width: 594px) 100vw, 594px\" \/><\/p>\n<p><img loading=\"lazy\" decoding=\"async\" src=\"https:\/\/ostrowskatv.pl\/wp-content\/uploads\/2024\/06\/1000069686.jpg\" alt=\"\" width=\"1919\" height=\"1319\" class=\"alignnone size-full wp-image-30145\" srcset=\"https:\/\/ostrowskatv.pl\/wp-content\/uploads\/2024\/06\/1000069686.jpg 1919w, https:\/\/ostrowskatv.pl\/wp-content\/uploads\/2024\/06\/1000069686-300x206.jpg 300w, https:\/\/ostrowskatv.pl\/wp-content\/uploads\/2024\/06\/1000069686-1333x916.jpg 1333w, https:\/\/ostrowskatv.pl\/wp-content\/uploads\/2024\/06\/1000069686-1536x1056.jpg 1536w\" sizes=\"auto, (max-width: 1919px) 100vw, 1919px\" \/><\/p>\n<p><img loading=\"lazy\" decoding=\"async\" src=\"https:\/\/ostrowskatv.pl\/wp-content\/uploads\/2024\/06\/1000069688.jpg\" alt=\"\" width=\"1128\" height=\"1100\" class=\"alignnone size-full wp-image-30146\" srcset=\"https:\/\/ostrowskatv.pl\/wp-content\/uploads\/2024\/06\/1000069688.jpg 1128w, https:\/\/ostrowskatv.pl\/wp-content\/uploads\/2024\/06\/1000069688-300x293.jpg 300w\" sizes=\"auto, (max-width: 1128px) 100vw, 1128px\" \/><\/p>\n","protected":false},"excerpt":{"rendered":"Dzi\u015b w Prokuraturze Rejonowej w Ostrowie Wielkopolskim odby\u0142o si\u0119 postawienie zarzut\u00f3w trzem m\u0119\u017cczyznom, kt\u00f3ry mog\u0105 odpowiada\u0107 jak doro\u015bli za pobicie ze skutkiem \u015bmiertelnym. \n<a class=\"moretag\" href=\"https:\/\/ostrowskatv.pl\/?p=30139\"> [...]<\/a>","protected":false},"author":1,"featured_media":30142,"comment_status":"open","ping_status":"closed","sticky":false,"template":"","format":"standard","meta":{"footnotes":""},"categories":[1],"tags":[2],"class_list":["post-30139","post","type-post","status-publish","format-standard","has-post-thumbnail","hentry","category-news","tag-ostrow-wielkopolski"],"_links":{"self":[{"href":"https:\/\/ostrowskatv.pl\/index.php?rest_route=\/wp\/v2\/posts\/30139","targetHints":{"allow":["GET"]}}],"collection":[{"href":"https:\/\/ostrowskatv.pl\/index.php?rest_route=\/wp\/v2\/posts"}],"about":[{"href":"https:\/\/ostrowskatv.pl\/index.php?rest_route=\/wp\/v2\/types\/post"}],"author":[{"embeddable":true,"href":"https:\/\/ostrowskatv.pl\/index.php?rest_route=\/wp\/v2\/users\/1"}],"replies":[{"embeddable":true,"href":"https:\/\/ostrowskatv.pl\/index.php?rest_route=%2Fwp%2Fv2%2Fcomments&post=30139"}],"version-history":[{"count":0,"href":"https:\/\/ostrowskatv.pl\/index.php?rest_route=\/wp\/v2\/posts\/30139\/revisions"}],"wp:featuredmedia":[{"embeddable":true,"href":"https:\/\/ostrowskatv.pl\/index.php?rest_route=\/wp\/v2\/media\/30142"}],"wp:attachment":[{"href":"https:\/\/ostrowskatv.pl\/index.php?rest_route=%2Fwp%2Fv2%2Fmedia&parent=30139"}],"wp:term":[{"taxonomy":"category","embeddable":true,"href":"https:\/\/ostrowskatv.pl\/index.php?rest_route=%2Fwp%2Fv2%2Fcategories&post=30139"},{"taxonomy":"post_tag","embeddable":true,"href":"https:\/\/ostrowskatv.pl\/index.php?rest_route=%2Fwp%2Fv2%2Ftags&post=30139"}],"curies":[{"name":"wp","href":"https:\/\/api.w.org\/{rel}","templated":true}]}}