{"id":30131,"date":"2024-06-15T13:49:46","date_gmt":"2024-06-15T12:49:46","guid":{"rendered":"https:\/\/ostrowskatv.pl\/?p=30131"},"modified":"2024-06-15T13:49:46","modified_gmt":"2024-06-15T12:49:46","slug":"audi-dachowalo-w-srodku-pijany-kierowca","status":"publish","type":"post","link":"https:\/\/ostrowskatv.pl\/?p=30131","title":{"rendered":"Audi dachowa\u0142o. W \u015brodku pijany kierowca"},"content":{"rendered":"<p><strong>Oko\u0142o godziny 7 rano dosz\u0142o do zdarzenia drogowego na drodze wojew\u00f3dzkiej pomi\u0119dzy miejscowo\u015bciami Wielowie\u015b i Grab\u00f3w nad Prosn\u0105.<\/strong><\/p>\n<p>68-letni mieszkaniec powiatu ostrzeszowskiego, kieruj\u0105c audi, straci\u0142 panowanie nad pojazdem, w wyniku czego wpad\u0142 w po\u015blizg a samoch\u00f3d dachowa\u0142. <\/p>\n<p>Na miejsce wys\u0142ano stra\u017c po\u017carn\u0105, karetk\u0119 oraz policj\u0119. Kierowc\u0119 przewieziono do szpitala. Wydmucha\u0142 1.6 promila. <\/p>\n<p><img loading=\"lazy\" decoding=\"async\" src=\"https:\/\/ostrowskatv.pl\/wp-content\/uploads\/2024\/06\/1000069380.jpg\" alt=\"\" width=\"1320\" height=\"772\" class=\"alignnone size-full wp-image-30132\" srcset=\"https:\/\/ostrowskatv.pl\/wp-content\/uploads\/2024\/06\/1000069380.jpg 1320w, https:\/\/ostrowskatv.pl\/wp-content\/uploads\/2024\/06\/1000069380-300x175.jpg 300w, https:\/\/ostrowskatv.pl\/wp-content\/uploads\/2024\/06\/1000069380-752x440.jpg 752w\" sizes=\"auto, (max-width: 1320px) 100vw, 1320px\" \/><\/p>\n<p><img loading=\"lazy\" decoding=\"async\" src=\"https:\/\/ostrowskatv.pl\/wp-content\/uploads\/2024\/06\/1000069371.jpg\" alt=\"\" width=\"1193\" height=\"680\" class=\"alignnone size-full wp-image-30133\" srcset=\"https:\/\/ostrowskatv.pl\/wp-content\/uploads\/2024\/06\/1000069371.jpg 1193w, https:\/\/ostrowskatv.pl\/wp-content\/uploads\/2024\/06\/1000069371-300x171.jpg 300w, https:\/\/ostrowskatv.pl\/wp-content\/uploads\/2024\/06\/1000069371-388x220.jpg 388w\" sizes=\"auto, (max-width: 1193px) 100vw, 1193px\" \/><\/p>\n<p><img loading=\"lazy\" decoding=\"async\" src=\"https:\/\/ostrowskatv.pl\/wp-content\/uploads\/2024\/06\/1000069365.jpg\" alt=\"\" width=\"1131\" height=\"619\" class=\"alignnone size-full wp-image-30134\" srcset=\"https:\/\/ostrowskatv.pl\/wp-content\/uploads\/2024\/06\/1000069365.jpg 1131w, https:\/\/ostrowskatv.pl\/wp-content\/uploads\/2024\/06\/1000069365-300x164.jpg 300w\" sizes=\"auto, (max-width: 1131px) 100vw, 1131px\" \/><\/p>\n<p><img loading=\"lazy\" decoding=\"async\" src=\"https:\/\/ostrowskatv.pl\/wp-content\/uploads\/2024\/06\/1000069383.jpg\" alt=\"\" width=\"1029\" height=\"563\" class=\"alignnone size-full wp-image-30135\" srcset=\"https:\/\/ostrowskatv.pl\/wp-content\/uploads\/2024\/06\/1000069383.jpg 1029w, https:\/\/ostrowskatv.pl\/wp-content\/uploads\/2024\/06\/1000069383-300x164.jpg 300w\" sizes=\"auto, (max-width: 1029px) 100vw, 1029px\" \/><\/p>\n<p><img loading=\"lazy\" decoding=\"async\" src=\"https:\/\/ostrowskatv.pl\/wp-content\/uploads\/2024\/06\/1000069386.jpg\" alt=\"\" width=\"1600\" height=\"1200\" class=\"alignnone size-full wp-image-30136\" srcset=\"https:\/\/ostrowskatv.pl\/wp-content\/uploads\/2024\/06\/1000069386.jpg 1600w, https:\/\/ostrowskatv.pl\/wp-content\/uploads\/2024\/06\/1000069386-300x225.jpg 300w, https:\/\/ostrowskatv.pl\/wp-content\/uploads\/2024\/06\/1000069386-1333x1000.jpg 1333w, https:\/\/ostrowskatv.pl\/wp-content\/uploads\/2024\/06\/1000069386-1536x1152.jpg 1536w\" sizes=\"auto, (max-width: 1600px) 100vw, 1600px\" \/><\/p>\n","protected":false},"excerpt":{"rendered":"Oko\u0142o godziny 7 rano dosz\u0142o do zdarzenia drogowego na drodze wojew\u00f3dzkiej pomi\u0119dzy miejscowo\u015bciami Wielowie\u015b i Grab\u00f3w nad Prosn\u0105. 68-letni mieszkaniec powiatu ostrzeszowskiego, kieruj\u0105c \n<a class=\"moretag\" href=\"https:\/\/ostrowskatv.pl\/?p=30131\"> [...]<\/a>","protected":false},"author":1,"featured_media":30136,"comment_status":"open","ping_status":"closed","sticky":false,"template":"","format":"standard","meta":{"footnotes":""},"categories":[1],"tags":[4,72,148,11],"class_list":["post-30131","post","type-post","status-publish","format-standard","has-post-thumbnail","hentry","category-news","tag-alkohol","tag-samochod","tag-wielowies","tag-wypadek"],"_links":{"self":[{"href":"https:\/\/ostrowskatv.pl\/index.php?rest_route=\/wp\/v2\/posts\/30131","targetHints":{"allow":["GET"]}}],"collection":[{"href":"https:\/\/ostrowskatv.pl\/index.php?rest_route=\/wp\/v2\/posts"}],"about":[{"href":"https:\/\/ostrowskatv.pl\/index.php?rest_route=\/wp\/v2\/types\/post"}],"author":[{"embeddable":true,"href":"https:\/\/ostrowskatv.pl\/index.php?rest_route=\/wp\/v2\/users\/1"}],"replies":[{"embeddable":true,"href":"https:\/\/ostrowskatv.pl\/index.php?rest_route=%2Fwp%2Fv2%2Fcomments&post=30131"}],"version-history":[{"count":0,"href":"https:\/\/ostrowskatv.pl\/index.php?rest_route=\/wp\/v2\/posts\/30131\/revisions"}],"wp:featuredmedia":[{"embeddable":true,"href":"https:\/\/ostrowskatv.pl\/index.php?rest_route=\/wp\/v2\/media\/30136"}],"wp:attachment":[{"href":"https:\/\/ostrowskatv.pl\/index.php?rest_route=%2Fwp%2Fv2%2Fmedia&parent=30131"}],"wp:term":[{"taxonomy":"category","embeddable":true,"href":"https:\/\/ostrowskatv.pl\/index.php?rest_route=%2Fwp%2Fv2%2Fcategories&post=30131"},{"taxonomy":"post_tag","embeddable":true,"href":"https:\/\/ostrowskatv.pl\/index.php?rest_route=%2Fwp%2Fv2%2Ftags&post=30131"}],"curies":[{"name":"wp","href":"https:\/\/api.w.org\/{rel}","templated":true}]}}