{"id":3012,"date":"2017-01-28T15:18:12","date_gmt":"2017-01-28T14:18:12","guid":{"rendered":"http:\/\/ostrowska.tv\/?p=3012"},"modified":"2017-01-28T15:18:12","modified_gmt":"2017-01-28T14:18:12","slug":"kolizja-wozu-strazackiego-z-osobowka","status":"publish","type":"post","link":"https:\/\/ostrowskatv.pl\/?p=3012","title":{"rendered":"Kolizja wozu stra\u017cackiego z osob\u00f3wk\u0105"},"content":{"rendered":"<p><strong>W sobot\u0119 na ulicy Dworcowej w Ostrowie Wlkp. dosz\u0142o do kolizji pomi\u0119dzy wozem stra\u017cackim, samochodem osobowym. Stra\u017cacy ochotnicy z Czarnegolasu wracali z \u0107wicze\u0144 odbywaj\u0105cych si\u0119 wcze\u015bniej na Piaskach-Szczygliczce. Kierowca wozu zmieniaj\u0105c pas ruchu z lewego na prawy, nie dostrzeg\u0142 Volkswagena przez co zepchn\u0105\u0142 go na s\u0142upki oddzielaj\u0105ce jezdni\u0119 od chodnika.<\/strong><\/p>\n<p>Osob\u00f3wka musia\u0142a zako\u0144czy\u0107 podr\u00f3\u017c i powr\u00f3ci\u0107 na lawecie, a w\u00f3z stra\u017cacki mia\u0142 tylko przetarty prawy bok.<\/p>\n<p>W zdarzeniu nikt nie ucierpia\u0142. \u015awiadkami zdarzenia byli stra\u017cacy z jednostki OSP D\u0119bnica.<\/p>\n<div id='gallery-1' class='gallery galleryid-3012 gallery-columns-3 gallery-size-thumbnail'><figure class='gallery-item'>\n\t\t\t<div class='gallery-icon landscape'>\n\t\t\t\t<a href='https:\/\/ostrowskatv.pl\/?attachment_id=3016'><img loading=\"lazy\" decoding=\"async\" width=\"150\" height=\"150\" src=\"https:\/\/ostrowskatv.pl\/wp-content\/uploads\/2017\/01\/20170128_130741-150x150.jpg\" class=\"attachment-thumbnail size-thumbnail\" alt=\"\" \/><\/a>\n\t\t\t<\/div><\/figure><figure class='gallery-item'>\n\t\t\t<div class='gallery-icon landscape'>\n\t\t\t\t<a href='https:\/\/ostrowskatv.pl\/?attachment_id=3013'><img loading=\"lazy\" decoding=\"async\" width=\"150\" height=\"150\" src=\"https:\/\/ostrowskatv.pl\/wp-content\/uploads\/2017\/01\/20170128_130957-150x150.jpg\" class=\"attachment-thumbnail size-thumbnail\" alt=\"\" \/><\/a>\n\t\t\t<\/div><\/figure><figure class='gallery-item'>\n\t\t\t<div class='gallery-icon landscape'>\n\t\t\t\t<a href='https:\/\/ostrowskatv.pl\/?attachment_id=3015'><img loading=\"lazy\" decoding=\"async\" width=\"150\" height=\"150\" src=\"https:\/\/ostrowskatv.pl\/wp-content\/uploads\/2017\/01\/20170128_130849-150x150.jpg\" class=\"attachment-thumbnail size-thumbnail\" alt=\"\" \/><\/a>\n\t\t\t<\/div><\/figure><figure class='gallery-item'>\n\t\t\t<div class='gallery-icon landscape'>\n\t\t\t\t<a href='https:\/\/ostrowskatv.pl\/?attachment_id=3014'><img loading=\"lazy\" decoding=\"async\" width=\"150\" height=\"150\" src=\"https:\/\/ostrowskatv.pl\/wp-content\/uploads\/2017\/01\/20170128_130936-150x150.jpg\" class=\"attachment-thumbnail size-thumbnail\" alt=\"\" \/><\/a>\n\t\t\t<\/div><\/figure>\n\t\t<\/div>\n\n","protected":false},"excerpt":{"rendered":"W sobot\u0119 na ulicy Dworcowej w Ostrowie Wlkp. dosz\u0142o do kolizji pomi\u0119dzy wozem stra\u017cackim, samochodem osobowym. Stra\u017cacy ochotnicy z Czarnegolasu wracali z \u0107wicze\u0144 \n<a class=\"moretag\" href=\"https:\/\/ostrowskatv.pl\/?p=3012\"> [...]<\/a>","protected":false},"author":1,"featured_media":3015,"comment_status":"open","ping_status":"open","sticky":false,"template":"","format":"standard","meta":{"footnotes":""},"categories":[1],"tags":[2],"class_list":["post-3012","post","type-post","status-publish","format-standard","has-post-thumbnail","hentry","category-news","tag-ostrow-wielkopolski"],"_links":{"self":[{"href":"https:\/\/ostrowskatv.pl\/index.php?rest_route=\/wp\/v2\/posts\/3012","targetHints":{"allow":["GET"]}}],"collection":[{"href":"https:\/\/ostrowskatv.pl\/index.php?rest_route=\/wp\/v2\/posts"}],"about":[{"href":"https:\/\/ostrowskatv.pl\/index.php?rest_route=\/wp\/v2\/types\/post"}],"author":[{"embeddable":true,"href":"https:\/\/ostrowskatv.pl\/index.php?rest_route=\/wp\/v2\/users\/1"}],"replies":[{"embeddable":true,"href":"https:\/\/ostrowskatv.pl\/index.php?rest_route=%2Fwp%2Fv2%2Fcomments&post=3012"}],"version-history":[{"count":0,"href":"https:\/\/ostrowskatv.pl\/index.php?rest_route=\/wp\/v2\/posts\/3012\/revisions"}],"wp:featuredmedia":[{"embeddable":true,"href":"https:\/\/ostrowskatv.pl\/index.php?rest_route=\/wp\/v2\/media\/3015"}],"wp:attachment":[{"href":"https:\/\/ostrowskatv.pl\/index.php?rest_route=%2Fwp%2Fv2%2Fmedia&parent=3012"}],"wp:term":[{"taxonomy":"category","embeddable":true,"href":"https:\/\/ostrowskatv.pl\/index.php?rest_route=%2Fwp%2Fv2%2Fcategories&post=3012"},{"taxonomy":"post_tag","embeddable":true,"href":"https:\/\/ostrowskatv.pl\/index.php?rest_route=%2Fwp%2Fv2%2Ftags&post=3012"}],"curies":[{"name":"wp","href":"https:\/\/api.w.org\/{rel}","templated":true}]}}