{"id":3006,"date":"2017-01-28T11:44:32","date_gmt":"2017-01-28T10:44:32","guid":{"rendered":"http:\/\/ostrowska.tv\/?p=3006"},"modified":"2017-01-28T11:45:09","modified_gmt":"2017-01-28T10:45:09","slug":"16-latka-pokonal-czad-nie-zyje","status":"publish","type":"post","link":"https:\/\/ostrowskatv.pl\/?p=3006","title":{"rendered":"16-latka pokona\u0142 czad. Nie \u017cyje"},"content":{"rendered":"<p><strong>Minionej nocy dosz\u0142o do dw\u00f3ch zgon\u00f3w w wyniku, najprawdopodobniej, zatrucia czadem. W Sulmierzycach zmar\u0142 16-latek, a w Kaliszu 54-letni m\u0119\u017cczyzna. S\u0105 to kolejne ofiary niewidocznego i niewyczuwalnego zagro\u017cenia jakim jest tlenek w\u0119gla.<\/strong><\/p>\n<p>W Sulmierzycach na ul. Kaliskiej dosz\u0142o do strasznej tragedii. Rodzice 16-letniego ch\u0142opca zorientowali si\u0119, \u017ce nie daje on oznak \u017cycia. Powiadomili s\u0142u\u017cby ratunkowe, a sami przyst\u0105pili do reanimacji. Gdy dojechali pierwsi stra\u017cacy, przej\u0119li czynno\u015bci maj\u0105ce przywr\u00f3ci\u0107 go do \u017cycia. Jednak pomimo prawie godzinnej reanimacji, nie uda\u0142o si\u0119 go uratowa\u0107. Rodzic\u00f3w w stanie dobrym zabrano do ostrowskiego szpitala.<\/p>\n<p>Ch\u0142opiec, bardzo pozytywnie odbierany w\u015br\u00f3d s\u0105siad\u00f3w, mia\u0142 jeszcze tyle \u017cycia\u00a0 przed sob\u0105. W domu rodzinnym stosowano do ogrzewania pomieszcze\u0144 tzw. &#8222;kozy&#8221; (wolnostoj\u0105ce piecyki &#8211; przyp. red.). To w\u0142a\u015bnie ten spos\u00f3b ogrzewania m\u00f3g\u0142 si\u0119 przyczyni\u0107 do powstania czadu.<\/p>\n<div id='gallery-1' class='gallery galleryid-3006 gallery-columns-3 gallery-size-thumbnail'><figure class='gallery-item'>\n\t\t\t<div class='gallery-icon landscape'>\n\t\t\t\t<a href='https:\/\/ostrowskatv.pl\/?attachment_id=3007'><img loading=\"lazy\" decoding=\"async\" width=\"150\" height=\"150\" src=\"https:\/\/ostrowskatv.pl\/wp-content\/uploads\/2017\/01\/sulmierzyce-czad3-150x150.jpg\" class=\"attachment-thumbnail size-thumbnail\" alt=\"\" \/><\/a>\n\t\t\t<\/div><\/figure><figure class='gallery-item'>\n\t\t\t<div class='gallery-icon landscape'>\n\t\t\t\t<a href='https:\/\/ostrowskatv.pl\/?attachment_id=3008'><img loading=\"lazy\" decoding=\"async\" width=\"150\" height=\"150\" src=\"https:\/\/ostrowskatv.pl\/wp-content\/uploads\/2017\/01\/sulmierzyce-czad2-150x150.jpg\" class=\"attachment-thumbnail size-thumbnail\" alt=\"\" \/><\/a>\n\t\t\t<\/div><\/figure><figure class='gallery-item'>\n\t\t\t<div class='gallery-icon landscape'>\n\t\t\t\t<a href='https:\/\/ostrowskatv.pl\/?attachment_id=3009'><img loading=\"lazy\" decoding=\"async\" width=\"150\" height=\"150\" src=\"https:\/\/ostrowskatv.pl\/wp-content\/uploads\/2017\/01\/sulmierzyce-czad-150x150.jpg\" class=\"attachment-thumbnail size-thumbnail\" alt=\"\" \/><\/a>\n\t\t\t<\/div><\/figure>\n\t\t<\/div>\n\n<p>Kilka godzin wcze\u015bniej s\u0142u\u017cby ratownicze otrzyma\u0142y informacje o zmar\u0142ym 54-letnim kaliszaninie. M\u0119\u017cczyzna zosta\u0142 znaleziony w \u0142azience. W tym przypadku \u017ar\u00f3d\u0142em czadu by\u0142 piecyk gazowy w \u0142azience.<\/p>\n<p>Jak si\u0119 uchroni\u0107 przed czadem? Najpro\u015bciej nabywaj\u0105c czujnik potrafi\u0105cy go wykrywa\u0107 w cenie od kilkudziesi\u0119ciu do 120 z\u0142. Wydaje si\u0119 by\u0107 to niewielk\u0105 cen\u0105, gdy po drugiej stronie jest \u017cycie nasze i naszych bliskich.<\/p>\n","protected":false},"excerpt":{"rendered":"Minionej nocy dosz\u0142o do dw\u00f3ch zgon\u00f3w w wyniku, najprawdopodobniej, zatrucia czadem. W Sulmierzycach zmar\u0142 16-latek, a w Kaliszu 54-letni m\u0119\u017cczyzna. S\u0105 to kolejne \n<a class=\"moretag\" href=\"https:\/\/ostrowskatv.pl\/?p=3006\"> [...]<\/a>","protected":false},"author":1,"featured_media":3008,"comment_status":"open","ping_status":"open","sticky":false,"template":"","format":"standard","meta":{"footnotes":""},"categories":[1],"tags":[80,117],"class_list":["post-3006","post","type-post","status-publish","format-standard","has-post-thumbnail","hentry","category-news","tag-kalisz","tag-sulmierzyce"],"_links":{"self":[{"href":"https:\/\/ostrowskatv.pl\/index.php?rest_route=\/wp\/v2\/posts\/3006","targetHints":{"allow":["GET"]}}],"collection":[{"href":"https:\/\/ostrowskatv.pl\/index.php?rest_route=\/wp\/v2\/posts"}],"about":[{"href":"https:\/\/ostrowskatv.pl\/index.php?rest_route=\/wp\/v2\/types\/post"}],"author":[{"embeddable":true,"href":"https:\/\/ostrowskatv.pl\/index.php?rest_route=\/wp\/v2\/users\/1"}],"replies":[{"embeddable":true,"href":"https:\/\/ostrowskatv.pl\/index.php?rest_route=%2Fwp%2Fv2%2Fcomments&post=3006"}],"version-history":[{"count":0,"href":"https:\/\/ostrowskatv.pl\/index.php?rest_route=\/wp\/v2\/posts\/3006\/revisions"}],"wp:featuredmedia":[{"embeddable":true,"href":"https:\/\/ostrowskatv.pl\/index.php?rest_route=\/wp\/v2\/media\/3008"}],"wp:attachment":[{"href":"https:\/\/ostrowskatv.pl\/index.php?rest_route=%2Fwp%2Fv2%2Fmedia&parent=3006"}],"wp:term":[{"taxonomy":"category","embeddable":true,"href":"https:\/\/ostrowskatv.pl\/index.php?rest_route=%2Fwp%2Fv2%2Fcategories&post=3006"},{"taxonomy":"post_tag","embeddable":true,"href":"https:\/\/ostrowskatv.pl\/index.php?rest_route=%2Fwp%2Fv2%2Ftags&post=3006"}],"curies":[{"name":"wp","href":"https:\/\/api.w.org\/{rel}","templated":true}]}}