{"id":30,"date":"2015-12-18T11:13:43","date_gmt":"2015-12-18T10:13:43","guid":{"rendered":"http:\/\/ostrowska.tv\/?p=30"},"modified":"2015-12-18T11:13:43","modified_gmt":"2015-12-18T10:13:43","slug":"incydent-na-basenie","status":"publish","type":"post","link":"https:\/\/ostrowskatv.pl\/?p=30","title":{"rendered":"Incydent na basenie"},"content":{"rendered":"<p><strong>W poniedzia\u0142ek na basenie &#8222;Wodny Raj&#8221; odby\u0142o si\u0119 podsumowanie akcji &#8222;P\u0142ywa\u0107 ka\u017cdy mo\u017ce&#8221;. Rodzice skar\u017c\u0105 si\u0119 na organizator\u00f3w, kt\u00f3rzy mieli nie udzieli\u0107 pomocy jednemu z dzieci.<\/strong><\/p>\n<p>{openx:1}<\/p>\n<p>Zwie\u0144czeniem ca\u0142ej akcji by\u0142 turniej p\u0142ywacki, do kt\u00f3rego dosz\u0142o w miniony poniedzia\u0142ek. Wzi\u0119\u0142o w nim udzia\u0142 ponad 60 dzieci w wieku od 7 do 10 lat. Z nasz\u0105 redakcj\u0105 skontaktowali si\u0119 rodzice, kt\u00f3rzy uwa\u017caj\u0105, \u017ce impreza zosta\u0142a niew\u0142a\u015bciwie zorganizowana. Lista zarzut\u00f3w jest d\u0142uga. &#8211; <strong><em>Dzieci siedzia\u0142y na mokrej pod\u0142odze. Nikt nie przygotowa\u0142 \u017cadnych \u0142awek. Poza tym, nie by\u0142o odpowiedniej liczby opiekun\u00f3w, a na 15 dzieci powinna przypada\u0107 jedna taka osoba. Poza tym, panowa\u0142 chaos i przez to dzieci nie s\u0142ysza\u0142y swoich nazwisk, kiedy by\u0142y wyczytywane do startu<\/em> <\/strong>\u2013 m\u00f3wi nam<strong> jeden z rodzic\u00f3w<\/strong>. Jego s\u0142owa potwierdzili\u015bmy zreszt\u0105 u innej osoby, kt\u00f3ra obserwowa\u0142a te wydarzenia. W Urz\u0119dzie Miasta t\u0142umacz\u0105 nam jednak, \u017ce temperatura na basenie by\u0142a wysoka. W zwi\u0105zku z tym nie by\u0142o ryzyka, \u017ce kt\u00f3re\u015b z dzieci mo\u017ce si\u0119 przezi\u0119bi\u0107. Liczba ratownik\u00f3w te\u017c mia\u0142a by\u0107 odpowiednia.<\/p>\n<p>Najpowa\u017cniejszy zarzut dotyczy jednak sytuacji, kt\u00f3ra mia\u0142a miejsce podczas ostatniego wy\u015bcigu. Jedno z dzieci mia\u0142o mie\u0107 wtedy problemy z utrzymaniem si\u0119 na wodzie. Dosz\u0142o do zach\u0142y\u015bni\u0119cia. Ratownik zareagowa\u0142 od razu. Wskoczy\u0142 do basenu w ubraniu, wyci\u0105gn\u0105\u0142 ch\u0142opca i odda\u0142 go matce. &#8211; <em>To dziecko mia\u0142o sine usta, trz\u0119s\u0142o si\u0119. By\u0142o w g\u0142\u0119bokim szoku, podobnie jak jego matka. Nikt si\u0119 jednak nimi nie zainteresowa\u0142 i nie wezwa\u0142 pomocy medycznej<\/em> \u2013 skar\u017cy si\u0119 <strong>jeden z rodzic\u00f3w.<\/strong><\/p>\n<p>O tym, \u017ce pomoc medyczna by\u0142a w takim przypadku konieczna, przekonuje tak\u017ce <strong>lekarz<\/strong>. &#8211;<em> Zach\u0142y\u015bni\u0119cie mo\u017ce by\u0107 bezpo\u015brednim zagro\u017ceniem dla \u017cycia. W takich sytuacjach wymagane jest badanie lekarskie<\/em> \u2013 dodaje <strong>Adam Stangret<\/strong> z ostrowskiego szpitala.<\/p>\n<p>Zarz\u0105dzaj\u0105cy basenem twierdz\u0105, \u017ce \u017cadnych nieprawid\u0142owo\u015bci nie by\u0142o. Przy okazji odsy\u0142aj\u0105 do miasta, kt\u00f3re by\u0142o g\u0142\u00f3wnym organizatorem zawod\u00f3w. &#8211; <em>Ka\u017cdej formie konfrontacji towarzyszy stres. To dotyczy zar\u00f3wno doros\u0142ych jak i dzieci. Uwa\u017cam, \u017ce to by\u0142o ewidentnie wida\u0107 w tym przypadku. Dziecko odbi\u0142o si\u0119 od \u015bciany, ale p\u00f3\u017aniej mia\u0142o problemy z wykonywaniem w\u0142a\u015bciwych ruch\u00f3w. Zadzia\u0142a\u0142 stres i nie by\u0142o odpowiedniej koordynacji. Ratownik zareagowa\u0142 s\u0142usznie, wskakuj\u0105c do basenu. Wyci\u0105gn\u0105\u0142 dziecko, kt\u00f3re o w\u0142asnych si\u0142ach podesz\u0142o do swojego rodzica. Na tym sprawa si\u0119 zako\u0144czy\u0142a. Gdyby by\u0142y objawy wskazuj\u0105ce na nag\u0142e pogorszenie stanu zdrowia, to na pewno te same osoby, kt\u00f3re podj\u0119\u0142y interwencj\u0119 w wodzie, zaj\u0119\u0142yby si\u0119 tym tematem<\/em> \u2013 t\u0142umaczy <strong>wiceprezydent Ostrowa, Ewa Matecka<\/strong>.<\/p>\n<p>W\u0142adze miasta przekonuj\u0105, \u017ce akcja <strong>&#8222;P\u0142ywa\u0107 ka\u017cdy mo\u017ce&#8221;<\/strong> mimo incydentu, zako\u0144czy\u0142a si\u0119 sukcesem, bo ka\u017cdy z jej uczestnik\u00f3w nauczy\u0142 si\u0119 p\u0142ywa\u0107. Ma by\u0107 ona tak\u017ce kontynuowana w przysz\u0142ym roku. W miejskim bud\u017cecie maj\u0105 zosta\u0107 zabezpieczone na ten cel odpowiednie \u015brodki.<\/p>\n<p><strong>Starosta Powiatu Ostrowskiego<\/strong> <strong>Pawe\u0142 Rajski<\/strong> zastanawia si\u0119 z kolei nad instalacj\u0105 monitoringu na basenie <strong>&#8222;Wodny Raj&#8221;<\/strong>. Inwestycja mia\u0142aby poprawi\u0107 bezpiecze\u0144stwo na p\u0142ywalni. Pozwoli\u0142aby tak\u017ce na rzeteln\u0105 ocen\u0119 pracy ratownik\u00f3w w przypadku r\u00f3\u017cnych incydent\u00f3w.<\/p>\n\n","protected":false},"excerpt":{"rendered":"W poniedzia\u0142ek na basenie &#8222;Wodny Raj&#8221; odby\u0142o si\u0119 podsumowanie akcji &#8222;P\u0142ywa\u0107 ka\u017cdy mo\u017ce&#8221;. Rodzice skar\u017c\u0105 si\u0119 na organizator\u00f3w, kt\u00f3rzy mieli nie udzieli\u0107 pomocy \n<a class=\"moretag\" href=\"https:\/\/ostrowskatv.pl\/?p=30\"> [...]<\/a>","protected":false},"author":1,"featured_media":31,"comment_status":"open","ping_status":"open","sticky":false,"template":"","format":"standard","meta":{"footnotes":""},"categories":[1],"tags":[6],"class_list":["post-30","post","type-post","status-publish","format-standard","has-post-thumbnail","hentry","category-news","tag-basen"],"_links":{"self":[{"href":"https:\/\/ostrowskatv.pl\/index.php?rest_route=\/wp\/v2\/posts\/30","targetHints":{"allow":["GET"]}}],"collection":[{"href":"https:\/\/ostrowskatv.pl\/index.php?rest_route=\/wp\/v2\/posts"}],"about":[{"href":"https:\/\/ostrowskatv.pl\/index.php?rest_route=\/wp\/v2\/types\/post"}],"author":[{"embeddable":true,"href":"https:\/\/ostrowskatv.pl\/index.php?rest_route=\/wp\/v2\/users\/1"}],"replies":[{"embeddable":true,"href":"https:\/\/ostrowskatv.pl\/index.php?rest_route=%2Fwp%2Fv2%2Fcomments&post=30"}],"version-history":[{"count":0,"href":"https:\/\/ostrowskatv.pl\/index.php?rest_route=\/wp\/v2\/posts\/30\/revisions"}],"wp:featuredmedia":[{"embeddable":true,"href":"https:\/\/ostrowskatv.pl\/index.php?rest_route=\/wp\/v2\/media\/31"}],"wp:attachment":[{"href":"https:\/\/ostrowskatv.pl\/index.php?rest_route=%2Fwp%2Fv2%2Fmedia&parent=30"}],"wp:term":[{"taxonomy":"category","embeddable":true,"href":"https:\/\/ostrowskatv.pl\/index.php?rest_route=%2Fwp%2Fv2%2Fcategories&post=30"},{"taxonomy":"post_tag","embeddable":true,"href":"https:\/\/ostrowskatv.pl\/index.php?rest_route=%2Fwp%2Fv2%2Ftags&post=30"}],"curies":[{"name":"wp","href":"https:\/\/api.w.org\/{rel}","templated":true}]}}