{"id":2998,"date":"2017-01-27T20:03:40","date_gmt":"2017-01-27T19:03:40","guid":{"rendered":"http:\/\/ostrowska.tv\/?p=2998"},"modified":"2017-01-27T20:06:35","modified_gmt":"2017-01-27T19:06:35","slug":"radni-wyraza-opinie-nt-wyboru-hali-sportowej","status":"publish","type":"post","link":"https:\/\/ostrowskatv.pl\/?p=2998","title":{"rendered":"Radni wyra\u017c\u0105 opini\u0119 nt. wyboru hali sportowej"},"content":{"rendered":"<div class=\"news-content\">\n<p><strong>Z miesi\u0119cznym op\u00f3\u017anieniem w\u0142adze Ostrowa Wielkopolskiego powr\u00f3ci\u0142y do wyboru koncepcji hali sportowej. Do ko\u0144ca 2016 roku mia\u0142a by\u0107 znana koncepcja, za kt\u00f3r\u0105 opowiedzia\u0142aby si\u0119 prezydent Beata Klimek. Tak si\u0119 jednak nie sta\u0142o, poniewa\u017c bieg\u0142y nie zd\u0105\u017cy\u0142 sporz\u0105dzi\u0107 opinii nt. realnych koszt\u00f3w modernizacji obiektu przy ul. Kusoci\u0144skiego. W pi\u0105tek prezydent Ostrowa Wlkp. zaprosi\u0142a radnych miejskich na spotkanie, gdzie zapozna\u0142a ich z dwoma rozpatrywanymi wariantami.<\/strong><\/p>\n<p>Wariant pierwszy przewiduje gruntown\u0105 modernizacj\u0119 obiektu przy ul. Kusoci\u0144skiego, zwanego te\u017c K1. Drugi zak\u0142ada powstanie ca\u0142kowicie nowej hali przy ul. Wojska Polskiego, obok Kauflandu.<\/p>\n<p>Dzi\u015b \u017cadne decyzje nie zapad\u0142y, ale radni miejscy dowiedzieli si\u0119, \u017ce g\u0142\u00f3wne r\u00f3\u017cnice pomi\u0119dzy dwoma wariantami hal sportowych dotycz\u0105 ceny realizacji oraz pojemno\u015bci pod k\u0105tem kibic\u00f3w.<\/p>\n<p><strong>Hala przy Kusoci\u0144skiego<\/strong> &#8211; warto\u015b\u0107 obiektu wraz z przyleg\u0142\u0105 ma\u0142\u0105 hal\u0105, terenem utwardzonym oraz innymi pomieszczeniami u\u017cytkowymi wynios\u0142aby <strong>19 milion\u00f3w 300 tys. z\u0142 netto<\/strong>. Ta opcja zak\u0142ada wykup przez miasto ju\u017c zmodernizowanej hali, ale pod warunkiem, \u017ce BM Slam dokona wyboru wykonawcy w formie przetargu. Przedstawiciele sp\u00f3\u0142ki z\u0142o\u017cyli w minionym roku do urz\u0119du miejskiego koncepcj\u0119 wraz z pe\u0142n\u0105 dokumentacj\u0105 wykonawc\u0105 inwestycji. Bieg\u0142y wynaj\u0119ty przez miasto dokona\u0142 analizy i wyceni\u0142 warto\u015b\u0107 hali wraz z teren na powy\u017csz\u0105 kwot\u0119. Hala K1 mog\u0142aby pomie\u015bci\u0107 od 2500 kibic\u00f3w na trybunach do 3300 os\u00f3b w czasie koncertu.<\/p>\n<p><strong>Nowa hala przy Wojska Polskiego &#8211;<\/strong> w\u0142a\u015bcicielem terenu jest miasto Ostr\u00f3w Wlkp., ale nale\u017ca\u0142oby wybudowa\u0107 od podstaw ca\u0142y obiekt. Ta inwestycja mia\u0142aby kosztowa\u0107 <strong>oko\u0142o 29 milion\u00f3w z\u0142 netto. <\/strong>Istnieje mo\u017cliwo\u015b\u0107 pozyskania dotacji z Ministerstwa Sportu. Inne miasta w minionym roku pozyska\u0142y nieznaczne dofinansowania. Wynosi\u0142y one od 3 do 11 procent warto\u015b\u0107 ca\u0142ej inwestycji, ale nie wi\u0119cej ni\u017c 3 miliony z\u0142. Zaprojektowana frekwencja by\u0142aby ni\u017csza i wynios\u0142aby 2000 os\u00f3b.<\/p>\n<\/div>\n<p>&nbsp;<\/p>\n<p>Nale\u017cy wzi\u0105\u0107 pod uwag\u0119, \u017ce na ten moment ilo\u015b\u0107 kibic\u00f3w koszyk\u00f3wki m\u0119skiej przy najciekawszych meczach szacuje si\u0119 na 2500 os\u00f3b. Pi\u0142ka r\u0119czna gromadzi oko\u0142o 400 kibic\u00f3w, a kobieca koszyk\u00f3wka ok. 300.Prezydent Beata Klimek chce by radni przedstawili swoje opinie, kt\u00f3re mog\u0105 by\u0107 wzi\u0119te pod uwag\u0119 przy ostatecznej decyzji. Ich stanowisko ma zosta\u0107 wypracowane poprzez g\u0142osowanie. Nie wszystkim jednak dzisiejsze spotkanie przypad\u0142o do gustu. Swoje niezadowolenie wyrazili radni Marian Herwich oraz Alojzy Motylewski &#8211; s\u0142yn\u0105cy do tej pory z bronienia na wszelkich p\u0142aszczyznach dzia\u0142a\u0144 prezydent Beaty Klimek.Ostatecznie radni poprosili o mo\u017cliwo\u015b\u0107 spokojnego zapoznania si\u0119 z pe\u0142n\u0105 dokumentacj\u0105 i wyrazili ch\u0119\u0107 powr\u00f3cenia do tematu po zg\u0142\u0119bieniu tematu. Obecnie prezydent Beata Klimek daje do zrozumienia, \u017ce opcja gruntownej modernizacji obiektu przy Kusoci\u0144skiego jest atrakcyjniejsza.<\/p>\n<div id='gallery-1' class='gallery galleryid-2998 gallery-columns-3 gallery-size-thumbnail'><figure class='gallery-item'>\n\t\t\t<div class='gallery-icon landscape'>\n\t\t\t\t<a href='https:\/\/ostrowskatv.pl\/?attachment_id=3001'><img loading=\"lazy\" decoding=\"async\" width=\"150\" height=\"150\" src=\"https:\/\/ostrowskatv.pl\/wp-content\/uploads\/2017\/01\/hala-spotkanie-radni-01-150x150.jpg\" class=\"attachment-thumbnail size-thumbnail\" alt=\"\" \/><\/a>\n\t\t\t<\/div><\/figure><figure class='gallery-item'>\n\t\t\t<div class='gallery-icon portrait'>\n\t\t\t\t<a href='https:\/\/ostrowskatv.pl\/?attachment_id=2999'><img loading=\"lazy\" decoding=\"async\" width=\"150\" height=\"150\" src=\"https:\/\/ostrowskatv.pl\/wp-content\/uploads\/2017\/01\/hala-spotkanie-radni-03-150x150.jpg\" class=\"attachment-thumbnail size-thumbnail\" alt=\"\" \/><\/a>\n\t\t\t<\/div><\/figure><figure class='gallery-item'>\n\t\t\t<div class='gallery-icon landscape'>\n\t\t\t\t<a href='https:\/\/ostrowskatv.pl\/?attachment_id=3000'><img loading=\"lazy\" decoding=\"async\" width=\"150\" height=\"150\" src=\"https:\/\/ostrowskatv.pl\/wp-content\/uploads\/2017\/01\/hala-spotkanie-radni-02-150x150.jpg\" class=\"attachment-thumbnail size-thumbnail\" alt=\"\" \/><\/a>\n\t\t\t<\/div><\/figure><figure class='gallery-item'>\n\t\t\t<div class='gallery-icon landscape'>\n\t\t\t\t<a href='https:\/\/ostrowskatv.pl\/?attachment_id=3003'><img loading=\"lazy\" decoding=\"async\" width=\"150\" height=\"150\" src=\"https:\/\/ostrowskatv.pl\/wp-content\/uploads\/2017\/01\/hala-spotkanie-radni-04-150x150.jpg\" class=\"attachment-thumbnail size-thumbnail\" alt=\"\" \/><\/a>\n\t\t\t<\/div><\/figure><figure class='gallery-item'>\n\t\t\t<div class='gallery-icon landscape'>\n\t\t\t\t<a href='https:\/\/ostrowskatv.pl\/?attachment_id=3004'><img loading=\"lazy\" decoding=\"async\" width=\"150\" height=\"150\" src=\"https:\/\/ostrowskatv.pl\/wp-content\/uploads\/2017\/01\/hala-spotkanie-radni-05-150x150.jpg\" class=\"attachment-thumbnail size-thumbnail\" alt=\"\" \/><\/a>\n\t\t\t<\/div><\/figure>\n\t\t<\/div>\n\n","protected":false},"excerpt":{"rendered":"Z miesi\u0119cznym op\u00f3\u017anieniem w\u0142adze Ostrowa Wielkopolskiego powr\u00f3ci\u0142y do wyboru koncepcji hali sportowej. Do ko\u0144ca 2016 roku mia\u0142a by\u0107 znana koncepcja, za kt\u00f3r\u0105 opowiedzia\u0142aby \n<a class=\"moretag\" href=\"https:\/\/ostrowskatv.pl\/?p=2998\"> [...]<\/a>","protected":false},"author":1,"featured_media":3000,"comment_status":"open","ping_status":"open","sticky":false,"template":"","format":"standard","meta":{"footnotes":""},"categories":[1],"tags":[2],"class_list":["post-2998","post","type-post","status-publish","format-standard","has-post-thumbnail","hentry","category-news","tag-ostrow-wielkopolski"],"_links":{"self":[{"href":"https:\/\/ostrowskatv.pl\/index.php?rest_route=\/wp\/v2\/posts\/2998","targetHints":{"allow":["GET"]}}],"collection":[{"href":"https:\/\/ostrowskatv.pl\/index.php?rest_route=\/wp\/v2\/posts"}],"about":[{"href":"https:\/\/ostrowskatv.pl\/index.php?rest_route=\/wp\/v2\/types\/post"}],"author":[{"embeddable":true,"href":"https:\/\/ostrowskatv.pl\/index.php?rest_route=\/wp\/v2\/users\/1"}],"replies":[{"embeddable":true,"href":"https:\/\/ostrowskatv.pl\/index.php?rest_route=%2Fwp%2Fv2%2Fcomments&post=2998"}],"version-history":[{"count":0,"href":"https:\/\/ostrowskatv.pl\/index.php?rest_route=\/wp\/v2\/posts\/2998\/revisions"}],"wp:featuredmedia":[{"embeddable":true,"href":"https:\/\/ostrowskatv.pl\/index.php?rest_route=\/wp\/v2\/media\/3000"}],"wp:attachment":[{"href":"https:\/\/ostrowskatv.pl\/index.php?rest_route=%2Fwp%2Fv2%2Fmedia&parent=2998"}],"wp:term":[{"taxonomy":"category","embeddable":true,"href":"https:\/\/ostrowskatv.pl\/index.php?rest_route=%2Fwp%2Fv2%2Fcategories&post=2998"},{"taxonomy":"post_tag","embeddable":true,"href":"https:\/\/ostrowskatv.pl\/index.php?rest_route=%2Fwp%2Fv2%2Ftags&post=2998"}],"curies":[{"name":"wp","href":"https:\/\/api.w.org\/{rel}","templated":true}]}}