{"id":29959,"date":"2024-06-07T01:21:24","date_gmt":"2024-06-07T00:21:24","guid":{"rendered":"https:\/\/ostrowskatv.pl\/?p=29959"},"modified":"2024-06-07T01:21:24","modified_gmt":"2024-06-07T00:21:24","slug":"wypadek-bmw-i-volkswagena-zdjecia","status":"publish","type":"post","link":"https:\/\/ostrowskatv.pl\/?p=29959","title":{"rendered":"Wypadek BMW i Volkswagena (ZDJ\u0118CIA)"},"content":{"rendered":"<p><strong>Oko\u0142o godziny 1.30 w miejscowo\u015bci Szczury przy fotoradarze dosz\u0142o do wypadku z udzia\u0142em dw\u00f3ch aut osobowych. Jedna osoba wymaga\u0142a interwencji medycznej.<\/strong><\/p>\n<p>Kierowca volkswagena jecha\u0142 od strony Szczurawic i nie zauwa\u017cy\u0142 znaku STOP, w wyniku czego po chwili doprowadzi\u0142 do zderzenia z BMW jad\u0105cym w stron\u0119 Ostrowa Wielkopolskiego.<\/p>\n<p>Kierowca BMW by\u0142 badany w karetce przez ratownik\u00f3w medycznych.<\/p>\n<p><img loading=\"lazy\" decoding=\"async\" class=\"alignnone size-full wp-image-29960\" src=\"https:\/\/ostrowskatv.pl\/wp-content\/uploads\/2024\/06\/1000067733.jpg\" alt=\"\" width=\"1920\" height=\"1098\" srcset=\"https:\/\/ostrowskatv.pl\/wp-content\/uploads\/2024\/06\/1000067733.jpg 1920w, https:\/\/ostrowskatv.pl\/wp-content\/uploads\/2024\/06\/1000067733-300x172.jpg 300w, https:\/\/ostrowskatv.pl\/wp-content\/uploads\/2024\/06\/1000067733-1333x762.jpg 1333w, https:\/\/ostrowskatv.pl\/wp-content\/uploads\/2024\/06\/1000067733-1536x878.jpg 1536w\" sizes=\"auto, (max-width: 1920px) 100vw, 1920px\" \/><\/p>\n<p><img loading=\"lazy\" decoding=\"async\" class=\"alignnone size-full wp-image-29961\" src=\"https:\/\/ostrowskatv.pl\/wp-content\/uploads\/2024\/06\/1000067709.jpg\" alt=\"\" width=\"1920\" height=\"985\" srcset=\"https:\/\/ostrowskatv.pl\/wp-content\/uploads\/2024\/06\/1000067709.jpg 1920w, https:\/\/ostrowskatv.pl\/wp-content\/uploads\/2024\/06\/1000067709-300x154.jpg 300w, https:\/\/ostrowskatv.pl\/wp-content\/uploads\/2024\/06\/1000067709-1333x684.jpg 1333w, https:\/\/ostrowskatv.pl\/wp-content\/uploads\/2024\/06\/1000067709-1536x788.jpg 1536w\" sizes=\"auto, (max-width: 1920px) 100vw, 1920px\" \/><\/p>\n<p><img loading=\"lazy\" decoding=\"async\" class=\"alignnone size-full wp-image-29962\" src=\"https:\/\/ostrowskatv.pl\/wp-content\/uploads\/2024\/06\/1000067710.jpg\" alt=\"\" width=\"1920\" height=\"867\" srcset=\"https:\/\/ostrowskatv.pl\/wp-content\/uploads\/2024\/06\/1000067710.jpg 1920w, https:\/\/ostrowskatv.pl\/wp-content\/uploads\/2024\/06\/1000067710-300x135.jpg 300w, https:\/\/ostrowskatv.pl\/wp-content\/uploads\/2024\/06\/1000067710-1333x602.jpg 1333w, https:\/\/ostrowskatv.pl\/wp-content\/uploads\/2024\/06\/1000067710-1536x694.jpg 1536w\" sizes=\"auto, (max-width: 1920px) 100vw, 1920px\" \/><\/p>\n<p><img loading=\"lazy\" decoding=\"async\" class=\"alignnone size-full wp-image-29963\" src=\"https:\/\/ostrowskatv.pl\/wp-content\/uploads\/2024\/06\/1000067713.jpg\" alt=\"\" width=\"1920\" height=\"1054\" srcset=\"https:\/\/ostrowskatv.pl\/wp-content\/uploads\/2024\/06\/1000067713.jpg 1920w, https:\/\/ostrowskatv.pl\/wp-content\/uploads\/2024\/06\/1000067713-300x165.jpg 300w, https:\/\/ostrowskatv.pl\/wp-content\/uploads\/2024\/06\/1000067713-1333x732.jpg 1333w, https:\/\/ostrowskatv.pl\/wp-content\/uploads\/2024\/06\/1000067713-1536x843.jpg 1536w\" sizes=\"auto, (max-width: 1920px) 100vw, 1920px\" \/><\/p>\n<p><img loading=\"lazy\" decoding=\"async\" class=\"alignnone size-full wp-image-29964\" src=\"https:\/\/ostrowskatv.pl\/wp-content\/uploads\/2024\/06\/1000067714.jpg\" alt=\"\" width=\"1920\" height=\"943\" srcset=\"https:\/\/ostrowskatv.pl\/wp-content\/uploads\/2024\/06\/1000067714.jpg 1920w, https:\/\/ostrowskatv.pl\/wp-content\/uploads\/2024\/06\/1000067714-300x147.jpg 300w, https:\/\/ostrowskatv.pl\/wp-content\/uploads\/2024\/06\/1000067714-1333x655.jpg 1333w, https:\/\/ostrowskatv.pl\/wp-content\/uploads\/2024\/06\/1000067714-1536x754.jpg 1536w\" sizes=\"auto, (max-width: 1920px) 100vw, 1920px\" \/><\/p>\n<p><img loading=\"lazy\" decoding=\"async\" class=\"alignnone size-full wp-image-29965\" src=\"https:\/\/ostrowskatv.pl\/wp-content\/uploads\/2024\/06\/1000067715.jpg\" alt=\"\" width=\"1920\" height=\"1592\" srcset=\"https:\/\/ostrowskatv.pl\/wp-content\/uploads\/2024\/06\/1000067715.jpg 1920w, https:\/\/ostrowskatv.pl\/wp-content\/uploads\/2024\/06\/1000067715-300x249.jpg 300w, https:\/\/ostrowskatv.pl\/wp-content\/uploads\/2024\/06\/1000067715-1333x1105.jpg 1333w, https:\/\/ostrowskatv.pl\/wp-content\/uploads\/2024\/06\/1000067715-1536x1274.jpg 1536w\" sizes=\"auto, (max-width: 1920px) 100vw, 1920px\" \/><\/p>\n<p><img loading=\"lazy\" decoding=\"async\" class=\"alignnone size-full wp-image-29966\" src=\"https:\/\/ostrowskatv.pl\/wp-content\/uploads\/2024\/06\/1000067716.jpg\" alt=\"\" width=\"1920\" height=\"1081\" srcset=\"https:\/\/ostrowskatv.pl\/wp-content\/uploads\/2024\/06\/1000067716.jpg 1920w, https:\/\/ostrowskatv.pl\/wp-content\/uploads\/2024\/06\/1000067716-300x169.jpg 300w, https:\/\/ostrowskatv.pl\/wp-content\/uploads\/2024\/06\/1000067716-1333x751.jpg 1333w, https:\/\/ostrowskatv.pl\/wp-content\/uploads\/2024\/06\/1000067716-1536x865.jpg 1536w\" sizes=\"auto, (max-width: 1920px) 100vw, 1920px\" \/><\/p>\n<p><img loading=\"lazy\" decoding=\"async\" class=\"alignnone size-full wp-image-29967\" src=\"https:\/\/ostrowskatv.pl\/wp-content\/uploads\/2024\/06\/1000067717.jpg\" alt=\"\" width=\"1919\" height=\"940\" srcset=\"https:\/\/ostrowskatv.pl\/wp-content\/uploads\/2024\/06\/1000067717.jpg 1919w, https:\/\/ostrowskatv.pl\/wp-content\/uploads\/2024\/06\/1000067717-300x147.jpg 300w, https:\/\/ostrowskatv.pl\/wp-content\/uploads\/2024\/06\/1000067717-1333x653.jpg 1333w, https:\/\/ostrowskatv.pl\/wp-content\/uploads\/2024\/06\/1000067717-1536x752.jpg 1536w\" sizes=\"auto, (max-width: 1919px) 100vw, 1919px\" \/><\/p>\n<p>&nbsp;<\/p>\n<p>&nbsp;<\/p>\n","protected":false},"excerpt":{"rendered":"Oko\u0142o godziny 1.30 w miejscowo\u015bci Szczury przy fotoradarze dosz\u0142o do wypadku z udzia\u0142em dw\u00f3ch aut osobowych. Jedna osoba wymaga\u0142a interwencji medycznej. Kierowca volkswagena \n<a class=\"moretag\" href=\"https:\/\/ostrowskatv.pl\/?p=29959\"> [...]<\/a>","protected":false},"author":1,"featured_media":29962,"comment_status":"open","ping_status":"closed","sticky":false,"template":"","format":"standard","meta":{"footnotes":""},"categories":[1],"tags":[116,95,11],"class_list":["post-29959","post","type-post","status-publish","format-standard","has-post-thumbnail","hentry","category-news","tag-dk11","tag-szczury","tag-wypadek"],"_links":{"self":[{"href":"https:\/\/ostrowskatv.pl\/index.php?rest_route=\/wp\/v2\/posts\/29959","targetHints":{"allow":["GET"]}}],"collection":[{"href":"https:\/\/ostrowskatv.pl\/index.php?rest_route=\/wp\/v2\/posts"}],"about":[{"href":"https:\/\/ostrowskatv.pl\/index.php?rest_route=\/wp\/v2\/types\/post"}],"author":[{"embeddable":true,"href":"https:\/\/ostrowskatv.pl\/index.php?rest_route=\/wp\/v2\/users\/1"}],"replies":[{"embeddable":true,"href":"https:\/\/ostrowskatv.pl\/index.php?rest_route=%2Fwp%2Fv2%2Fcomments&post=29959"}],"version-history":[{"count":0,"href":"https:\/\/ostrowskatv.pl\/index.php?rest_route=\/wp\/v2\/posts\/29959\/revisions"}],"wp:featuredmedia":[{"embeddable":true,"href":"https:\/\/ostrowskatv.pl\/index.php?rest_route=\/wp\/v2\/media\/29962"}],"wp:attachment":[{"href":"https:\/\/ostrowskatv.pl\/index.php?rest_route=%2Fwp%2Fv2%2Fmedia&parent=29959"}],"wp:term":[{"taxonomy":"category","embeddable":true,"href":"https:\/\/ostrowskatv.pl\/index.php?rest_route=%2Fwp%2Fv2%2Fcategories&post=29959"},{"taxonomy":"post_tag","embeddable":true,"href":"https:\/\/ostrowskatv.pl\/index.php?rest_route=%2Fwp%2Fv2%2Ftags&post=29959"}],"curies":[{"name":"wp","href":"https:\/\/api.w.org\/{rel}","templated":true}]}}