{"id":29954,"date":"2024-06-05T20:14:51","date_gmt":"2024-06-05T19:14:51","guid":{"rendered":"https:\/\/ostrowskatv.pl\/?p=29954"},"modified":"2024-06-05T20:36:12","modified_gmt":"2024-06-05T19:36:12","slug":"przy-zabce-potracil-pieszego","status":"publish","type":"post","link":"https:\/\/ostrowskatv.pl\/?p=29954","title":{"rendered":"Przy \u017cabce potr\u0105ci\u0142 pieszego"},"content":{"rendered":"<p><strong>Oko\u0142o godziny 17 dosz\u0142o do zdarzenia drogowego z udzia\u0142em busa oraz pieszego przy sklepie \u017babka zlokalizowanym w pobli\u017cu szpitala w Ostrowie Wielkopolskim.<\/strong><\/p>\n<p>Kierowca renault nie dostrzeg\u0142 oko\u0142o 60-letniego pieszego. Poszkodowany trafi\u0142 do szpitala. Obaj panowie by\u0142o trze\u017awi.<\/p>\n<p>Policja prowadzi czynno\u015bci do wypadku.<\/p>\n<p><img loading=\"lazy\" decoding=\"async\" src=\"https:\/\/ostrowskatv.pl\/wp-content\/uploads\/2024\/06\/1000067592.jpg\" alt=\"\" width=\"1920\" height=\"1082\" class=\"alignnone size-full wp-image-29955\" srcset=\"https:\/\/ostrowskatv.pl\/wp-content\/uploads\/2024\/06\/1000067592.jpg 1920w, https:\/\/ostrowskatv.pl\/wp-content\/uploads\/2024\/06\/1000067592-300x169.jpg 300w, https:\/\/ostrowskatv.pl\/wp-content\/uploads\/2024\/06\/1000067592-1333x751.jpg 1333w, https:\/\/ostrowskatv.pl\/wp-content\/uploads\/2024\/06\/1000067592-1536x866.jpg 1536w, https:\/\/ostrowskatv.pl\/wp-content\/uploads\/2024\/06\/1000067592-388x220.jpg 388w\" sizes=\"auto, (max-width: 1920px) 100vw, 1920px\" \/><\/p>\n<p><img loading=\"lazy\" decoding=\"async\" src=\"https:\/\/ostrowskatv.pl\/wp-content\/uploads\/2024\/06\/1000067593.jpg\" alt=\"\" width=\"1920\" height=\"964\" class=\"alignnone size-full wp-image-29956\" srcset=\"https:\/\/ostrowskatv.pl\/wp-content\/uploads\/2024\/06\/1000067593.jpg 1920w, https:\/\/ostrowskatv.pl\/wp-content\/uploads\/2024\/06\/1000067593-300x151.jpg 300w, https:\/\/ostrowskatv.pl\/wp-content\/uploads\/2024\/06\/1000067593-1333x669.jpg 1333w, https:\/\/ostrowskatv.pl\/wp-content\/uploads\/2024\/06\/1000067593-1536x771.jpg 1536w\" sizes=\"auto, (max-width: 1920px) 100vw, 1920px\" \/><\/p>\n<p><img loading=\"lazy\" decoding=\"async\" src=\"https:\/\/ostrowskatv.pl\/wp-content\/uploads\/2024\/06\/1000067594.jpg\" alt=\"\" width=\"1726\" height=\"1004\" class=\"alignnone size-full wp-image-29957\" srcset=\"https:\/\/ostrowskatv.pl\/wp-content\/uploads\/2024\/06\/1000067594.jpg 1726w, https:\/\/ostrowskatv.pl\/wp-content\/uploads\/2024\/06\/1000067594-300x175.jpg 300w, https:\/\/ostrowskatv.pl\/wp-content\/uploads\/2024\/06\/1000067594-1333x775.jpg 1333w, https:\/\/ostrowskatv.pl\/wp-content\/uploads\/2024\/06\/1000067594-1536x893.jpg 1536w\" sizes=\"auto, (max-width: 1726px) 100vw, 1726px\" \/><\/p>\n","protected":false},"excerpt":{"rendered":"Oko\u0142o godziny 17 dosz\u0142o do zdarzenia drogowego z udzia\u0142em busa oraz pieszego przy sklepie \u017babka zlokalizowanym w pobli\u017cu szpitala w Ostrowie Wielkopolskim. Kierowca \n<a class=\"moretag\" href=\"https:\/\/ostrowskatv.pl\/?p=29954\"> [...]<\/a>","protected":false},"author":1,"featured_media":29956,"comment_status":"open","ping_status":"closed","sticky":false,"template":"","format":"standard","meta":{"footnotes":""},"categories":[1],"tags":[2],"class_list":["post-29954","post","type-post","status-publish","format-standard","has-post-thumbnail","hentry","category-news","tag-ostrow-wielkopolski"],"_links":{"self":[{"href":"https:\/\/ostrowskatv.pl\/index.php?rest_route=\/wp\/v2\/posts\/29954","targetHints":{"allow":["GET"]}}],"collection":[{"href":"https:\/\/ostrowskatv.pl\/index.php?rest_route=\/wp\/v2\/posts"}],"about":[{"href":"https:\/\/ostrowskatv.pl\/index.php?rest_route=\/wp\/v2\/types\/post"}],"author":[{"embeddable":true,"href":"https:\/\/ostrowskatv.pl\/index.php?rest_route=\/wp\/v2\/users\/1"}],"replies":[{"embeddable":true,"href":"https:\/\/ostrowskatv.pl\/index.php?rest_route=%2Fwp%2Fv2%2Fcomments&post=29954"}],"version-history":[{"count":0,"href":"https:\/\/ostrowskatv.pl\/index.php?rest_route=\/wp\/v2\/posts\/29954\/revisions"}],"wp:featuredmedia":[{"embeddable":true,"href":"https:\/\/ostrowskatv.pl\/index.php?rest_route=\/wp\/v2\/media\/29956"}],"wp:attachment":[{"href":"https:\/\/ostrowskatv.pl\/index.php?rest_route=%2Fwp%2Fv2%2Fmedia&parent=29954"}],"wp:term":[{"taxonomy":"category","embeddable":true,"href":"https:\/\/ostrowskatv.pl\/index.php?rest_route=%2Fwp%2Fv2%2Fcategories&post=29954"},{"taxonomy":"post_tag","embeddable":true,"href":"https:\/\/ostrowskatv.pl\/index.php?rest_route=%2Fwp%2Fv2%2Ftags&post=29954"}],"curies":[{"name":"wp","href":"https:\/\/api.w.org\/{rel}","templated":true}]}}