{"id":2995,"date":"2017-01-26T10:37:24","date_gmt":"2017-01-26T09:37:24","guid":{"rendered":"http:\/\/ostrowska.tv\/?p=2995"},"modified":"2017-01-26T10:37:24","modified_gmt":"2017-01-26T09:37:24","slug":"magdalena-gessler-przeprowadzi-kuchenna-rewolucje-w-odolanowie","status":"publish","type":"post","link":"https:\/\/ostrowskatv.pl\/?p=2995","title":{"rendered":"Magdalena Gessler przeprowadzi Kuchenn\u0105 Rewolucj\u0119 w Odolanowie"},"content":{"rendered":"<p>Wiele wskazuje na to, \u017ce program &#8222;Kuchenne Rewolucje&#8221; zawita do Odolanowa. Magdalena Gessler ma zawita\u0107 do &#8222;Zajazdu u Stefana&#8221;, kt\u00f3ry mie\u015bci si\u0119 w Odolanowie przy ul. Krotoszy\u0144skiej. Rewolucja ma si\u0119 rozpocz\u0105\u0107 w czwartek i potrwa\u0107 do niedzieli.<\/p>\n<p>Informacje o wizycie gwiazdy TVN-u roznosi\u0142y si\u0119 du\u017c\u0105 pr\u0119dko\u015bci\u0105 w\u015br\u00f3d odolanowian. Kwesti\u0105 sporn\u0105 pozostawa\u0142 termin rozpocz\u0119cia rewolucji. Kobieta, kt\u00f3ra odbiera telefon w restauracji zaprzecza jakoby rewolucja mia\u0142a si\u0119 odbywa\u0107, ale zaznacza, \u017ce jej stanowisko mo\u017ce wynika\u0107 z umowy, kt\u00f3r\u0105 by\u0107 mo\u017ce podpisano. Jak wiadomo, wszystkie osoby bior\u0105ce udzia\u0142 w programie s\u0105 zobowi\u0105zane do zachowania w tajemnicy wszystkich informacji zwi\u0105zanych z jego produkcj\u0105.<\/p>\n<p>Uda\u0142o si\u0119 potwierdzi\u0107 w innym lokalu, kt\u00f3ry lubi odwiedza\u0107 Magdalena Gessler, \u017ce faktycznie nagrania maj\u0105 si\u0119 dzisiaj (26 stycznia 2017 r.) rozpocz\u0105\u0107. Ustalili\u015bmy te\u017c, \u017ce osoby na fina\u0142ow\u0105 kolacj\u0119 s\u0105 ju\u017c wybrane i potwierdzone przez producent\u00f3w programu. Jej termin zaplanowano na niedziel\u0119.<\/p>\n<p>Poprzednia Kuchenna Rewolucja odby\u0142a si\u0119 w ostrowskiej restauracji Marrone. Wtedy zmieniono w\u0142oski styl i stworzono wielkopolsk\u0105 restauracj\u0119 o ciekawej nazwie &#8222;Golonka w Pepitk\u0119&#8221;. Ten lokal jest dowodem na to, \u017ce wizyta Magdaleny Gessler mo\u017ce przynie\u015b\u0107 sporo korzy\u015bci. Najwi\u0119ksza z nich to darmowa reklama spowodowan\u0105 sam\u0105 wizyt\u0105 gwiazdy.<\/p>\n<p>Odolanowscy internauci wskazuj\u0105, \u017ce w &#8222;Zaje\u017adzie u Stefana&#8221; mo\u017cna tanio i smacznie zje\u015b\u0107. Dwudaniowy obiad kosztuje 15 z\u0142. Podkre\u015blaj\u0105 przyjemn\u0105 obs\u0142ug\u0119 i czysto\u015b\u0107 lokalu. Czy zatem Magdalena Gessler nie b\u0119dzie mia\u0142a nic do poprawienia? O tym si\u0119 przekonamy wkr\u00f3tce. Emisja programu odb\u0119dzie si\u0119 nie wcze\u015bniej ni\u017c na jesie\u0144 tego roku.<\/p>\n","protected":false},"excerpt":{"rendered":"Wiele wskazuje na to, \u017ce program &#8222;Kuchenne Rewolucje&#8221; zawita do Odolanowa. Magdalena Gessler ma zawita\u0107 do &#8222;Zajazdu u Stefana&#8221;, kt\u00f3ry mie\u015bci si\u0119 w \n<a class=\"moretag\" href=\"https:\/\/ostrowskatv.pl\/?p=2995\"> [...]<\/a>","protected":false},"author":1,"featured_media":2996,"comment_status":"open","ping_status":"open","sticky":false,"template":"","format":"standard","meta":{"footnotes":""},"categories":[1],"tags":[38],"class_list":["post-2995","post","type-post","status-publish","format-standard","has-post-thumbnail","hentry","category-news","tag-odolanow"],"_links":{"self":[{"href":"https:\/\/ostrowskatv.pl\/index.php?rest_route=\/wp\/v2\/posts\/2995","targetHints":{"allow":["GET"]}}],"collection":[{"href":"https:\/\/ostrowskatv.pl\/index.php?rest_route=\/wp\/v2\/posts"}],"about":[{"href":"https:\/\/ostrowskatv.pl\/index.php?rest_route=\/wp\/v2\/types\/post"}],"author":[{"embeddable":true,"href":"https:\/\/ostrowskatv.pl\/index.php?rest_route=\/wp\/v2\/users\/1"}],"replies":[{"embeddable":true,"href":"https:\/\/ostrowskatv.pl\/index.php?rest_route=%2Fwp%2Fv2%2Fcomments&post=2995"}],"version-history":[{"count":0,"href":"https:\/\/ostrowskatv.pl\/index.php?rest_route=\/wp\/v2\/posts\/2995\/revisions"}],"wp:featuredmedia":[{"embeddable":true,"href":"https:\/\/ostrowskatv.pl\/index.php?rest_route=\/wp\/v2\/media\/2996"}],"wp:attachment":[{"href":"https:\/\/ostrowskatv.pl\/index.php?rest_route=%2Fwp%2Fv2%2Fmedia&parent=2995"}],"wp:term":[{"taxonomy":"category","embeddable":true,"href":"https:\/\/ostrowskatv.pl\/index.php?rest_route=%2Fwp%2Fv2%2Fcategories&post=2995"},{"taxonomy":"post_tag","embeddable":true,"href":"https:\/\/ostrowskatv.pl\/index.php?rest_route=%2Fwp%2Fv2%2Ftags&post=2995"}],"curies":[{"name":"wp","href":"https:\/\/api.w.org\/{rel}","templated":true}]}}