{"id":29874,"date":"2024-06-01T09:36:52","date_gmt":"2024-06-01T08:36:52","guid":{"rendered":"https:\/\/ostrowskatv.pl\/?p=29874"},"modified":"2024-06-01T09:36:52","modified_gmt":"2024-06-01T08:36:52","slug":"pijany-pieszy-i-motorowerzysta-mocne-potracenie","status":"publish","type":"post","link":"https:\/\/ostrowskatv.pl\/?p=29874","title":{"rendered":"Pijany pieszy i motorowerzysta. Mocne potr\u0105cenie"},"content":{"rendered":"<p><strong>Po godzinie 22 dosz\u0142o do powa\u017cnego potr\u0105cenia 33-letniego pieszego przez motorowerzyst\u0119. Do zdarzenia dosz\u0142o w Zamo\u015bciu (gm. Sieroszewice).<\/strong><\/p>\n<p>Policjanci ustalili, \u017ce motorowerem kierowa\u0142 16-latek. Pobrano od niego krew do bada\u0144 na zawarto\u015b\u0107 alkoholu i substancji odurzaj\u0105cych. Obaj trafili do szpitala. Jeden mia\u0142 z\u0142amanie otwarte r\u0119ki. <\/p>\n<p>W akcji brali udzia\u0142 policjanci, ratownicy medyczni oraz stra\u017cacy z powiatu ostrowskiego oraz z Grabowa nad Prosn\u0105. <\/p>\n<p><img loading=\"lazy\" decoding=\"async\" src=\"https:\/\/ostrowskatv.pl\/wp-content\/uploads\/2024\/06\/received_373401055724379.jpeg\" alt=\"\" width=\"1600\" height=\"1200\" class=\"alignnone size-full wp-image-29875\" srcset=\"https:\/\/ostrowskatv.pl\/wp-content\/uploads\/2024\/06\/received_373401055724379.jpeg 1600w, https:\/\/ostrowskatv.pl\/wp-content\/uploads\/2024\/06\/received_373401055724379-300x225.jpeg 300w, https:\/\/ostrowskatv.pl\/wp-content\/uploads\/2024\/06\/received_373401055724379-1333x1000.jpeg 1333w, https:\/\/ostrowskatv.pl\/wp-content\/uploads\/2024\/06\/received_373401055724379-1536x1152.jpeg 1536w\" sizes=\"auto, (max-width: 1600px) 100vw, 1600px\" \/><\/p>\n<p><img loading=\"lazy\" decoding=\"async\" src=\"https:\/\/ostrowskatv.pl\/wp-content\/uploads\/2024\/06\/received_825904289455446.jpeg\" alt=\"\" width=\"1600\" height=\"1200\" class=\"alignnone size-full wp-image-29876\" srcset=\"https:\/\/ostrowskatv.pl\/wp-content\/uploads\/2024\/06\/received_825904289455446.jpeg 1600w, https:\/\/ostrowskatv.pl\/wp-content\/uploads\/2024\/06\/received_825904289455446-300x225.jpeg 300w, https:\/\/ostrowskatv.pl\/wp-content\/uploads\/2024\/06\/received_825904289455446-1333x1000.jpeg 1333w, https:\/\/ostrowskatv.pl\/wp-content\/uploads\/2024\/06\/received_825904289455446-1536x1152.jpeg 1536w\" sizes=\"auto, (max-width: 1600px) 100vw, 1600px\" \/><\/p>\n<p><img loading=\"lazy\" decoding=\"async\" src=\"https:\/\/ostrowskatv.pl\/wp-content\/uploads\/2024\/06\/received_935899844939922.jpeg\" alt=\"\" width=\"1600\" height=\"1200\" class=\"alignnone size-full wp-image-29877\" srcset=\"https:\/\/ostrowskatv.pl\/wp-content\/uploads\/2024\/06\/received_935899844939922.jpeg 1600w, https:\/\/ostrowskatv.pl\/wp-content\/uploads\/2024\/06\/received_935899844939922-300x225.jpeg 300w, https:\/\/ostrowskatv.pl\/wp-content\/uploads\/2024\/06\/received_935899844939922-1333x1000.jpeg 1333w, https:\/\/ostrowskatv.pl\/wp-content\/uploads\/2024\/06\/received_935899844939922-1536x1152.jpeg 1536w\" sizes=\"auto, (max-width: 1600px) 100vw, 1600px\" \/><\/p>\n<p><img loading=\"lazy\" decoding=\"async\" src=\"https:\/\/ostrowskatv.pl\/wp-content\/uploads\/2024\/06\/received_429991369899166.jpeg\" alt=\"\" width=\"2016\" height=\"1512\" class=\"alignnone size-full wp-image-29878\" srcset=\"https:\/\/ostrowskatv.pl\/wp-content\/uploads\/2024\/06\/received_429991369899166.jpeg 2016w, https:\/\/ostrowskatv.pl\/wp-content\/uploads\/2024\/06\/received_429991369899166-300x225.jpeg 300w, https:\/\/ostrowskatv.pl\/wp-content\/uploads\/2024\/06\/received_429991369899166-1333x1000.jpeg 1333w, https:\/\/ostrowskatv.pl\/wp-content\/uploads\/2024\/06\/received_429991369899166-1536x1152.jpeg 1536w\" sizes=\"auto, (max-width: 2016px) 100vw, 2016px\" \/><\/p>\n","protected":false},"excerpt":{"rendered":"Po godzinie 22 dosz\u0142o do powa\u017cnego potr\u0105cenia 33-letniego pieszego przez motorowerzyst\u0119. Do zdarzenia dosz\u0142o w Zamo\u015bciu (gm. Sieroszewice). Policjanci ustalili, \u017ce motorowerem kierowa\u0142 \n<a class=\"moretag\" href=\"https:\/\/ostrowskatv.pl\/?p=29874\"> [...]<\/a>","protected":false},"author":1,"featured_media":29876,"comment_status":"open","ping_status":"closed","sticky":false,"template":"","format":"standard","meta":{"footnotes":""},"categories":[1],"tags":[11],"class_list":["post-29874","post","type-post","status-publish","format-standard","has-post-thumbnail","hentry","category-news","tag-wypadek"],"_links":{"self":[{"href":"https:\/\/ostrowskatv.pl\/index.php?rest_route=\/wp\/v2\/posts\/29874","targetHints":{"allow":["GET"]}}],"collection":[{"href":"https:\/\/ostrowskatv.pl\/index.php?rest_route=\/wp\/v2\/posts"}],"about":[{"href":"https:\/\/ostrowskatv.pl\/index.php?rest_route=\/wp\/v2\/types\/post"}],"author":[{"embeddable":true,"href":"https:\/\/ostrowskatv.pl\/index.php?rest_route=\/wp\/v2\/users\/1"}],"replies":[{"embeddable":true,"href":"https:\/\/ostrowskatv.pl\/index.php?rest_route=%2Fwp%2Fv2%2Fcomments&post=29874"}],"version-history":[{"count":0,"href":"https:\/\/ostrowskatv.pl\/index.php?rest_route=\/wp\/v2\/posts\/29874\/revisions"}],"wp:featuredmedia":[{"embeddable":true,"href":"https:\/\/ostrowskatv.pl\/index.php?rest_route=\/wp\/v2\/media\/29876"}],"wp:attachment":[{"href":"https:\/\/ostrowskatv.pl\/index.php?rest_route=%2Fwp%2Fv2%2Fmedia&parent=29874"}],"wp:term":[{"taxonomy":"category","embeddable":true,"href":"https:\/\/ostrowskatv.pl\/index.php?rest_route=%2Fwp%2Fv2%2Fcategories&post=29874"},{"taxonomy":"post_tag","embeddable":true,"href":"https:\/\/ostrowskatv.pl\/index.php?rest_route=%2Fwp%2Fv2%2Ftags&post=29874"}],"curies":[{"name":"wp","href":"https:\/\/api.w.org\/{rel}","templated":true}]}}