{"id":29863,"date":"2024-05-31T16:18:45","date_gmt":"2024-05-31T15:18:45","guid":{"rendered":"https:\/\/ostrowskatv.pl\/?p=29863"},"modified":"2024-05-31T16:21:13","modified_gmt":"2024-05-31T15:21:13","slug":"taksowkarz-wjechal-w-busika-ten-dachowal","status":"publish","type":"post","link":"https:\/\/ostrowskatv.pl\/?p=29863","title":{"rendered":"Taks\u00f3wkarz wjecha\u0142 w busika. Ten dachowa\u0142"},"content":{"rendered":"<p><strong>Na skrzy\u017cowaniu ulic Traugutta oraz Gorzyckiej w Ostrowie Wielkopolskim dosz\u0142o do zderzenia dw\u00f3ch aut osobowych. Kierowca taks\u00f3wki renault clio jad\u0105c Traugutta wymusi\u0142 pierwsze\u0144stwo i uderzy\u0142 w bok Toyoty proace.<\/strong><\/p>\n<p>Toyota dachowa\u0142a, ale kierowcy na szcz\u0119\u015bcie nic si\u0119 nie sta\u0142o. Na miejsce wys\u0142ano stra\u017c po\u017carn\u0105 oraz policj\u0119.<\/p>\n<p>Kierowca taks\u00f3wki jest mieszka\u0144cem powiatu pleszewskiego i dopiero od kilku dni je\u017adzi po ulicach Ostrowa Wielkopolskiego. <\/p>\n<p><img loading=\"lazy\" decoding=\"async\" src=\"https:\/\/ostrowskatv.pl\/wp-content\/uploads\/2024\/05\/1000066021.jpg\" alt=\"\" width=\"1920\" height=\"808\" class=\"alignnone size-full wp-image-29864\" srcset=\"https:\/\/ostrowskatv.pl\/wp-content\/uploads\/2024\/05\/1000066021.jpg 1920w, https:\/\/ostrowskatv.pl\/wp-content\/uploads\/2024\/05\/1000066021-300x126.jpg 300w, https:\/\/ostrowskatv.pl\/wp-content\/uploads\/2024\/05\/1000066021-1333x561.jpg 1333w, https:\/\/ostrowskatv.pl\/wp-content\/uploads\/2024\/05\/1000066021-1536x646.jpg 1536w\" sizes=\"auto, (max-width: 1920px) 100vw, 1920px\" \/><\/p>\n<p><img loading=\"lazy\" decoding=\"async\" src=\"https:\/\/ostrowskatv.pl\/wp-content\/uploads\/2024\/05\/1000066022.jpg\" alt=\"\" width=\"1919\" height=\"990\" class=\"alignnone size-full wp-image-29865\" srcset=\"https:\/\/ostrowskatv.pl\/wp-content\/uploads\/2024\/05\/1000066022.jpg 1919w, https:\/\/ostrowskatv.pl\/wp-content\/uploads\/2024\/05\/1000066022-300x155.jpg 300w, https:\/\/ostrowskatv.pl\/wp-content\/uploads\/2024\/05\/1000066022-1333x688.jpg 1333w, https:\/\/ostrowskatv.pl\/wp-content\/uploads\/2024\/05\/1000066022-1536x792.jpg 1536w\" sizes=\"auto, (max-width: 1919px) 100vw, 1919px\" \/><\/p>\n<p><img loading=\"lazy\" decoding=\"async\" src=\"https:\/\/ostrowskatv.pl\/wp-content\/uploads\/2024\/05\/1000066023.jpg\" alt=\"\" width=\"1920\" height=\"1081\" class=\"alignnone size-full wp-image-29866\" srcset=\"https:\/\/ostrowskatv.pl\/wp-content\/uploads\/2024\/05\/1000066023.jpg 1920w, https:\/\/ostrowskatv.pl\/wp-content\/uploads\/2024\/05\/1000066023-300x169.jpg 300w, https:\/\/ostrowskatv.pl\/wp-content\/uploads\/2024\/05\/1000066023-1333x751.jpg 1333w, https:\/\/ostrowskatv.pl\/wp-content\/uploads\/2024\/05\/1000066023-1536x865.jpg 1536w\" sizes=\"auto, (max-width: 1920px) 100vw, 1920px\" \/><\/p>\n<p><img loading=\"lazy\" decoding=\"async\" src=\"https:\/\/ostrowskatv.pl\/wp-content\/uploads\/2024\/05\/1000066027.jpg\" alt=\"\" width=\"1920\" height=\"1053\" class=\"alignnone size-full wp-image-29867\" srcset=\"https:\/\/ostrowskatv.pl\/wp-content\/uploads\/2024\/05\/1000066027.jpg 1920w, https:\/\/ostrowskatv.pl\/wp-content\/uploads\/2024\/05\/1000066027-300x165.jpg 300w, https:\/\/ostrowskatv.pl\/wp-content\/uploads\/2024\/05\/1000066027-1333x731.jpg 1333w, https:\/\/ostrowskatv.pl\/wp-content\/uploads\/2024\/05\/1000066027-1536x842.jpg 1536w\" sizes=\"auto, (max-width: 1920px) 100vw, 1920px\" \/><\/p>\n<p><img loading=\"lazy\" decoding=\"async\" src=\"https:\/\/ostrowskatv.pl\/wp-content\/uploads\/2024\/05\/1000066028.jpg\" alt=\"\" width=\"1920\" height=\"1081\" class=\"alignnone size-full wp-image-29868\" srcset=\"https:\/\/ostrowskatv.pl\/wp-content\/uploads\/2024\/05\/1000066028.jpg 1920w, https:\/\/ostrowskatv.pl\/wp-content\/uploads\/2024\/05\/1000066028-300x169.jpg 300w, https:\/\/ostrowskatv.pl\/wp-content\/uploads\/2024\/05\/1000066028-1333x751.jpg 1333w, https:\/\/ostrowskatv.pl\/wp-content\/uploads\/2024\/05\/1000066028-1536x865.jpg 1536w\" sizes=\"auto, (max-width: 1920px) 100vw, 1920px\" \/><\/p>\n<p><img loading=\"lazy\" decoding=\"async\" src=\"https:\/\/ostrowskatv.pl\/wp-content\/uploads\/2024\/05\/1000066029.jpg\" alt=\"\" width=\"1920\" height=\"1081\" class=\"alignnone size-full wp-image-29869\" srcset=\"https:\/\/ostrowskatv.pl\/wp-content\/uploads\/2024\/05\/1000066029.jpg 1920w, https:\/\/ostrowskatv.pl\/wp-content\/uploads\/2024\/05\/1000066029-300x169.jpg 300w, https:\/\/ostrowskatv.pl\/wp-content\/uploads\/2024\/05\/1000066029-1333x751.jpg 1333w, https:\/\/ostrowskatv.pl\/wp-content\/uploads\/2024\/05\/1000066029-1536x865.jpg 1536w\" sizes=\"auto, (max-width: 1920px) 100vw, 1920px\" \/><\/p>\n<p><img loading=\"lazy\" decoding=\"async\" src=\"https:\/\/ostrowskatv.pl\/wp-content\/uploads\/2024\/05\/1000066033.jpg\" alt=\"\" width=\"1920\" height=\"1081\" class=\"alignnone size-full wp-image-29870\" srcset=\"https:\/\/ostrowskatv.pl\/wp-content\/uploads\/2024\/05\/1000066033.jpg 1920w, https:\/\/ostrowskatv.pl\/wp-content\/uploads\/2024\/05\/1000066033-300x169.jpg 300w, https:\/\/ostrowskatv.pl\/wp-content\/uploads\/2024\/05\/1000066033-1333x751.jpg 1333w, https:\/\/ostrowskatv.pl\/wp-content\/uploads\/2024\/05\/1000066033-1536x865.jpg 1536w\" sizes=\"auto, (max-width: 1920px) 100vw, 1920px\" \/><\/p>\n","protected":false},"excerpt":{"rendered":"Na skrzy\u017cowaniu ulic Traugutta oraz Gorzyckiej w Ostrowie Wielkopolskim dosz\u0142o do zderzenia dw\u00f3ch aut osobowych. Kierowca taks\u00f3wki renault clio jad\u0105c Traugutta wymusi\u0142 pierwsze\u0144stwo \n<a class=\"moretag\" href=\"https:\/\/ostrowskatv.pl\/?p=29863\"> [...]<\/a>","protected":false},"author":1,"featured_media":29864,"comment_status":"open","ping_status":"closed","sticky":false,"template":"","format":"standard","meta":{"footnotes":""},"categories":[1],"tags":[11],"class_list":["post-29863","post","type-post","status-publish","format-standard","has-post-thumbnail","hentry","category-news","tag-wypadek"],"_links":{"self":[{"href":"https:\/\/ostrowskatv.pl\/index.php?rest_route=\/wp\/v2\/posts\/29863","targetHints":{"allow":["GET"]}}],"collection":[{"href":"https:\/\/ostrowskatv.pl\/index.php?rest_route=\/wp\/v2\/posts"}],"about":[{"href":"https:\/\/ostrowskatv.pl\/index.php?rest_route=\/wp\/v2\/types\/post"}],"author":[{"embeddable":true,"href":"https:\/\/ostrowskatv.pl\/index.php?rest_route=\/wp\/v2\/users\/1"}],"replies":[{"embeddable":true,"href":"https:\/\/ostrowskatv.pl\/index.php?rest_route=%2Fwp%2Fv2%2Fcomments&post=29863"}],"version-history":[{"count":0,"href":"https:\/\/ostrowskatv.pl\/index.php?rest_route=\/wp\/v2\/posts\/29863\/revisions"}],"wp:featuredmedia":[{"embeddable":true,"href":"https:\/\/ostrowskatv.pl\/index.php?rest_route=\/wp\/v2\/media\/29864"}],"wp:attachment":[{"href":"https:\/\/ostrowskatv.pl\/index.php?rest_route=%2Fwp%2Fv2%2Fmedia&parent=29863"}],"wp:term":[{"taxonomy":"category","embeddable":true,"href":"https:\/\/ostrowskatv.pl\/index.php?rest_route=%2Fwp%2Fv2%2Fcategories&post=29863"},{"taxonomy":"post_tag","embeddable":true,"href":"https:\/\/ostrowskatv.pl\/index.php?rest_route=%2Fwp%2Fv2%2Ftags&post=29863"}],"curies":[{"name":"wp","href":"https:\/\/api.w.org\/{rel}","templated":true}]}}