{"id":29702,"date":"2024-05-30T08:34:46","date_gmt":"2024-05-30T07:34:46","guid":{"rendered":"https:\/\/ostrowskatv.pl\/?p=29702"},"modified":"2024-05-30T08:34:46","modified_gmt":"2024-05-30T07:34:46","slug":"kierowcy-juz-byli-myslami-na-dlugim-weekendzie","status":"publish","type":"post","link":"https:\/\/ostrowskatv.pl\/?p=29702","title":{"rendered":"Kierowcy ju\u017c byli my\u015blami na d\u0142ugim weekendzie?"},"content":{"rendered":"<p><strong>Roztargnienie, brak skupienia to g\u0142\u00f3wne przyczyny kolizji do kt\u00f3rych dosz\u0142o w \u015brod\u0119. Cz\u0119sto dzieje si\u0119 tak przed d\u0142ugim weekendem lub \u015bwi\u0119tami, poniewa\u017c kierowcy s\u0105 ju\u017c my\u015blami wsz\u0119dzie tylko niekoniecznie na drodze.<\/strong><\/p>\n<p>Najgorzej by\u0142o po godzinie 18, kiedy w niemal jednym czasie dosz\u0142o do trzech kolizji. Najpierw na skrzy\u017cowaniu ulic Mielczarskiego oraz Skorupki.<\/p>\n<p>Kierowca opla, kt\u00f3ry ca\u0142e \u017cycie nie mia\u0142 kolizji, zamy\u015bli\u0142 si\u0119 i uderzy\u0142 w ty\u0142 nissana. Oko\u0142o 60-letniemu sprawcy pociek\u0142y \u0142zy z poczucia winy.<\/p>\n<p><img loading=\"lazy\" decoding=\"async\" src=\"https:\/\/ostrowskatv.pl\/wp-content\/uploads\/2024\/05\/1000065744.jpg\" alt=\"\" width=\"1919\" height=\"1450\" class=\"alignnone size-full wp-image-29707\" srcset=\"https:\/\/ostrowskatv.pl\/wp-content\/uploads\/2024\/05\/1000065744.jpg 1919w, https:\/\/ostrowskatv.pl\/wp-content\/uploads\/2024\/05\/1000065744-300x227.jpg 300w, https:\/\/ostrowskatv.pl\/wp-content\/uploads\/2024\/05\/1000065744-1333x1007.jpg 1333w, https:\/\/ostrowskatv.pl\/wp-content\/uploads\/2024\/05\/1000065744-1536x1161.jpg 1536w\" sizes=\"auto, (max-width: 1919px) 100vw, 1919px\" \/><\/p>\n<p><img loading=\"lazy\" decoding=\"async\" src=\"https:\/\/ostrowskatv.pl\/wp-content\/uploads\/2024\/05\/1000065743.jpg\" alt=\"\" width=\"1317\" height=\"1920\" class=\"alignnone size-full wp-image-29708\" srcset=\"https:\/\/ostrowskatv.pl\/wp-content\/uploads\/2024\/05\/1000065743.jpg 1317w, https:\/\/ostrowskatv.pl\/wp-content\/uploads\/2024\/05\/1000065743-206x300.jpg 206w, https:\/\/ostrowskatv.pl\/wp-content\/uploads\/2024\/05\/1000065743-914x1333.jpg 914w, https:\/\/ostrowskatv.pl\/wp-content\/uploads\/2024\/05\/1000065743-1054x1536.jpg 1054w\" sizes=\"auto, (max-width: 1317px) 100vw, 1317px\" \/><\/p>\n<p><img loading=\"lazy\" decoding=\"async\" src=\"https:\/\/ostrowskatv.pl\/wp-content\/uploads\/2024\/05\/1000065740.jpg\" alt=\"\" width=\"1920\" height=\"994\" class=\"alignnone size-full wp-image-29709\" srcset=\"https:\/\/ostrowskatv.pl\/wp-content\/uploads\/2024\/05\/1000065740.jpg 1920w, https:\/\/ostrowskatv.pl\/wp-content\/uploads\/2024\/05\/1000065740-300x155.jpg 300w, https:\/\/ostrowskatv.pl\/wp-content\/uploads\/2024\/05\/1000065740-1333x690.jpg 1333w, https:\/\/ostrowskatv.pl\/wp-content\/uploads\/2024\/05\/1000065740-1536x795.jpg 1536w\" sizes=\"auto, (max-width: 1920px) 100vw, 1920px\" \/><\/p>\n<p><img loading=\"lazy\" decoding=\"async\" src=\"https:\/\/ostrowskatv.pl\/wp-content\/uploads\/2024\/05\/1000065739.jpg\" alt=\"\" width=\"1862\" height=\"1757\" class=\"alignnone size-full wp-image-29710\" srcset=\"https:\/\/ostrowskatv.pl\/wp-content\/uploads\/2024\/05\/1000065739.jpg 1862w, https:\/\/ostrowskatv.pl\/wp-content\/uploads\/2024\/05\/1000065739-300x283.jpg 300w, https:\/\/ostrowskatv.pl\/wp-content\/uploads\/2024\/05\/1000065739-1333x1258.jpg 1333w, https:\/\/ostrowskatv.pl\/wp-content\/uploads\/2024\/05\/1000065739-1536x1449.jpg 1536w\" sizes=\"auto, (max-width: 1862px) 100vw, 1862px\" \/><\/p>\n<p><img loading=\"lazy\" decoding=\"async\" src=\"https:\/\/ostrowskatv.pl\/wp-content\/uploads\/2024\/05\/1000065738.jpg\" alt=\"\" width=\"1920\" height=\"1081\" class=\"alignnone size-full wp-image-29711\" srcset=\"https:\/\/ostrowskatv.pl\/wp-content\/uploads\/2024\/05\/1000065738.jpg 1920w, https:\/\/ostrowskatv.pl\/wp-content\/uploads\/2024\/05\/1000065738-300x169.jpg 300w, https:\/\/ostrowskatv.pl\/wp-content\/uploads\/2024\/05\/1000065738-1333x751.jpg 1333w, https:\/\/ostrowskatv.pl\/wp-content\/uploads\/2024\/05\/1000065738-1536x865.jpg 1536w\" sizes=\"auto, (max-width: 1920px) 100vw, 1920px\" \/><\/p>\n<p>Nast\u0119pne dwie kolizje mia\u0142y miejsce na ulicy Raszkowskiej pomi\u0119dzy szko\u0142ami, a stacj\u0105 paliw. W obu przypadkach dosz\u0142o do wjechania w ty\u0142 pojazdu. W jednej z kolizji uczestniczy\u0142a tesla na krotoszy\u0144skich tablicach rejestracyjnych oraz renault megane starszego typu. Na autach nie by\u0142o widocznych uszkodze\u0144.<\/p>\n<p>Kawa\u0142ek dalej zderzy\u0142y si\u0119 dwa fordy oraz rykoszetem dosta\u0142 trzeci samoch\u00f3d. W \u015brodkowym aucie kierowca uskar\u017ca\u0142 si\u0119 na b\u00f3l w odcinku szyjnym.<\/p>\n<p><img loading=\"lazy\" decoding=\"async\" src=\"https:\/\/ostrowskatv.pl\/wp-content\/uploads\/2024\/05\/1000065764.jpg\" alt=\"\" width=\"1920\" height=\"948\" class=\"alignnone size-full wp-image-29703\" srcset=\"https:\/\/ostrowskatv.pl\/wp-content\/uploads\/2024\/05\/1000065764.jpg 1920w, https:\/\/ostrowskatv.pl\/wp-content\/uploads\/2024\/05\/1000065764-300x148.jpg 300w, https:\/\/ostrowskatv.pl\/wp-content\/uploads\/2024\/05\/1000065764-1333x658.jpg 1333w, https:\/\/ostrowskatv.pl\/wp-content\/uploads\/2024\/05\/1000065764-1536x758.jpg 1536w\" sizes=\"auto, (max-width: 1920px) 100vw, 1920px\" \/><\/p>\n<p><img loading=\"lazy\" decoding=\"async\" src=\"https:\/\/ostrowskatv.pl\/wp-content\/uploads\/2024\/05\/1000065763.jpg\" alt=\"\" width=\"1920\" height=\"1039\" class=\"alignnone size-full wp-image-29704\" srcset=\"https:\/\/ostrowskatv.pl\/wp-content\/uploads\/2024\/05\/1000065763.jpg 1920w, https:\/\/ostrowskatv.pl\/wp-content\/uploads\/2024\/05\/1000065763-300x162.jpg 300w, https:\/\/ostrowskatv.pl\/wp-content\/uploads\/2024\/05\/1000065763-1333x721.jpg 1333w, https:\/\/ostrowskatv.pl\/wp-content\/uploads\/2024\/05\/1000065763-1536x831.jpg 1536w\" sizes=\"auto, (max-width: 1920px) 100vw, 1920px\" \/><\/p>\n<p><img loading=\"lazy\" decoding=\"async\" src=\"https:\/\/ostrowskatv.pl\/wp-content\/uploads\/2024\/05\/1000065761.jpg\" alt=\"\" width=\"1920\" height=\"752\" class=\"alignnone size-full wp-image-29705\" srcset=\"https:\/\/ostrowskatv.pl\/wp-content\/uploads\/2024\/05\/1000065761.jpg 1920w, https:\/\/ostrowskatv.pl\/wp-content\/uploads\/2024\/05\/1000065761-300x118.jpg 300w, https:\/\/ostrowskatv.pl\/wp-content\/uploads\/2024\/05\/1000065761-1333x522.jpg 1333w, https:\/\/ostrowskatv.pl\/wp-content\/uploads\/2024\/05\/1000065761-1536x602.jpg 1536w\" sizes=\"auto, (max-width: 1920px) 100vw, 1920px\" \/><\/p>\n<p><img loading=\"lazy\" decoding=\"async\" src=\"https:\/\/ostrowskatv.pl\/wp-content\/uploads\/2024\/05\/1000065760.jpg\" alt=\"\" width=\"1919\" height=\"1201\" class=\"alignnone size-full wp-image-29706\" srcset=\"https:\/\/ostrowskatv.pl\/wp-content\/uploads\/2024\/05\/1000065760.jpg 1919w, https:\/\/ostrowskatv.pl\/wp-content\/uploads\/2024\/05\/1000065760-300x188.jpg 300w, https:\/\/ostrowskatv.pl\/wp-content\/uploads\/2024\/05\/1000065760-1333x834.jpg 1333w, https:\/\/ostrowskatv.pl\/wp-content\/uploads\/2024\/05\/1000065760-1536x961.jpg 1536w\" sizes=\"auto, (max-width: 1919px) 100vw, 1919px\" \/><\/p>\n","protected":false},"excerpt":{"rendered":"Roztargnienie, brak skupienia to g\u0142\u00f3wne przyczyny kolizji do kt\u00f3rych dosz\u0142o w \u015brod\u0119. Cz\u0119sto dzieje si\u0119 tak przed d\u0142ugim weekendem lub \u015bwi\u0119tami, poniewa\u017c kierowcy \n<a class=\"moretag\" href=\"https:\/\/ostrowskatv.pl\/?p=29702\"> [...]<\/a>","protected":false},"author":1,"featured_media":29705,"comment_status":"open","ping_status":"closed","sticky":false,"template":"","format":"standard","meta":{"footnotes":""},"categories":[1],"tags":[2],"class_list":["post-29702","post","type-post","status-publish","format-standard","has-post-thumbnail","hentry","category-news","tag-ostrow-wielkopolski"],"_links":{"self":[{"href":"https:\/\/ostrowskatv.pl\/index.php?rest_route=\/wp\/v2\/posts\/29702","targetHints":{"allow":["GET"]}}],"collection":[{"href":"https:\/\/ostrowskatv.pl\/index.php?rest_route=\/wp\/v2\/posts"}],"about":[{"href":"https:\/\/ostrowskatv.pl\/index.php?rest_route=\/wp\/v2\/types\/post"}],"author":[{"embeddable":true,"href":"https:\/\/ostrowskatv.pl\/index.php?rest_route=\/wp\/v2\/users\/1"}],"replies":[{"embeddable":true,"href":"https:\/\/ostrowskatv.pl\/index.php?rest_route=%2Fwp%2Fv2%2Fcomments&post=29702"}],"version-history":[{"count":0,"href":"https:\/\/ostrowskatv.pl\/index.php?rest_route=\/wp\/v2\/posts\/29702\/revisions"}],"wp:featuredmedia":[{"embeddable":true,"href":"https:\/\/ostrowskatv.pl\/index.php?rest_route=\/wp\/v2\/media\/29705"}],"wp:attachment":[{"href":"https:\/\/ostrowskatv.pl\/index.php?rest_route=%2Fwp%2Fv2%2Fmedia&parent=29702"}],"wp:term":[{"taxonomy":"category","embeddable":true,"href":"https:\/\/ostrowskatv.pl\/index.php?rest_route=%2Fwp%2Fv2%2Fcategories&post=29702"},{"taxonomy":"post_tag","embeddable":true,"href":"https:\/\/ostrowskatv.pl\/index.php?rest_route=%2Fwp%2Fv2%2Ftags&post=29702"}],"curies":[{"name":"wp","href":"https:\/\/api.w.org\/{rel}","templated":true}]}}