{"id":29662,"date":"2024-05-27T08:08:41","date_gmt":"2024-05-27T07:08:41","guid":{"rendered":"https:\/\/ostrowskatv.pl\/?p=29662"},"modified":"2024-05-27T08:08:41","modified_gmt":"2024-05-27T07:08:41","slug":"potracenie-przy-konkatedrze","status":"publish","type":"post","link":"https:\/\/ostrowskatv.pl\/?p=29662","title":{"rendered":"Potr\u0105cenie przy Konkatedrze"},"content":{"rendered":"<p><strong>W niedziel\u0119 oko\u0142o godziny 16:30 dosz\u0142o do potr\u0105cenia pieszej przy Konkatedrze. Policja ustali\u0142a, \u017ce w wypadku bra\u0142 udzia\u0142 samoch\u00f3d osobowy marki Toyota auris. <\/strong><\/p>\n<p>71-letnia kobieta zosta\u0142a przewieziona do szpitala, gdzie stwierdzono powa\u017cniejsze obra\u017cenia cia\u0142a i czynno\u015bci by\u0142y prowadzone w kierunku wypadku drogowego. <\/p>\n<p>Zar\u00f3wno piesza jak i 66-letni kierowca Toyoty by\u0142o trze\u017awi.<\/p>\n<p><img loading=\"lazy\" decoding=\"async\" src=\"https:\/\/ostrowskatv.pl\/wp-content\/uploads\/2024\/05\/1000065198.jpg\" alt=\"\" width=\"900\" height=\"626\" class=\"alignnone size-full wp-image-29663\" srcset=\"https:\/\/ostrowskatv.pl\/wp-content\/uploads\/2024\/05\/1000065198.jpg 900w, https:\/\/ostrowskatv.pl\/wp-content\/uploads\/2024\/05\/1000065198-300x209.jpg 300w\" sizes=\"auto, (max-width: 900px) 100vw, 900px\" \/><\/p>\n<p><img loading=\"lazy\" decoding=\"async\" src=\"https:\/\/ostrowskatv.pl\/wp-content\/uploads\/2024\/05\/1000065197.jpg\" alt=\"\" width=\"764\" height=\"451\" class=\"alignnone size-full wp-image-29664\" srcset=\"https:\/\/ostrowskatv.pl\/wp-content\/uploads\/2024\/05\/1000065197.jpg 764w, https:\/\/ostrowskatv.pl\/wp-content\/uploads\/2024\/05\/1000065197-300x177.jpg 300w\" sizes=\"auto, (max-width: 764px) 100vw, 764px\" \/><\/p>\n","protected":false},"excerpt":{"rendered":"W niedziel\u0119 oko\u0142o godziny 16:30 dosz\u0142o do potr\u0105cenia pieszej przy Konkatedrze. Policja ustali\u0142a, \u017ce w wypadku bra\u0142 udzia\u0142 samoch\u00f3d osobowy marki Toyota auris. \n<a class=\"moretag\" href=\"https:\/\/ostrowskatv.pl\/?p=29662\"> [...]<\/a>","protected":false},"author":1,"featured_media":29663,"comment_status":"open","ping_status":"closed","sticky":false,"template":"","format":"standard","meta":{"footnotes":""},"categories":[1],"tags":[2,301,41,72],"class_list":["post-29662","post","type-post","status-publish","format-standard","has-post-thumbnail","hentry","category-news","tag-ostrow-wielkopolski","tag-plac-rowinskiego","tag-potracenie","tag-samochod"],"_links":{"self":[{"href":"https:\/\/ostrowskatv.pl\/index.php?rest_route=\/wp\/v2\/posts\/29662","targetHints":{"allow":["GET"]}}],"collection":[{"href":"https:\/\/ostrowskatv.pl\/index.php?rest_route=\/wp\/v2\/posts"}],"about":[{"href":"https:\/\/ostrowskatv.pl\/index.php?rest_route=\/wp\/v2\/types\/post"}],"author":[{"embeddable":true,"href":"https:\/\/ostrowskatv.pl\/index.php?rest_route=\/wp\/v2\/users\/1"}],"replies":[{"embeddable":true,"href":"https:\/\/ostrowskatv.pl\/index.php?rest_route=%2Fwp%2Fv2%2Fcomments&post=29662"}],"version-history":[{"count":0,"href":"https:\/\/ostrowskatv.pl\/index.php?rest_route=\/wp\/v2\/posts\/29662\/revisions"}],"wp:featuredmedia":[{"embeddable":true,"href":"https:\/\/ostrowskatv.pl\/index.php?rest_route=\/wp\/v2\/media\/29663"}],"wp:attachment":[{"href":"https:\/\/ostrowskatv.pl\/index.php?rest_route=%2Fwp%2Fv2%2Fmedia&parent=29662"}],"wp:term":[{"taxonomy":"category","embeddable":true,"href":"https:\/\/ostrowskatv.pl\/index.php?rest_route=%2Fwp%2Fv2%2Fcategories&post=29662"},{"taxonomy":"post_tag","embeddable":true,"href":"https:\/\/ostrowskatv.pl\/index.php?rest_route=%2Fwp%2Fv2%2Ftags&post=29662"}],"curies":[{"name":"wp","href":"https:\/\/api.w.org\/{rel}","templated":true}]}}