{"id":296,"date":"2016-02-04T21:23:14","date_gmt":"2016-02-04T20:23:14","guid":{"rendered":"http:\/\/ostrowska.tv\/?p=296"},"modified":"2016-02-04T21:23:14","modified_gmt":"2016-02-04T20:23:14","slug":"potracenie-kolo-komisariatu-w-n-skalmierzycach","status":"publish","type":"post","link":"https:\/\/ostrowskatv.pl\/?p=296","title":{"rendered":"Potr\u0105cenie ko\u0142o komisariatu w N. Skalmierzycach"},"content":{"rendered":"<p><strong>W czwartkowy wiecz\u00f3r dosz\u0142o do potr\u0105cenia m\u0142odej dziewczynki, kt\u00f3ra wraz z ojcem przechodzi\u0142a przez przej\u015bcie dla pieszych. Zdarzenie mia\u0142o miejsce tu\u017c przy komisariacie policji w Nowych Skalmierzycach.<\/strong><\/p>\n<p>W czasie potr\u0105cenia pada\u0142 deszcz, by\u0142o ciemno i cho\u0107 przej\u015bcie dla pieszych jest o\u015bwietlone, to kieruj\u0105ca Toyot\u0105 z Kalisza nie dostrzeg\u0142a ojca z c\u00f3rk\u0105 przechodz\u0105cych przez nie. Pierwszej pomocy natychmiast zacz\u0119li udziela\u0107 okoliczni mieszka\u0144cy, kt\u00f3rzy tr\u00f3jk\u0105tem ostrzegawczym oznaczyli miejsce zdarzenia, a tak\u017ce zacz\u0119li udziela\u0107 pierwszej pomocy. Dziewczynka do\u015b\u0107 g\u0142o\u015bno krzycza\u0142a z b\u00f3lu.<\/p>\n<p>Ostatecznie w szpitalu nie stwierdzono obra\u017ce\u0144. Ojciec dziewczynki mia\u0142 du\u017co szcz\u0119\u015bcia, gdy\u017c zd\u0105\u017cy\u0142 odskoczy\u0107.<\/p>\n<div id='gallery-1' class='gallery galleryid-296 gallery-columns-3 gallery-size-thumbnail'><figure class='gallery-item'>\n\t\t\t<div class='gallery-icon landscape'>\n\t\t\t\t<a href='https:\/\/ostrowskatv.pl\/?attachment_id=298'><img loading=\"lazy\" decoding=\"async\" width=\"150\" height=\"150\" src=\"https:\/\/ostrowskatv.pl\/wp-content\/uploads\/2016\/02\/potracenie-n-skalmierzyce1-150x150.jpg\" class=\"attachment-thumbnail size-thumbnail\" alt=\"\" \/><\/a>\n\t\t\t<\/div><\/figure><figure class='gallery-item'>\n\t\t\t<div class='gallery-icon landscape'>\n\t\t\t\t<a href='https:\/\/ostrowskatv.pl\/?attachment_id=299'><img loading=\"lazy\" decoding=\"async\" width=\"150\" height=\"150\" src=\"https:\/\/ostrowskatv.pl\/wp-content\/uploads\/2016\/02\/potracenie-n-skalmierzyce2-150x150.jpg\" class=\"attachment-thumbnail size-thumbnail\" alt=\"\" \/><\/a>\n\t\t\t<\/div><\/figure><figure class='gallery-item'>\n\t\t\t<div class='gallery-icon landscape'>\n\t\t\t\t<a href='https:\/\/ostrowskatv.pl\/?attachment_id=300'><img loading=\"lazy\" decoding=\"async\" width=\"150\" height=\"150\" src=\"https:\/\/ostrowskatv.pl\/wp-content\/uploads\/2016\/02\/potracenie-n-skalmierzyce4-150x150.jpg\" class=\"attachment-thumbnail size-thumbnail\" alt=\"\" \/><\/a>\n\t\t\t<\/div><\/figure><figure class='gallery-item'>\n\t\t\t<div class='gallery-icon landscape'>\n\t\t\t\t<a href='https:\/\/ostrowskatv.pl\/?attachment_id=297'><img loading=\"lazy\" decoding=\"async\" width=\"150\" height=\"150\" src=\"https:\/\/ostrowskatv.pl\/wp-content\/uploads\/2016\/02\/potracenie-n-skalmierzyce3-150x150.jpg\" class=\"attachment-thumbnail size-thumbnail\" alt=\"\" \/><\/a>\n\t\t\t<\/div><\/figure>\n\t\t<\/div>\n\n","protected":false},"excerpt":{"rendered":"W czwartkowy wiecz\u00f3r dosz\u0142o do potr\u0105cenia m\u0142odej dziewczynki, kt\u00f3ra wraz z ojcem przechodzi\u0142a przez przej\u015bcie dla pieszych. Zdarzenie mia\u0142o miejsce tu\u017c przy komisariacie \n<a class=\"moretag\" href=\"https:\/\/ostrowskatv.pl\/?p=296\"> [...]<\/a>","protected":false},"author":1,"featured_media":297,"comment_status":"open","ping_status":"open","sticky":false,"template":"","format":"standard","meta":{"footnotes":""},"categories":[1],"tags":[41],"class_list":["post-296","post","type-post","status-publish","format-standard","has-post-thumbnail","hentry","category-news","tag-potracenie"],"_links":{"self":[{"href":"https:\/\/ostrowskatv.pl\/index.php?rest_route=\/wp\/v2\/posts\/296","targetHints":{"allow":["GET"]}}],"collection":[{"href":"https:\/\/ostrowskatv.pl\/index.php?rest_route=\/wp\/v2\/posts"}],"about":[{"href":"https:\/\/ostrowskatv.pl\/index.php?rest_route=\/wp\/v2\/types\/post"}],"author":[{"embeddable":true,"href":"https:\/\/ostrowskatv.pl\/index.php?rest_route=\/wp\/v2\/users\/1"}],"replies":[{"embeddable":true,"href":"https:\/\/ostrowskatv.pl\/index.php?rest_route=%2Fwp%2Fv2%2Fcomments&post=296"}],"version-history":[{"count":0,"href":"https:\/\/ostrowskatv.pl\/index.php?rest_route=\/wp\/v2\/posts\/296\/revisions"}],"wp:featuredmedia":[{"embeddable":true,"href":"https:\/\/ostrowskatv.pl\/index.php?rest_route=\/wp\/v2\/media\/297"}],"wp:attachment":[{"href":"https:\/\/ostrowskatv.pl\/index.php?rest_route=%2Fwp%2Fv2%2Fmedia&parent=296"}],"wp:term":[{"taxonomy":"category","embeddable":true,"href":"https:\/\/ostrowskatv.pl\/index.php?rest_route=%2Fwp%2Fv2%2Fcategories&post=296"},{"taxonomy":"post_tag","embeddable":true,"href":"https:\/\/ostrowskatv.pl\/index.php?rest_route=%2Fwp%2Fv2%2Ftags&post=296"}],"curies":[{"name":"wp","href":"https:\/\/api.w.org\/{rel}","templated":true}]}}