{"id":29516,"date":"2024-05-15T21:29:13","date_gmt":"2024-05-15T20:29:13","guid":{"rendered":"https:\/\/ostrowskatv.pl\/?p=29516"},"modified":"2024-05-15T21:29:13","modified_gmt":"2024-05-15T20:29:13","slug":"cialo-mezczyzny-w-kamienicy","status":"publish","type":"post","link":"https:\/\/ostrowskatv.pl\/?p=29516","title":{"rendered":"Cia\u0142o m\u0119\u017cczyzny w kamienicy"},"content":{"rendered":"<p><strong>W \u015brod\u0119 wieczorem dosz\u0142o do zgonu m\u0119\u017cczyzny w jednej z kamienic przy ulicy Gimnazjalnej w Ostrowie Wielkopolskim. Na miejsce wezwano policj\u0119, stra\u017c po\u017carn\u0105 oraz karetk\u0119.<\/strong><\/p>\n<p>S\u0142u\u017cby by\u0142y wezwane do pr\u00f3by targni\u0119cia si\u0119 na swoje \u017cycie. Niestety 38-latek osi\u0105gn\u0105\u0142 cel i pozbawi\u0142 si\u0119 \u017cycia. <\/p>\n<p>Bezp\u0142atny kryzysowy telefon zaufania dla doros\u0142ych: 116 123<\/p>\n<p>Bezp\u0142atny kryzysowy telefon zaufania dla dzieci m\u0142odzie\u017cy: 116 111<\/p>\n","protected":false},"excerpt":{"rendered":"W \u015brod\u0119 wieczorem dosz\u0142o do zgonu m\u0119\u017cczyzny w jednej z kamienic przy ulicy Gimnazjalnej w Ostrowie Wielkopolskim. Na miejsce wezwano policj\u0119, stra\u017c po\u017carn\u0105 \n<a class=\"moretag\" href=\"https:\/\/ostrowskatv.pl\/?p=29516\"> [...]<\/a>","protected":false},"author":1,"featured_media":29517,"comment_status":"open","ping_status":"closed","sticky":false,"template":"","format":"standard","meta":{"footnotes":""},"categories":[1],"tags":[300,2],"class_list":["post-29516","post","type-post","status-publish","format-standard","has-post-thumbnail","hentry","category-news","tag-gimnazjalna","tag-ostrow-wielkopolski"],"_links":{"self":[{"href":"https:\/\/ostrowskatv.pl\/index.php?rest_route=\/wp\/v2\/posts\/29516","targetHints":{"allow":["GET"]}}],"collection":[{"href":"https:\/\/ostrowskatv.pl\/index.php?rest_route=\/wp\/v2\/posts"}],"about":[{"href":"https:\/\/ostrowskatv.pl\/index.php?rest_route=\/wp\/v2\/types\/post"}],"author":[{"embeddable":true,"href":"https:\/\/ostrowskatv.pl\/index.php?rest_route=\/wp\/v2\/users\/1"}],"replies":[{"embeddable":true,"href":"https:\/\/ostrowskatv.pl\/index.php?rest_route=%2Fwp%2Fv2%2Fcomments&post=29516"}],"version-history":[{"count":0,"href":"https:\/\/ostrowskatv.pl\/index.php?rest_route=\/wp\/v2\/posts\/29516\/revisions"}],"wp:featuredmedia":[{"embeddable":true,"href":"https:\/\/ostrowskatv.pl\/index.php?rest_route=\/wp\/v2\/media\/29517"}],"wp:attachment":[{"href":"https:\/\/ostrowskatv.pl\/index.php?rest_route=%2Fwp%2Fv2%2Fmedia&parent=29516"}],"wp:term":[{"taxonomy":"category","embeddable":true,"href":"https:\/\/ostrowskatv.pl\/index.php?rest_route=%2Fwp%2Fv2%2Fcategories&post=29516"},{"taxonomy":"post_tag","embeddable":true,"href":"https:\/\/ostrowskatv.pl\/index.php?rest_route=%2Fwp%2Fv2%2Ftags&post=29516"}],"curies":[{"name":"wp","href":"https:\/\/api.w.org\/{rel}","templated":true}]}}