{"id":2951,"date":"2017-01-25T08:23:13","date_gmt":"2017-01-25T07:23:13","guid":{"rendered":"http:\/\/ostrowska.tv\/?p=2951"},"modified":"2017-01-25T08:23:13","modified_gmt":"2017-01-25T07:23:13","slug":"mezczyzna-zginal-w-malym-pozarze","status":"publish","type":"post","link":"https:\/\/ostrowskatv.pl\/?p=2951","title":{"rendered":"M\u0119\u017cczyzna zgin\u0105\u0142 w ma\u0142ym po\u017carze"},"content":{"rendered":"<p><strong>We wtorek o godzinie 21:20 stra\u017c po\u017carna zosta\u0142a poinformowana o po\u017carze w budynku mieszkalnym w So\u015bniach przy ul. Brzozowej. Po przyje\u017adzie na miejsce okaza\u0142o si\u0119, \u017ce z jednego z mieszka\u0144 wydobywaj\u0105 si\u0119 k\u0142\u0119by dymu. S\u0105siedzi przekazali stra\u017cakom, \u017ce w \u015brodku mo\u017ce znajdowa\u0107 jeden z lokator\u00f3w. I faktycznie stra\u017cacy, po wej\u015bciu w aparatach ochrony dr\u00f3g oddechowych,\u00a0 wyci\u0105gn\u0119li z pomieszczenia kuchennego nieprzytomnego m\u0119\u017cczyzn\u0119. Przyst\u0105pili do reanimacji. I cho\u0107 prowadzili j\u0105 we wsp\u00f3\u0142pracy z za\u0142og\u0105 pogotowia, nie uda\u0142o si\u0119 przywr\u00f3ci\u0107 czynno\u015bci \u017cyciowych.<\/strong><\/p>\n<p>Po ugaszeniu ognia i przewietrzeniu pomieszcze\u0144 z dymu ustalono, \u017ce przyczyn\u0105 po\u017caru by\u0142o wypadni\u0119cie \u017caru na drewnian\u0105 pod\u0142og\u0119 ze stoj\u0105cego piecyka w\u0119glowego. Ogniem zaj\u0119te by\u0142a niewielka powierzchnia &#8211; raptem 2&#215;2 metry.<\/p>\n","protected":false},"excerpt":{"rendered":"We wtorek o godzinie 21:20 stra\u017c po\u017carna zosta\u0142a poinformowana o po\u017carze w budynku mieszkalnym w So\u015bniach przy ul. Brzozowej. Po przyje\u017adzie na miejsce \n<a class=\"moretag\" href=\"https:\/\/ostrowskatv.pl\/?p=2951\"> [...]<\/a>","protected":false},"author":1,"featured_media":2952,"comment_status":"open","ping_status":"open","sticky":false,"template":"","format":"standard","meta":{"footnotes":""},"categories":[1],"tags":[42],"class_list":["post-2951","post","type-post","status-publish","format-standard","has-post-thumbnail","hentry","category-news","tag-sosnie"],"_links":{"self":[{"href":"https:\/\/ostrowskatv.pl\/index.php?rest_route=\/wp\/v2\/posts\/2951","targetHints":{"allow":["GET"]}}],"collection":[{"href":"https:\/\/ostrowskatv.pl\/index.php?rest_route=\/wp\/v2\/posts"}],"about":[{"href":"https:\/\/ostrowskatv.pl\/index.php?rest_route=\/wp\/v2\/types\/post"}],"author":[{"embeddable":true,"href":"https:\/\/ostrowskatv.pl\/index.php?rest_route=\/wp\/v2\/users\/1"}],"replies":[{"embeddable":true,"href":"https:\/\/ostrowskatv.pl\/index.php?rest_route=%2Fwp%2Fv2%2Fcomments&post=2951"}],"version-history":[{"count":0,"href":"https:\/\/ostrowskatv.pl\/index.php?rest_route=\/wp\/v2\/posts\/2951\/revisions"}],"wp:featuredmedia":[{"embeddable":true,"href":"https:\/\/ostrowskatv.pl\/index.php?rest_route=\/wp\/v2\/media\/2952"}],"wp:attachment":[{"href":"https:\/\/ostrowskatv.pl\/index.php?rest_route=%2Fwp%2Fv2%2Fmedia&parent=2951"}],"wp:term":[{"taxonomy":"category","embeddable":true,"href":"https:\/\/ostrowskatv.pl\/index.php?rest_route=%2Fwp%2Fv2%2Fcategories&post=2951"},{"taxonomy":"post_tag","embeddable":true,"href":"https:\/\/ostrowskatv.pl\/index.php?rest_route=%2Fwp%2Fv2%2Ftags&post=2951"}],"curies":[{"name":"wp","href":"https:\/\/api.w.org\/{rel}","templated":true}]}}