{"id":29505,"date":"2024-05-10T09:32:18","date_gmt":"2024-05-10T08:32:18","guid":{"rendered":"https:\/\/ostrowskatv.pl\/?p=29505"},"modified":"2024-05-10T09:32:18","modified_gmt":"2024-05-10T08:32:18","slug":"zderzyly-sie-na-ledochowskiego","status":"publish","type":"post","link":"https:\/\/ostrowskatv.pl\/?p=29505","title":{"rendered":"Zderzy\u0142y si\u0119 na Led\u00f3chowskiego"},"content":{"rendered":"<p><strong>Po godzinie 9 dosz\u0142o do zderzenia dw\u00f3ch aut osobowych na skrzy\u017cowaniu ulic Led\u00f3chowskiego i \u015amigielskiego w Ostrowie Wielkopolskim.\u00a0<\/strong><\/p>\n<p>Kobieta kieruj\u0105c <span style=\"font-size: 1rem;\">Citroenem jecha\u0142a Led\u00f3chowskiego od strony centrum miasta. Z ulicy \u015amigielskiego wyje\u017cd\u017ca\u0142 ford, kt\u00f3rego kierowca wymusi\u0142 pierwsze\u0144stwo.<\/span><\/p>\n<p>Na miejsce wys\u0142ano stra\u017c po\u017carn\u0105 oraz policj\u0119.<\/p>\n<p><img loading=\"lazy\" decoding=\"async\" src=\"https:\/\/ostrowskatv.pl\/wp-content\/uploads\/2024\/05\/1000061304-01.jpeg\" alt=\"\" width=\"1599\" height=\"899\" class=\"alignnone size-full wp-image-29506\" srcset=\"https:\/\/ostrowskatv.pl\/wp-content\/uploads\/2024\/05\/1000061304-01.jpeg 1599w, https:\/\/ostrowskatv.pl\/wp-content\/uploads\/2024\/05\/1000061304-01-300x169.jpeg 300w, https:\/\/ostrowskatv.pl\/wp-content\/uploads\/2024\/05\/1000061304-01-1333x749.jpeg 1333w, https:\/\/ostrowskatv.pl\/wp-content\/uploads\/2024\/05\/1000061304-01-1536x864.jpeg 1536w\" sizes=\"auto, (max-width: 1599px) 100vw, 1599px\" \/><\/p>\n<p><img loading=\"lazy\" decoding=\"async\" src=\"https:\/\/ostrowskatv.pl\/wp-content\/uploads\/2024\/05\/1000061295-01.jpeg\" alt=\"\" width=\"1599\" height=\"899\" class=\"alignnone size-full wp-image-29507\" srcset=\"https:\/\/ostrowskatv.pl\/wp-content\/uploads\/2024\/05\/1000061295-01.jpeg 1599w, https:\/\/ostrowskatv.pl\/wp-content\/uploads\/2024\/05\/1000061295-01-300x169.jpeg 300w, https:\/\/ostrowskatv.pl\/wp-content\/uploads\/2024\/05\/1000061295-01-1333x749.jpeg 1333w, https:\/\/ostrowskatv.pl\/wp-content\/uploads\/2024\/05\/1000061295-01-1536x864.jpeg 1536w\" sizes=\"auto, (max-width: 1599px) 100vw, 1599px\" \/><\/p>\n<p><img loading=\"lazy\" decoding=\"async\" src=\"https:\/\/ostrowskatv.pl\/wp-content\/uploads\/2024\/05\/1000061289-01.jpeg\" alt=\"\" width=\"1376\" height=\"728\" class=\"alignnone size-full wp-image-29508\" srcset=\"https:\/\/ostrowskatv.pl\/wp-content\/uploads\/2024\/05\/1000061289-01.jpeg 1376w, https:\/\/ostrowskatv.pl\/wp-content\/uploads\/2024\/05\/1000061289-01-300x159.jpeg 300w, https:\/\/ostrowskatv.pl\/wp-content\/uploads\/2024\/05\/1000061289-01-1333x705.jpeg 1333w\" sizes=\"auto, (max-width: 1376px) 100vw, 1376px\" \/><\/p>\n","protected":false},"excerpt":{"rendered":"Po godzinie 9 dosz\u0142o do zderzenia dw\u00f3ch aut osobowych na skrzy\u017cowaniu ulic Led\u00f3chowskiego i \u015amigielskiego w Ostrowie Wielkopolskim.\u00a0 Kobieta kieruj\u0105c Citroenem jecha\u0142a Led\u00f3chowskiego \n<a class=\"moretag\" href=\"https:\/\/ostrowskatv.pl\/?p=29505\"> [...]<\/a>","protected":false},"author":1,"featured_media":29506,"comment_status":"open","ping_status":"closed","sticky":false,"template":"","format":"standard","meta":{"footnotes":""},"categories":[1],"tags":[48,290,2,72,299],"class_list":["post-29505","post","type-post","status-publish","format-standard","has-post-thumbnail","hentry","category-news","tag-kolizja","tag-ledochowskiego","tag-ostrow-wielkopolski","tag-samochod","tag-smigielskiego"],"_links":{"self":[{"href":"https:\/\/ostrowskatv.pl\/index.php?rest_route=\/wp\/v2\/posts\/29505","targetHints":{"allow":["GET"]}}],"collection":[{"href":"https:\/\/ostrowskatv.pl\/index.php?rest_route=\/wp\/v2\/posts"}],"about":[{"href":"https:\/\/ostrowskatv.pl\/index.php?rest_route=\/wp\/v2\/types\/post"}],"author":[{"embeddable":true,"href":"https:\/\/ostrowskatv.pl\/index.php?rest_route=\/wp\/v2\/users\/1"}],"replies":[{"embeddable":true,"href":"https:\/\/ostrowskatv.pl\/index.php?rest_route=%2Fwp%2Fv2%2Fcomments&post=29505"}],"version-history":[{"count":0,"href":"https:\/\/ostrowskatv.pl\/index.php?rest_route=\/wp\/v2\/posts\/29505\/revisions"}],"wp:featuredmedia":[{"embeddable":true,"href":"https:\/\/ostrowskatv.pl\/index.php?rest_route=\/wp\/v2\/media\/29506"}],"wp:attachment":[{"href":"https:\/\/ostrowskatv.pl\/index.php?rest_route=%2Fwp%2Fv2%2Fmedia&parent=29505"}],"wp:term":[{"taxonomy":"category","embeddable":true,"href":"https:\/\/ostrowskatv.pl\/index.php?rest_route=%2Fwp%2Fv2%2Fcategories&post=29505"},{"taxonomy":"post_tag","embeddable":true,"href":"https:\/\/ostrowskatv.pl\/index.php?rest_route=%2Fwp%2Fv2%2Ftags&post=29505"}],"curies":[{"name":"wp","href":"https:\/\/api.w.org\/{rel}","templated":true}]}}