{"id":29473,"date":"2024-05-08T11:51:15","date_gmt":"2024-05-08T10:51:15","guid":{"rendered":"https:\/\/ostrowskatv.pl\/?p=29473"},"modified":"2024-05-08T11:51:36","modified_gmt":"2024-05-08T10:51:36","slug":"chca-zaspokajac-ambicje-i-potrzeby-personalne-niespelnionych-ludzi","status":"publish","type":"post","link":"https:\/\/ostrowskatv.pl\/?p=29473","title":{"rendered":"Chc\u0105 &#8222;zaspokaja\u0107 ambicje i potrzeby personalne niespe\u0142nionych ludzi&#8221;?"},"content":{"rendered":"<p><strong>Lokalni przedstawiciele Prawa i Sprawiedliwo\u015bci Dawid Korzeniewski oraz Tomasz \u0141awniczak odnie\u015bli si\u0119 do zamiaru odwo\u0142ania wiceprzewodnicz\u0105cej Rady Miejskiej Ostrowa Wielkopolskiego Marzenny Nowak przez radnych z Koalicji Obywatelskiej oraz Trzeciej Drogi.<\/strong><\/p>\n<p>Od pocz\u0105tku w kuluarach m\u00f3wi\u0142o si\u0119, \u017ce przewodnicz\u0105cym Rady ma zosta\u0107 Jakub Paduch, przegrany w wyborach prezydenckich, ale ruch ten uprzedzi\u0142a Milena Kowalska, kt\u00f3ra zg\u0142osi\u0142a kandydatur\u0119 Damiana Grzeszczyka z Koalicji Obywatelskiej. Swoi nie zag\u0142osowali przeciwko i Paduch m\u00f3g\u0142 w tej sytuacji liczy\u0107 co najwy\u017cej na funkcj\u0119 wiceprzewodnicz\u0105cego. <\/p>\n<p>W drugim g\u0142osowaniu przegra\u0142 r\u00f3\u017cnic\u0105 jednego g\u0142osu, ale to dwie osoby z koalicji si\u0119 wy\u0142ama\u0142y w tajnym g\u0142osowaniu. W ten spos\u00f3b albo dano sygna\u0142, \u017ce w\u015br\u00f3d tej grupy radnych s\u0105 osoby, kt\u00f3re nie lubi\u0105 Jakuba Paducha lub s\u0105 to osoby, kt\u00f3re nie potrafi\u0105 prawid\u0142owo postawi\u0107 krzy\u017cyka przy jednym z dw\u00f3ch nazwisk, a chc\u0105 rz\u0105dzi\u0107 miastem. Co ciekawe Jakub Paduch sk\u0142ania si\u0119 ku drugiej opcji, twierdz\u0105c, \u017ce mog\u0142o doj\u015b\u0107 do pomy\u0142ki. Nie mog\u0105c pogodzi\u0107 si\u0119 z pora\u017ck\u0105 radni z Koalicji Obywatelskiej zostali &#8222;zach\u0119ceni&#8221; do podpisania si\u0119 pod pismem zapowiadaj\u0105cym zamiar odwo\u0142ania Marzenny Nowak. <\/p>\n<p>Zapewne osobom z Platformy Obywatelskiej nie mo\u017ce si\u0119 pouk\u0142ada\u0107 w g\u0142owie, \u017ce kto\u015b z klubu PiS zasiada w prezydium rady. <\/p>\n<figure id=\"attachment_29476\" aria-describedby=\"caption-attachment-29476\" style=\"width: 1920px\" class=\"wp-caption alignnone\"><img loading=\"lazy\" decoding=\"async\" src=\"https:\/\/ostrowskatv.pl\/wp-content\/uploads\/2024\/05\/1000060977-01.jpeg\" alt=\"Dawid Korzeniewski\" width=\"1920\" height=\"1081\" class=\"size-full wp-image-29476\" srcset=\"https:\/\/ostrowskatv.pl\/wp-content\/uploads\/2024\/05\/1000060977-01.jpeg 1920w, https:\/\/ostrowskatv.pl\/wp-content\/uploads\/2024\/05\/1000060977-01-300x169.jpeg 300w, https:\/\/ostrowskatv.pl\/wp-content\/uploads\/2024\/05\/1000060977-01-1333x751.jpeg 1333w, https:\/\/ostrowskatv.pl\/wp-content\/uploads\/2024\/05\/1000060977-01-1536x865.jpeg 1536w\" sizes=\"auto, (max-width: 1920px) 100vw, 1920px\" \/><figcaption id=\"caption-attachment-29476\" class=\"wp-caption-text\">Dawid Korzeniewski<\/figcaption><\/figure>\n<blockquote><p>\u2013 Cz\u0142onek Prawa i Sprawiedliwo\u015bci w oczach, przynajmniej lider\u00f3w, Platformy Obywatelskiej na forum Rady Miejskiej nie ma prawa w og\u00f3le wchodzi\u0107 do prezydium Rady i z tego tytu\u0142u, \u017ce kto\u015b jest z PiS-u, powinien by\u0107 eliminowany z \u017cycia publicznego i z funkcji \u2013 m\u00f3wi\u0142 Tomasz \u0141awniczak z PiS.<\/p><\/blockquote>\n<blockquote><p>&#8211; Standardem Platformy na poziomie Rady Miejskiej Ostrowa, jest to \u201eaby zaspokaja\u0107 ambicje i potrzeby personalne widocznie niespe\u0142nionych ludzi\u201d. &#8211; powiedzia\u0142 Tomasz \u0141awniczak z PiS.<\/p><\/blockquote>\n<p>Dawid Korzeniewski i Tomasz \u0141awniczak zaapelowali by Koalicja Obywatelska wycofa\u0142a si\u0119 ze swojego zamiaru odwo\u0142ania Marzenny Nowak i uszanowa\u0142a demokratyczny wynik wybor\u00f3w. Czy zatem radni z Koalicji Obywatelskiej krzycz\u0105cej o demokracji uszanuj\u0105 wynik g\u0142osowania czy publicznie przyznaj\u0105, \u017ce w\u015br\u00f3d nich s\u0105 osoby, kt\u00f3re nie potrafi\u0105 postawi\u0107 krzy\u017cyka i powinny wr\u00f3ci\u0107 do poziomu \u017c\u0142obka?<\/p>\n","protected":false},"excerpt":{"rendered":"Lokalni przedstawiciele Prawa i Sprawiedliwo\u015bci Dawid Korzeniewski oraz Tomasz \u0141awniczak odnie\u015bli si\u0119 do zamiaru odwo\u0142ania wiceprzewodnicz\u0105cej Rady Miejskiej Ostrowa Wielkopolskiego Marzenny Nowak przez \n<a class=\"moretag\" href=\"https:\/\/ostrowskatv.pl\/?p=29473\"> [...]<\/a>","protected":false},"author":1,"featured_media":29477,"comment_status":"open","ping_status":"closed","sticky":false,"template":"","format":"standard","meta":{"footnotes":""},"categories":[1],"tags":[2,24],"class_list":["post-29473","post","type-post","status-publish","format-standard","has-post-thumbnail","hentry","category-news","tag-ostrow-wielkopolski","tag-polityka"],"_links":{"self":[{"href":"https:\/\/ostrowskatv.pl\/index.php?rest_route=\/wp\/v2\/posts\/29473","targetHints":{"allow":["GET"]}}],"collection":[{"href":"https:\/\/ostrowskatv.pl\/index.php?rest_route=\/wp\/v2\/posts"}],"about":[{"href":"https:\/\/ostrowskatv.pl\/index.php?rest_route=\/wp\/v2\/types\/post"}],"author":[{"embeddable":true,"href":"https:\/\/ostrowskatv.pl\/index.php?rest_route=\/wp\/v2\/users\/1"}],"replies":[{"embeddable":true,"href":"https:\/\/ostrowskatv.pl\/index.php?rest_route=%2Fwp%2Fv2%2Fcomments&post=29473"}],"version-history":[{"count":0,"href":"https:\/\/ostrowskatv.pl\/index.php?rest_route=\/wp\/v2\/posts\/29473\/revisions"}],"wp:featuredmedia":[{"embeddable":true,"href":"https:\/\/ostrowskatv.pl\/index.php?rest_route=\/wp\/v2\/media\/29477"}],"wp:attachment":[{"href":"https:\/\/ostrowskatv.pl\/index.php?rest_route=%2Fwp%2Fv2%2Fmedia&parent=29473"}],"wp:term":[{"taxonomy":"category","embeddable":true,"href":"https:\/\/ostrowskatv.pl\/index.php?rest_route=%2Fwp%2Fv2%2Fcategories&post=29473"},{"taxonomy":"post_tag","embeddable":true,"href":"https:\/\/ostrowskatv.pl\/index.php?rest_route=%2Fwp%2Fv2%2Ftags&post=29473"}],"curies":[{"name":"wp","href":"https:\/\/api.w.org\/{rel}","templated":true}]}}