{"id":29459,"date":"2024-05-07T12:27:01","date_gmt":"2024-05-07T11:27:01","guid":{"rendered":"https:\/\/ostrowskatv.pl\/?p=29459"},"modified":"2024-05-07T12:27:01","modified_gmt":"2024-05-07T11:27:01","slug":"potracenie-rowerzysty-przy-ramie-polnocnej-zdjecia","status":"publish","type":"post","link":"https:\/\/ostrowskatv.pl\/?p=29459","title":{"rendered":"Potr\u0105cenie rowerzysty przy Ramie P\u00f3\u0142nocnej (ZDJ\u0118CIA)"},"content":{"rendered":"<p><strong>Przed po\u0142udniem dosz\u0142o do potr\u0105cenia rowerzysty przy skrzy\u017cowaniu ulic Torowej oraz Dalekiej w Ostrowie Wielkopolskim. Wzd\u0142u\u017c nowego odcinka Ramy P\u00f3\u0142nocnej biegnie \u015bcie\u017cka rowerowa i to w\u0142a\u015bnie tam spotkali si\u0119 rowerzysta oraz kieruj\u0105ca peugeotem.<\/strong><\/p>\n<p>Rowerzysta jecha\u0142 \u015bcie\u017ck\u0105 dla rower\u00f3w i peugeot uderzy\u0142 w niego na przeje\u017adzie dla cyklist\u00f3w. Na szcz\u0119\u015bcie m\u0119\u017cczyzna nie odni\u00f3s\u0142 obra\u017ce\u0144 cia\u0142a i ca\u0142o\u015b\u0107 zako\u0144czy\u0142a si\u0119 jako kolizja.<\/p>\n<p><img loading=\"lazy\" decoding=\"async\" src=\"https:\/\/ostrowskatv.pl\/wp-content\/uploads\/2024\/05\/1000060811-01.jpeg\" alt=\"\" width=\"1920\" height=\"981\" class=\"alignnone size-full wp-image-29463\" srcset=\"https:\/\/ostrowskatv.pl\/wp-content\/uploads\/2024\/05\/1000060811-01.jpeg 1920w, https:\/\/ostrowskatv.pl\/wp-content\/uploads\/2024\/05\/1000060811-01-300x153.jpeg 300w, https:\/\/ostrowskatv.pl\/wp-content\/uploads\/2024\/05\/1000060811-01-1333x681.jpeg 1333w, https:\/\/ostrowskatv.pl\/wp-content\/uploads\/2024\/05\/1000060811-01-1536x785.jpeg 1536w\" sizes=\"auto, (max-width: 1920px) 100vw, 1920px\" \/><\/p>\n<p><img loading=\"lazy\" decoding=\"async\" src=\"https:\/\/ostrowskatv.pl\/wp-content\/uploads\/2024\/05\/1000060802-01.jpeg\" alt=\"\" width=\"1920\" height=\"873\" class=\"alignnone size-full wp-image-29462\" srcset=\"https:\/\/ostrowskatv.pl\/wp-content\/uploads\/2024\/05\/1000060802-01.jpeg 1920w, https:\/\/ostrowskatv.pl\/wp-content\/uploads\/2024\/05\/1000060802-01-300x136.jpeg 300w, https:\/\/ostrowskatv.pl\/wp-content\/uploads\/2024\/05\/1000060802-01-1333x606.jpeg 1333w, https:\/\/ostrowskatv.pl\/wp-content\/uploads\/2024\/05\/1000060802-01-1536x698.jpeg 1536w\" sizes=\"auto, (max-width: 1920px) 100vw, 1920px\" \/><\/p>\n<p><img loading=\"lazy\" decoding=\"async\" src=\"https:\/\/ostrowskatv.pl\/wp-content\/uploads\/2024\/05\/1000060805-01.jpeg\" alt=\"\" width=\"1919\" height=\"827\" class=\"alignnone size-full wp-image-29461\" srcset=\"https:\/\/ostrowskatv.pl\/wp-content\/uploads\/2024\/05\/1000060805-01.jpeg 1919w, https:\/\/ostrowskatv.pl\/wp-content\/uploads\/2024\/05\/1000060805-01-300x129.jpeg 300w, https:\/\/ostrowskatv.pl\/wp-content\/uploads\/2024\/05\/1000060805-01-1333x574.jpeg 1333w, https:\/\/ostrowskatv.pl\/wp-content\/uploads\/2024\/05\/1000060805-01-1536x662.jpeg 1536w\" sizes=\"auto, (max-width: 1919px) 100vw, 1919px\" \/><\/p>\n","protected":false},"excerpt":{"rendered":"Przed po\u0142udniem dosz\u0142o do potr\u0105cenia rowerzysty przy skrzy\u017cowaniu ulic Torowej oraz Dalekiej w Ostrowie Wielkopolskim. Wzd\u0142u\u017c nowego odcinka Ramy P\u00f3\u0142nocnej biegnie \u015bcie\u017cka rowerowa \n<a class=\"moretag\" href=\"https:\/\/ostrowskatv.pl\/?p=29459\"> [...]<\/a>","protected":false},"author":1,"featured_media":29463,"comment_status":"open","ping_status":"closed","sticky":false,"template":"","format":"standard","meta":{"footnotes":""},"categories":[1],"tags":[2],"class_list":["post-29459","post","type-post","status-publish","format-standard","has-post-thumbnail","hentry","category-news","tag-ostrow-wielkopolski"],"_links":{"self":[{"href":"https:\/\/ostrowskatv.pl\/index.php?rest_route=\/wp\/v2\/posts\/29459","targetHints":{"allow":["GET"]}}],"collection":[{"href":"https:\/\/ostrowskatv.pl\/index.php?rest_route=\/wp\/v2\/posts"}],"about":[{"href":"https:\/\/ostrowskatv.pl\/index.php?rest_route=\/wp\/v2\/types\/post"}],"author":[{"embeddable":true,"href":"https:\/\/ostrowskatv.pl\/index.php?rest_route=\/wp\/v2\/users\/1"}],"replies":[{"embeddable":true,"href":"https:\/\/ostrowskatv.pl\/index.php?rest_route=%2Fwp%2Fv2%2Fcomments&post=29459"}],"version-history":[{"count":0,"href":"https:\/\/ostrowskatv.pl\/index.php?rest_route=\/wp\/v2\/posts\/29459\/revisions"}],"wp:featuredmedia":[{"embeddable":true,"href":"https:\/\/ostrowskatv.pl\/index.php?rest_route=\/wp\/v2\/media\/29463"}],"wp:attachment":[{"href":"https:\/\/ostrowskatv.pl\/index.php?rest_route=%2Fwp%2Fv2%2Fmedia&parent=29459"}],"wp:term":[{"taxonomy":"category","embeddable":true,"href":"https:\/\/ostrowskatv.pl\/index.php?rest_route=%2Fwp%2Fv2%2Fcategories&post=29459"},{"taxonomy":"post_tag","embeddable":true,"href":"https:\/\/ostrowskatv.pl\/index.php?rest_route=%2Fwp%2Fv2%2Ftags&post=29459"}],"curies":[{"name":"wp","href":"https:\/\/api.w.org\/{rel}","templated":true}]}}