{"id":2940,"date":"2017-01-24T11:30:03","date_gmt":"2017-01-24T10:30:03","guid":{"rendered":"http:\/\/ostrowska.tv\/?p=2940"},"modified":"2017-01-24T11:30:03","modified_gmt":"2017-01-24T10:30:03","slug":"nowe-zarzuty-dla-instruktora-jazdy-konnej-seks-afera","status":"publish","type":"post","link":"https:\/\/ostrowskatv.pl\/?p=2940","title":{"rendered":"Nowe zarzuty dla instruktora jazdy konnej &#8211; seks-afera"},"content":{"rendered":"<p><strong>Prokurator postawi\u0142 nowe zarzuty dla instruktora jazdy konnej. Przypomnijmy, \u017ce na pocz\u0105tku wrze\u015bnia minionego roku wyp\u0142yn\u0119\u0142a seks-afera z jego udzia\u0142em. W\u015br\u00f3d przedstawionych w\u00f3wczas historii rysowa\u0142 si\u0119 obraz wykorzystywania seksualnego podopiecznych o\u015brodka je\u017adzieckiego w powiecie ostrowskim.<\/strong><\/p>\n<p>Maciej P. sp\u0119dzi kolejne 3 miesi\u0105ce w areszcie. Zdaniem prokuratury mia\u0142 molestowa\u0107 co najmniej cztery dziewczynki. M\u00f3wi si\u0119 te\u017c o pr\u00f3bie gwa\u0142tu na terenie o\u015brodka je\u017adzieckiego.<\/p>\n<p>Afera wyp\u0142yn\u0119\u0142a po tym gdy matka jednej z dziewczynek zg\u0142osi\u0142a podejrzenie molestowania na ostrowsk\u0105 policj\u0119. Maciej P. mia\u0142 wykorzystywa\u0107 uczennice o\u015brodka je\u017adzieckiego od dawna. Cz\u0119\u015b\u0107 poszkodowanych dzi\u015b s\u0105 ju\u017c kobietami.<\/p>\n<p>Przypomnijmy \u2013 afera wybuch\u0142a w pa\u017adzierniku ubieg\u0142ego roku. Po tym jak matka nastolatki. Trwaj\u0105 nadal przes\u0142uchania potencjalnie poszkodowanych. Za zarzucane czyny grozi mu nawet 12 lat wi\u0119zienia.<\/p>\n","protected":false},"excerpt":{"rendered":"Prokurator postawi\u0142 nowe zarzuty dla instruktora jazdy konnej. Przypomnijmy, \u017ce na pocz\u0105tku wrze\u015bnia minionego roku wyp\u0142yn\u0119\u0142a seks-afera z jego udzia\u0142em. W\u015br\u00f3d przedstawionych w\u00f3wczas \n<a class=\"moretag\" href=\"https:\/\/ostrowskatv.pl\/?p=2940\"> [...]<\/a>","protected":false},"author":1,"featured_media":2941,"comment_status":"open","ping_status":"open","sticky":false,"template":"","format":"standard","meta":{"footnotes":""},"categories":[1],"tags":[33],"class_list":["post-2940","post","type-post","status-publish","format-standard","has-post-thumbnail","hentry","category-news","tag-prokuratura"],"_links":{"self":[{"href":"https:\/\/ostrowskatv.pl\/index.php?rest_route=\/wp\/v2\/posts\/2940","targetHints":{"allow":["GET"]}}],"collection":[{"href":"https:\/\/ostrowskatv.pl\/index.php?rest_route=\/wp\/v2\/posts"}],"about":[{"href":"https:\/\/ostrowskatv.pl\/index.php?rest_route=\/wp\/v2\/types\/post"}],"author":[{"embeddable":true,"href":"https:\/\/ostrowskatv.pl\/index.php?rest_route=\/wp\/v2\/users\/1"}],"replies":[{"embeddable":true,"href":"https:\/\/ostrowskatv.pl\/index.php?rest_route=%2Fwp%2Fv2%2Fcomments&post=2940"}],"version-history":[{"count":0,"href":"https:\/\/ostrowskatv.pl\/index.php?rest_route=\/wp\/v2\/posts\/2940\/revisions"}],"wp:featuredmedia":[{"embeddable":true,"href":"https:\/\/ostrowskatv.pl\/index.php?rest_route=\/wp\/v2\/media\/2941"}],"wp:attachment":[{"href":"https:\/\/ostrowskatv.pl\/index.php?rest_route=%2Fwp%2Fv2%2Fmedia&parent=2940"}],"wp:term":[{"taxonomy":"category","embeddable":true,"href":"https:\/\/ostrowskatv.pl\/index.php?rest_route=%2Fwp%2Fv2%2Fcategories&post=2940"},{"taxonomy":"post_tag","embeddable":true,"href":"https:\/\/ostrowskatv.pl\/index.php?rest_route=%2Fwp%2Fv2%2Ftags&post=2940"}],"curies":[{"name":"wp","href":"https:\/\/api.w.org\/{rel}","templated":true}]}}