{"id":29360,"date":"2024-05-03T07:15:31","date_gmt":"2024-05-03T06:15:31","guid":{"rendered":"https:\/\/ostrowskatv.pl\/?p=29360"},"modified":"2024-05-03T07:15:31","modified_gmt":"2024-05-03T06:15:31","slug":"dwoch-mezczyzn-poparzylo-sie","status":"publish","type":"post","link":"https:\/\/ostrowskatv.pl\/?p=29360","title":{"rendered":"Dw\u00f3ch m\u0119\u017cczyzn poparzy\u0142o si\u0119"},"content":{"rendered":"<p><strong>Do powa\u017cnego zdarzenia dosz\u0142o na terenie jednego z dom\u00f3w jednorodzinnych, gdzie poparzy\u0142o si\u0119 dw\u00f3ch m\u0119\u017cczyzn. Z naszych informacji wynika, \u017ce przyjechali na posesj\u0119 naprawi\u0107 kolektory s\u0142oneczne, do podgrzewania wody.<\/strong><\/p>\n<p>Podczas prac naprawczych dosz\u0142o do uwolnienia si\u0119 cieczy, kt\u00f3ra obla\u0142a m.in. twarze m\u0119\u017cczyzn. Obaj zostali przetransportowani do szpitali w Kaliszu oraz Ostrowie Wielkopolskim. Ten drugi trafi\u0142 do Ostrowa \u015bmig\u0142owcem Lotniczego Pogotowia Ratunkowego.<\/p>\n<p>Incydent mia\u0142 miejsce w Ko\u017al\u0105tkowie, powiat kaliski. Poza s\u0142u\u017cbami medycznymi, wezwano r\u00f3wnie\u017c kaliskich stra\u017cak\u00f3w.<\/p>\n<p><img loading=\"lazy\" decoding=\"async\" src=\"https:\/\/ostrowskatv.pl\/wp-content\/uploads\/2024\/05\/1000059891-01.jpeg\" alt=\"\" width=\"1920\" height=\"1085\" class=\"alignnone size-full wp-image-29362\" srcset=\"https:\/\/ostrowskatv.pl\/wp-content\/uploads\/2024\/05\/1000059891-01.jpeg 1920w, https:\/\/ostrowskatv.pl\/wp-content\/uploads\/2024\/05\/1000059891-01-300x170.jpeg 300w, https:\/\/ostrowskatv.pl\/wp-content\/uploads\/2024\/05\/1000059891-01-1333x753.jpeg 1333w, https:\/\/ostrowskatv.pl\/wp-content\/uploads\/2024\/05\/1000059891-01-1536x868.jpeg 1536w, https:\/\/ostrowskatv.pl\/wp-content\/uploads\/2024\/05\/1000059891-01-388x220.jpeg 388w\" sizes=\"auto, (max-width: 1920px) 100vw, 1920px\" \/><\/p>\n<p><img loading=\"lazy\" decoding=\"async\" src=\"https:\/\/ostrowskatv.pl\/wp-content\/uploads\/2024\/05\/1000059890-01.jpeg\" alt=\"\" width=\"1920\" height=\"1081\" class=\"alignnone size-full wp-image-29363\" srcset=\"https:\/\/ostrowskatv.pl\/wp-content\/uploads\/2024\/05\/1000059890-01.jpeg 1920w, https:\/\/ostrowskatv.pl\/wp-content\/uploads\/2024\/05\/1000059890-01-300x169.jpeg 300w, https:\/\/ostrowskatv.pl\/wp-content\/uploads\/2024\/05\/1000059890-01-1333x751.jpeg 1333w, https:\/\/ostrowskatv.pl\/wp-content\/uploads\/2024\/05\/1000059890-01-1536x865.jpeg 1536w\" sizes=\"auto, (max-width: 1920px) 100vw, 1920px\" \/><\/p>\n<p><img loading=\"lazy\" decoding=\"async\" src=\"https:\/\/ostrowskatv.pl\/wp-content\/uploads\/2024\/05\/1000060004-01.jpeg\" alt=\"\" width=\"1920\" height=\"1081\" class=\"alignnone size-full wp-image-29364\" srcset=\"https:\/\/ostrowskatv.pl\/wp-content\/uploads\/2024\/05\/1000060004-01.jpeg 1920w, https:\/\/ostrowskatv.pl\/wp-content\/uploads\/2024\/05\/1000060004-01-300x169.jpeg 300w, https:\/\/ostrowskatv.pl\/wp-content\/uploads\/2024\/05\/1000060004-01-1333x751.jpeg 1333w, https:\/\/ostrowskatv.pl\/wp-content\/uploads\/2024\/05\/1000060004-01-1536x865.jpeg 1536w\" sizes=\"auto, (max-width: 1920px) 100vw, 1920px\" \/><\/p>\n","protected":false},"excerpt":{"rendered":"Do powa\u017cnego zdarzenia dosz\u0142o na terenie jednego z dom\u00f3w jednorodzinnych, gdzie poparzy\u0142o si\u0119 dw\u00f3ch m\u0119\u017cczyzn. Z naszych informacji wynika, \u017ce przyjechali na posesj\u0119 \n<a class=\"moretag\" href=\"https:\/\/ostrowskatv.pl\/?p=29360\"> [...]<\/a>","protected":false},"author":1,"featured_media":29364,"comment_status":"open","ping_status":"closed","sticky":false,"template":"","format":"standard","meta":{"footnotes":""},"categories":[1],"tags":[298],"class_list":["post-29360","post","type-post","status-publish","format-standard","has-post-thumbnail","hentry","category-news","tag-poparzenie"],"_links":{"self":[{"href":"https:\/\/ostrowskatv.pl\/index.php?rest_route=\/wp\/v2\/posts\/29360","targetHints":{"allow":["GET"]}}],"collection":[{"href":"https:\/\/ostrowskatv.pl\/index.php?rest_route=\/wp\/v2\/posts"}],"about":[{"href":"https:\/\/ostrowskatv.pl\/index.php?rest_route=\/wp\/v2\/types\/post"}],"author":[{"embeddable":true,"href":"https:\/\/ostrowskatv.pl\/index.php?rest_route=\/wp\/v2\/users\/1"}],"replies":[{"embeddable":true,"href":"https:\/\/ostrowskatv.pl\/index.php?rest_route=%2Fwp%2Fv2%2Fcomments&post=29360"}],"version-history":[{"count":0,"href":"https:\/\/ostrowskatv.pl\/index.php?rest_route=\/wp\/v2\/posts\/29360\/revisions"}],"wp:featuredmedia":[{"embeddable":true,"href":"https:\/\/ostrowskatv.pl\/index.php?rest_route=\/wp\/v2\/media\/29364"}],"wp:attachment":[{"href":"https:\/\/ostrowskatv.pl\/index.php?rest_route=%2Fwp%2Fv2%2Fmedia&parent=29360"}],"wp:term":[{"taxonomy":"category","embeddable":true,"href":"https:\/\/ostrowskatv.pl\/index.php?rest_route=%2Fwp%2Fv2%2Fcategories&post=29360"},{"taxonomy":"post_tag","embeddable":true,"href":"https:\/\/ostrowskatv.pl\/index.php?rest_route=%2Fwp%2Fv2%2Ftags&post=29360"}],"curies":[{"name":"wp","href":"https:\/\/api.w.org\/{rel}","templated":true}]}}