{"id":29324,"date":"2024-04-29T08:32:14","date_gmt":"2024-04-29T07:32:14","guid":{"rendered":"https:\/\/ostrowskatv.pl\/?p=29324"},"modified":"2024-04-29T08:41:16","modified_gmt":"2024-04-29T07:41:16","slug":"motocyklisty-nie-mialo-prawa-tam-byc","status":"publish","type":"post","link":"https:\/\/ostrowskatv.pl\/?p=29324","title":{"rendered":"Motocyklisty nie mia\u0142o prawa tam by\u0107!"},"content":{"rendered":"<p><strong>Wychodz\u0105 na jaw nowe fakty dotycz\u0105ce wypadku, do kt\u00f3rego dosz\u0142o w sobot\u0119 w Psarach. Rowerzystka w wyniku odniesionych obra\u017ce\u0144 zmar\u0142a w szpitalu, a motocyklista przebywa w kaliskim szpitalu na oddziale neurochirurgii.<\/strong><\/p>\n<p>Okazuje si\u0119, \u017ce do wypadku by nie dosz\u0142o gdyby 45-letni mieszkaniec Rososzycy nie zignorowa\u0142 posiadanego czynnego zakazu prowadzenia pojazd\u00f3w. M\u0119\u017cczyzna nie tylko zignorowa\u0142 zakaz, ale tak\u017ce rozp\u0119dzi\u0142 motocykl do du\u017cych pr\u0119dko\u015bci w terenie zabudowanym. Potwierdza to nagranie z monitoringu z sali OSP w Psarach, gdzie dosz\u0142o do wypadku.<\/p>\n<p>Syn m\u0119\u017cczyzny, kt\u00f3ry pojawi\u0142 si\u0119 na miejscu wypadku powiedzia\u0142 do jednej z os\u00f3b, \u017ce &#8222;w d&#8230; ma&#8221; stan poszkodowanej dziewczyny, kt\u00f3r\u0105 w\u00f3wczas reanimowano.<\/p>\n","protected":false},"excerpt":{"rendered":"Wychodz\u0105 na jaw nowe fakty dotycz\u0105ce wypadku, do kt\u00f3rego dosz\u0142o w sobot\u0119 w Psarach. Rowerzystka w wyniku odniesionych obra\u017ce\u0144 zmar\u0142a w szpitalu, a \n<a class=\"moretag\" href=\"https:\/\/ostrowskatv.pl\/?p=29324\"> [...]<\/a>","protected":false},"author":1,"featured_media":29271,"comment_status":"open","ping_status":"closed","sticky":false,"template":"","format":"standard","meta":{"footnotes":""},"categories":[1],"tags":[165],"class_list":["post-29324","post","type-post","status-publish","format-standard","has-post-thumbnail","hentry","category-news","tag-psary"],"_links":{"self":[{"href":"https:\/\/ostrowskatv.pl\/index.php?rest_route=\/wp\/v2\/posts\/29324","targetHints":{"allow":["GET"]}}],"collection":[{"href":"https:\/\/ostrowskatv.pl\/index.php?rest_route=\/wp\/v2\/posts"}],"about":[{"href":"https:\/\/ostrowskatv.pl\/index.php?rest_route=\/wp\/v2\/types\/post"}],"author":[{"embeddable":true,"href":"https:\/\/ostrowskatv.pl\/index.php?rest_route=\/wp\/v2\/users\/1"}],"replies":[{"embeddable":true,"href":"https:\/\/ostrowskatv.pl\/index.php?rest_route=%2Fwp%2Fv2%2Fcomments&post=29324"}],"version-history":[{"count":0,"href":"https:\/\/ostrowskatv.pl\/index.php?rest_route=\/wp\/v2\/posts\/29324\/revisions"}],"wp:featuredmedia":[{"embeddable":true,"href":"https:\/\/ostrowskatv.pl\/index.php?rest_route=\/wp\/v2\/media\/29271"}],"wp:attachment":[{"href":"https:\/\/ostrowskatv.pl\/index.php?rest_route=%2Fwp%2Fv2%2Fmedia&parent=29324"}],"wp:term":[{"taxonomy":"category","embeddable":true,"href":"https:\/\/ostrowskatv.pl\/index.php?rest_route=%2Fwp%2Fv2%2Fcategories&post=29324"},{"taxonomy":"post_tag","embeddable":true,"href":"https:\/\/ostrowskatv.pl\/index.php?rest_route=%2Fwp%2Fv2%2Ftags&post=29324"}],"curies":[{"name":"wp","href":"https:\/\/api.w.org\/{rel}","templated":true}]}}