{"id":29307,"date":"2024-04-28T18:39:46","date_gmt":"2024-04-28T17:39:46","guid":{"rendered":"https:\/\/ostrowskatv.pl\/?p=29307"},"modified":"2024-04-28T18:42:13","modified_gmt":"2024-04-28T17:42:13","slug":"zderzenie-rowerzystow-na-piaskach","status":"publish","type":"post","link":"https:\/\/ostrowskatv.pl\/?p=29307","title":{"rendered":"Zderzenie rowerzyst\u00f3w na Piaskach"},"content":{"rendered":"<p><strong>Oko\u0142o godziny 18.30 dosz\u0142o do zderzenia dwojga rowerzyst\u00f3w na terenie kompleksu Piaski-Szczygliczka. W zdarzeniu bra\u0142y udzia\u0142 15-letnia dziewczyna oraz m\u0142ody m\u0119\u017cczyzna. Poszkodowanego zabrano do szpitala.<\/strong><\/p>\n<p>15-latka jecha\u0142a rowerami wraz z dwiema kole\u017cankami. Jad\u0105c od strony parku linowego postanowi\u0142y skr\u0119ci\u0107 w lewo w stron\u0119 restauracji przy statku. Z przeciwka jecha\u0142 rowerzysta. W wyniku zajechania drogi, dosz\u0142o do kontaktu.<\/p>\n<p>O ile 15-latce nic si\u0119 nie sta\u0142o, to m\u0119\u017cczyzna wymaga\u0142 przewiezienia do szpitala. By\u0142 oszo\u0142omiony i nie m\u00f3g\u0142 wsta\u0107.<\/p>\n<p>Policjanci wezwali rodzica 15-latki i w zale\u017cno\u015bci od obra\u017ce\u0144 cia\u0142a m\u0119\u017cczyzny, b\u0119dzie zastosowana odpowiednia procedura.<\/p>\n<p>Oboje uczestnicy nie mieli za\u0142o\u017conych kask\u00f3w na g\u0142ow\u0119.<\/p>\n<p><img loading=\"lazy\" decoding=\"async\" src=\"https:\/\/ostrowskatv.pl\/wp-content\/uploads\/2024\/04\/1000059135-01.jpeg\" alt=\"\" width=\"1920\" height=\"1081\" class=\"alignnone size-full wp-image-29308\" srcset=\"https:\/\/ostrowskatv.pl\/wp-content\/uploads\/2024\/04\/1000059135-01.jpeg 1920w, https:\/\/ostrowskatv.pl\/wp-content\/uploads\/2024\/04\/1000059135-01-300x169.jpeg 300w, https:\/\/ostrowskatv.pl\/wp-content\/uploads\/2024\/04\/1000059135-01-1333x751.jpeg 1333w, https:\/\/ostrowskatv.pl\/wp-content\/uploads\/2024\/04\/1000059135-01-1536x865.jpeg 1536w\" sizes=\"auto, (max-width: 1920px) 100vw, 1920px\" \/><\/p>\n<p><img loading=\"lazy\" decoding=\"async\" src=\"https:\/\/ostrowskatv.pl\/wp-content\/uploads\/2024\/04\/1000059146-01.jpeg\" alt=\"\" width=\"1920\" height=\"902\" class=\"alignnone size-full wp-image-29309\" srcset=\"https:\/\/ostrowskatv.pl\/wp-content\/uploads\/2024\/04\/1000059146-01.jpeg 1920w, https:\/\/ostrowskatv.pl\/wp-content\/uploads\/2024\/04\/1000059146-01-300x141.jpeg 300w, https:\/\/ostrowskatv.pl\/wp-content\/uploads\/2024\/04\/1000059146-01-1333x626.jpeg 1333w, https:\/\/ostrowskatv.pl\/wp-content\/uploads\/2024\/04\/1000059146-01-1536x722.jpeg 1536w\" sizes=\"auto, (max-width: 1920px) 100vw, 1920px\" \/><\/p>\n<p><img loading=\"lazy\" decoding=\"async\" src=\"https:\/\/ostrowskatv.pl\/wp-content\/uploads\/2024\/04\/1000059147-01.jpeg\" alt=\"\" width=\"1920\" height=\"817\" class=\"alignnone size-full wp-image-29310\" srcset=\"https:\/\/ostrowskatv.pl\/wp-content\/uploads\/2024\/04\/1000059147-01.jpeg 1920w, https:\/\/ostrowskatv.pl\/wp-content\/uploads\/2024\/04\/1000059147-01-300x128.jpeg 300w, https:\/\/ostrowskatv.pl\/wp-content\/uploads\/2024\/04\/1000059147-01-1333x567.jpeg 1333w, https:\/\/ostrowskatv.pl\/wp-content\/uploads\/2024\/04\/1000059147-01-1536x654.jpeg 1536w\" sizes=\"auto, (max-width: 1920px) 100vw, 1920px\" \/><\/p>\n","protected":false},"excerpt":{"rendered":"Oko\u0142o godziny 18.30 dosz\u0142o do zderzenia dwojga rowerzyst\u00f3w na terenie kompleksu Piaski-Szczygliczka. W zdarzeniu bra\u0142y udzia\u0142 15-letnia dziewczyna oraz m\u0142ody m\u0119\u017cczyzna. Poszkodowanego zabrano \n<a class=\"moretag\" href=\"https:\/\/ostrowskatv.pl\/?p=29307\"> [...]<\/a>","protected":false},"author":1,"featured_media":29309,"comment_status":"open","ping_status":"closed","sticky":false,"template":"","format":"standard","meta":{"footnotes":""},"categories":[1],"tags":[2],"class_list":["post-29307","post","type-post","status-publish","format-standard","has-post-thumbnail","hentry","category-news","tag-ostrow-wielkopolski"],"_links":{"self":[{"href":"https:\/\/ostrowskatv.pl\/index.php?rest_route=\/wp\/v2\/posts\/29307","targetHints":{"allow":["GET"]}}],"collection":[{"href":"https:\/\/ostrowskatv.pl\/index.php?rest_route=\/wp\/v2\/posts"}],"about":[{"href":"https:\/\/ostrowskatv.pl\/index.php?rest_route=\/wp\/v2\/types\/post"}],"author":[{"embeddable":true,"href":"https:\/\/ostrowskatv.pl\/index.php?rest_route=\/wp\/v2\/users\/1"}],"replies":[{"embeddable":true,"href":"https:\/\/ostrowskatv.pl\/index.php?rest_route=%2Fwp%2Fv2%2Fcomments&post=29307"}],"version-history":[{"count":0,"href":"https:\/\/ostrowskatv.pl\/index.php?rest_route=\/wp\/v2\/posts\/29307\/revisions"}],"wp:featuredmedia":[{"embeddable":true,"href":"https:\/\/ostrowskatv.pl\/index.php?rest_route=\/wp\/v2\/media\/29309"}],"wp:attachment":[{"href":"https:\/\/ostrowskatv.pl\/index.php?rest_route=%2Fwp%2Fv2%2Fmedia&parent=29307"}],"wp:term":[{"taxonomy":"category","embeddable":true,"href":"https:\/\/ostrowskatv.pl\/index.php?rest_route=%2Fwp%2Fv2%2Fcategories&post=29307"},{"taxonomy":"post_tag","embeddable":true,"href":"https:\/\/ostrowskatv.pl\/index.php?rest_route=%2Fwp%2Fv2%2Ftags&post=29307"}],"curies":[{"name":"wp","href":"https:\/\/api.w.org\/{rel}","templated":true}]}}