{"id":293,"date":"2016-02-02T20:01:48","date_gmt":"2016-02-02T19:01:48","guid":{"rendered":"http:\/\/ostrowska.tv\/?p=293"},"modified":"2016-02-02T20:01:48","modified_gmt":"2016-02-02T19:01:48","slug":"czy-miasto-powinno-zajmowac-sie-cyrkami","status":"publish","type":"post","link":"https:\/\/ostrowskatv.pl\/?p=293","title":{"rendered":"Czy miasto powinno zajmowa\u0107 si\u0119 cyrkami?"},"content":{"rendered":"<p>26 stycznia prezydent Beata Klimek og\u0142osi\u0142a konsultacje spo\u0142eczne dotycz\u0105ce organizowania na terenie naszego miasta przedstawie\u0144 cyrkowych z udzia\u0142em zwierz\u0105t. Cz\u0119\u015b\u0107 radnych krytykuje takie dzia\u0142anie.<\/p>\n<p>&#8211; Jestem przeciwny wykorzystywaniu zwierz\u0105t do tygo typu &#8222;uciech&#8221;. Pewnie wiele os\u00f3b ma podobne zdanie do mojego. Zastanawiam si\u0119 jednak, czy miasto nie ma powa\u017cniejszych problem\u00f3w do inicjowania? Tego typu kwestiami powinny zajmowa\u0107 si\u0119 r\u00f3\u017cne stowarzyszenia, kt\u00f3re specjalizuj\u0105 si\u0119 w takich tematach. Miasto powinno zabiera\u0107 stanowisko dopiero p\u00f3\u017aniej \u2013 przekonuje radny Wojciech Matuszczak.<\/p>\n<p>Dzia\u0142ania Beaty Klimek ostro krytykuje Klub Radnych Platformy Obywatelskiej. W ocenie jego przedstawicieli prezydent Ostrowa za bardzo stara si\u0119 upodabnia\u0107 do Roberta Biedronia. &#8211; W\u0142adze miasta nie powinny w og\u00f3le zajmowa\u0107 si\u0119 takimi tematami \u2013 podkre\u015bla radny Andrzej Kornaszewski.<\/p>\n<p>&#8211; Rozumiem, \u017ce progresywni prezydenci podejmuj\u0105 tego typu kwestie, bo ich zdaniem s\u0105 one najwa\u017cniejsze. Pan Biedro\u0144 zakaza\u0142, wi\u0119c my w Ostrowie pewnie te\u017c powinni\u015bmy. Moim zdaniem to jednak lekka przesada. Przecie\u017c je\u015bli ludzie nie chc\u0105 chodzi\u0107 do cyrku, to tego nie robi\u0105. A w takiej sytuacji nie przyje\u017cd\u017caj\u0105 one do danego miasta. Gdyby jednak by\u0142o zapotrzebowanie, to nie mo\u017cna tego ludziom zakazywa\u0107. W Ostrowie cyrki by\u0142y obecnie od ponad stu lat. Zreszt\u0105, du\u017co straszniejsze rzeczy mo\u017cna obejrze\u0107 w internecie i telewizji. Niekt\u00f3rzy m\u00f3wi\u0105 o tragedii, bo mo\u017cna w cyrku zobaczy\u0107 konie czy tresowane pieski. Sam ju\u017c do cyrku nie chodz\u0119, bo taka rozrywka jest dla mnie ma\u0142o ciekawa. Je\u015bli jednak w dalszym ci\u0105gu mamy odbiorc\u00f3w jej odbiorc\u00f3w, to miasto nie powinno si\u0119 wtr\u0105ca\u0107 \u2013 kontynuuje Kornaszewski.<\/p>\n<p>Nie wszyscy krytykuj\u0105 jednak pomys\u0142 konsultacji spo\u0142ecznych w tej sprawie. Nieco inne zdanie ma radna Aleksandra Zuchowska. &#8211; W tej sprawie powinni wypowiada\u0107 si\u0119 przede wszystkim sami mieszka\u0144cy oraz powo\u0142ane do tego celu organizacje pozarz\u0105dowe. S\u0105dz\u0119, \u017ce oni zrobi\u0105 to najlepiej. Jako mieszkaniec tego miasta uwa\u017cam, \u017ce powinni\u015bmy zadba\u0107 o to, by zwierz\u0119ta nie by\u0142y m\u0119czone prac\u0105 w cyrku \u2013 przekonuje Zuchowska.<\/p>\n<p>Czy wezm\u0105 Pa\u0144stwo udzia\u0142 w konsultacjach spo\u0142ecznych w sprawie cyrk\u00f3w? Czy miasto s\u0142usznie zajmuje si\u0119 tym tematem? Zach\u0119camy do dyskusji w komentarzach. Konsultacje spo\u0142eczne potrwaj\u0105 do 16 lutego.<\/p>\n","protected":false},"excerpt":{"rendered":"26 stycznia prezydent Beata Klimek og\u0142osi\u0142a konsultacje spo\u0142eczne dotycz\u0105ce organizowania na terenie naszego miasta przedstawie\u0144 cyrkowych z udzia\u0142em zwierz\u0105t. Cz\u0119\u015b\u0107 radnych krytykuje takie \n<a class=\"moretag\" href=\"https:\/\/ostrowskatv.pl\/?p=293\"> [...]<\/a>","protected":false},"author":1,"featured_media":294,"comment_status":"open","ping_status":"open","sticky":false,"template":"","format":"standard","meta":{"footnotes":""},"categories":[1],"tags":[],"class_list":["post-293","post","type-post","status-publish","format-standard","has-post-thumbnail","hentry","category-news"],"_links":{"self":[{"href":"https:\/\/ostrowskatv.pl\/index.php?rest_route=\/wp\/v2\/posts\/293","targetHints":{"allow":["GET"]}}],"collection":[{"href":"https:\/\/ostrowskatv.pl\/index.php?rest_route=\/wp\/v2\/posts"}],"about":[{"href":"https:\/\/ostrowskatv.pl\/index.php?rest_route=\/wp\/v2\/types\/post"}],"author":[{"embeddable":true,"href":"https:\/\/ostrowskatv.pl\/index.php?rest_route=\/wp\/v2\/users\/1"}],"replies":[{"embeddable":true,"href":"https:\/\/ostrowskatv.pl\/index.php?rest_route=%2Fwp%2Fv2%2Fcomments&post=293"}],"version-history":[{"count":0,"href":"https:\/\/ostrowskatv.pl\/index.php?rest_route=\/wp\/v2\/posts\/293\/revisions"}],"wp:featuredmedia":[{"embeddable":true,"href":"https:\/\/ostrowskatv.pl\/index.php?rest_route=\/wp\/v2\/media\/294"}],"wp:attachment":[{"href":"https:\/\/ostrowskatv.pl\/index.php?rest_route=%2Fwp%2Fv2%2Fmedia&parent=293"}],"wp:term":[{"taxonomy":"category","embeddable":true,"href":"https:\/\/ostrowskatv.pl\/index.php?rest_route=%2Fwp%2Fv2%2Fcategories&post=293"},{"taxonomy":"post_tag","embeddable":true,"href":"https:\/\/ostrowskatv.pl\/index.php?rest_route=%2Fwp%2Fv2%2Ftags&post=293"}],"curies":[{"name":"wp","href":"https:\/\/api.w.org\/{rel}","templated":true}]}}