{"id":29292,"date":"2024-04-28T08:33:52","date_gmt":"2024-04-28T07:33:52","guid":{"rendered":"https:\/\/ostrowskatv.pl\/?p=29292"},"modified":"2024-04-28T08:33:52","modified_gmt":"2024-04-28T07:33:52","slug":"krzysztof-bosak-w-ostrowie-sala-pekala-w-szwach","status":"publish","type":"post","link":"https:\/\/ostrowskatv.pl\/?p=29292","title":{"rendered":"Krzysztof Bosak w Ostrowie. Sala p\u0119ka\u0142a w szwach"},"content":{"rendered":"<p>Trzeba przyzna\u0107, \u017ce nawet osobom z ostrowskiej Koalicji Obywatelskiej nie udaje si\u0119 zach\u0119ci\u0107 ty\u0142u ch\u0119tnych do przyj\u015bcia na spotkanie, co bez jakiej\u015b reklamy udaje si\u0119 Konfederacji. I faktycznie na spotkanie z Krzysztofem Bosakiem przysz\u0142a spora grupa sympatyk\u00f3w.<\/p>\n<p>Podczas spotkania w nKlubie zaprezentowano kandydat\u00f3w do europarlamentu z terenu Wielkopolski. List\u0119 otwiera Anna Bry\u0142ka, drugi jest doktor Witold Tomc, AK z K\u0119pna, a li\u015bcie znalaz\u0142a si\u0119 zwi\u0105zana zawodowo z Ostrowem Wielkopolskim Dorota Spalony.<\/p>\n<p>Zgromadzeni wys\u0142uchali wyst\u0105pienia marsza\u0142ka Krzysztofa Bosaka, a tak\u017ce kandydat\u00f3w.<\/p>\n<p>Nast\u0119pnie mieszka\u0144cy mieli okazj\u0119 zada\u0107 seri\u0119 pyta\u0144 do wybranych go\u015bci.<\/p>\n<p>Na spotkaniu poruszono kwestie unijnych polityk ekologicznych i ich koszt\u00f3w dla Polski. Kwestie suwerenno\u015bci oraz bierno\u015bci dotychczasowych europos\u0142\u00f3w z Polski.<\/p>\n<p><img loading=\"lazy\" decoding=\"async\" src=\"https:\/\/ostrowskatv.pl\/wp-content\/uploads\/2024\/04\/1000058842-01.jpeg\" alt=\"\" width=\"1920\" height=\"1081\" class=\"alignnone size-full wp-image-29293\" srcset=\"https:\/\/ostrowskatv.pl\/wp-content\/uploads\/2024\/04\/1000058842-01.jpeg 1920w, https:\/\/ostrowskatv.pl\/wp-content\/uploads\/2024\/04\/1000058842-01-300x169.jpeg 300w, https:\/\/ostrowskatv.pl\/wp-content\/uploads\/2024\/04\/1000058842-01-1333x751.jpeg 1333w, https:\/\/ostrowskatv.pl\/wp-content\/uploads\/2024\/04\/1000058842-01-1536x865.jpeg 1536w\" sizes=\"auto, (max-width: 1920px) 100vw, 1920px\" \/><\/p>\n<p><img loading=\"lazy\" decoding=\"async\" src=\"https:\/\/ostrowskatv.pl\/wp-content\/uploads\/2024\/04\/1000058841-01.jpeg\" alt=\"\" width=\"1920\" height=\"1081\" class=\"alignnone size-full wp-image-29294\" srcset=\"https:\/\/ostrowskatv.pl\/wp-content\/uploads\/2024\/04\/1000058841-01.jpeg 1920w, https:\/\/ostrowskatv.pl\/wp-content\/uploads\/2024\/04\/1000058841-01-300x169.jpeg 300w, https:\/\/ostrowskatv.pl\/wp-content\/uploads\/2024\/04\/1000058841-01-1333x751.jpeg 1333w, https:\/\/ostrowskatv.pl\/wp-content\/uploads\/2024\/04\/1000058841-01-1536x865.jpeg 1536w\" sizes=\"auto, (max-width: 1920px) 100vw, 1920px\" \/><\/p>\n<p><img loading=\"lazy\" decoding=\"async\" src=\"https:\/\/ostrowskatv.pl\/wp-content\/uploads\/2024\/04\/1000058840-01.jpeg\" alt=\"\" width=\"1920\" height=\"1081\" class=\"alignnone size-full wp-image-29295\" srcset=\"https:\/\/ostrowskatv.pl\/wp-content\/uploads\/2024\/04\/1000058840-01.jpeg 1920w, https:\/\/ostrowskatv.pl\/wp-content\/uploads\/2024\/04\/1000058840-01-300x169.jpeg 300w, https:\/\/ostrowskatv.pl\/wp-content\/uploads\/2024\/04\/1000058840-01-1333x751.jpeg 1333w, https:\/\/ostrowskatv.pl\/wp-content\/uploads\/2024\/04\/1000058840-01-1536x865.jpeg 1536w\" sizes=\"auto, (max-width: 1920px) 100vw, 1920px\" \/><\/p>\n<p><img loading=\"lazy\" decoding=\"async\" src=\"https:\/\/ostrowskatv.pl\/wp-content\/uploads\/2024\/04\/1000058839-01.jpeg\" alt=\"\" width=\"1920\" height=\"1081\" class=\"alignnone size-full wp-image-29296\" srcset=\"https:\/\/ostrowskatv.pl\/wp-content\/uploads\/2024\/04\/1000058839-01.jpeg 1920w, https:\/\/ostrowskatv.pl\/wp-content\/uploads\/2024\/04\/1000058839-01-300x169.jpeg 300w, https:\/\/ostrowskatv.pl\/wp-content\/uploads\/2024\/04\/1000058839-01-1333x751.jpeg 1333w, https:\/\/ostrowskatv.pl\/wp-content\/uploads\/2024\/04\/1000058839-01-1536x865.jpeg 1536w\" sizes=\"auto, (max-width: 1920px) 100vw, 1920px\" \/><\/p>\n","protected":false},"excerpt":{"rendered":"Trzeba przyzna\u0107, \u017ce nawet osobom z ostrowskiej Koalicji Obywatelskiej nie udaje si\u0119 zach\u0119ci\u0107 ty\u0142u ch\u0119tnych do przyj\u015bcia na spotkanie, co bez jakiej\u015b reklamy \n<a class=\"moretag\" href=\"https:\/\/ostrowskatv.pl\/?p=29292\"> [...]<\/a>","protected":false},"author":1,"featured_media":29296,"comment_status":"open","ping_status":"closed","sticky":false,"template":"","format":"standard","meta":{"footnotes":""},"categories":[1],"tags":[2],"class_list":["post-29292","post","type-post","status-publish","format-standard","has-post-thumbnail","hentry","category-news","tag-ostrow-wielkopolski"],"_links":{"self":[{"href":"https:\/\/ostrowskatv.pl\/index.php?rest_route=\/wp\/v2\/posts\/29292","targetHints":{"allow":["GET"]}}],"collection":[{"href":"https:\/\/ostrowskatv.pl\/index.php?rest_route=\/wp\/v2\/posts"}],"about":[{"href":"https:\/\/ostrowskatv.pl\/index.php?rest_route=\/wp\/v2\/types\/post"}],"author":[{"embeddable":true,"href":"https:\/\/ostrowskatv.pl\/index.php?rest_route=\/wp\/v2\/users\/1"}],"replies":[{"embeddable":true,"href":"https:\/\/ostrowskatv.pl\/index.php?rest_route=%2Fwp%2Fv2%2Fcomments&post=29292"}],"version-history":[{"count":0,"href":"https:\/\/ostrowskatv.pl\/index.php?rest_route=\/wp\/v2\/posts\/29292\/revisions"}],"wp:featuredmedia":[{"embeddable":true,"href":"https:\/\/ostrowskatv.pl\/index.php?rest_route=\/wp\/v2\/media\/29296"}],"wp:attachment":[{"href":"https:\/\/ostrowskatv.pl\/index.php?rest_route=%2Fwp%2Fv2%2Fmedia&parent=29292"}],"wp:term":[{"taxonomy":"category","embeddable":true,"href":"https:\/\/ostrowskatv.pl\/index.php?rest_route=%2Fwp%2Fv2%2Fcategories&post=29292"},{"taxonomy":"post_tag","embeddable":true,"href":"https:\/\/ostrowskatv.pl\/index.php?rest_route=%2Fwp%2Fv2%2Ftags&post=29292"}],"curies":[{"name":"wp","href":"https:\/\/api.w.org\/{rel}","templated":true}]}}