{"id":29247,"date":"2024-04-28T00:08:14","date_gmt":"2024-04-27T23:08:14","guid":{"rendered":"https:\/\/ostrowskatv.pl\/?p=29247"},"modified":"2024-04-28T00:08:14","modified_gmt":"2024-04-27T23:08:14","slug":"oddali-hold-zmarlemu-strazakow-co-sie-wydarzylo-w-komorze","status":"publish","type":"post","link":"https:\/\/ostrowskatv.pl\/?p=29247","title":{"rendered":"Oddali ho\u0142d zmar\u0142emu stra\u017cak\u00f3w. Co si\u0119 wydarzy\u0142o w komorze?"},"content":{"rendered":"<p><strong>Punktualnie o godzinie 18 w ca\u0142ej Polsce zawy\u0142y syreny, oddaj\u0105c ho\u0142d i pami\u0119\u0107 stra\u017cak\u00f3w z OSP \u017berniki, kt\u00f3ry zas\u0142ab\u0142 w komorze dymowej, a nast\u0119pnie zmar\u0142 w szpitalu. <\/strong><\/p>\n<p><iframe loading=\"lazy\" title=\"Oddanie ho\u0142du zmar\u0142em stra\u017cak\u00f3w\" width=\"747\" height=\"420\" src=\"https:\/\/www.youtube.com\/embed\/PGqZ3It2Bpo?feature=oembed\" frameborder=\"0\" allow=\"accelerometer; autoplay; clipboard-write; encrypted-media; gyroscope; picture-in-picture; web-share\" referrerpolicy=\"strict-origin-when-cross-origin\" allowfullscreen><\/iframe><\/p>\n<p>Syreny zawy\u0142y nie tylko w Ostrowie Wielkopolskim, okolicznych jednostkach OSP, ale i w ca\u0142ej Polsce.<\/p>\n<p>Druh Marcin Raczyk odbywa\u0142 \u0107wiczenia sprawno\u015bciowe. Te odbywaj\u0105 si\u0119 cyklicznie, zar\u00f3wno dla stra\u017cak\u00f3w ochotnik\u00f3w jak i zawodowych. Ich zadaniem jest maksymalne odwzorowanie \u015brodowiska, z kt\u00f3rym mo\u017ce im przyj\u015b\u0107 si\u0119 zmierzy\u0107, walcz\u0105c o ludzkie \u017cycie czy mienie. Komora w chwili \u0107wicze\u0144 jest ciemnym pomieszczeniem, do kt\u00f3rego dodaje si\u0119 bezpiecznego dymu teatralnego. Ciasne korytarze, a w\u015br\u00f3d nich elementy wskazuj\u0105ce drogi ewakuacyjne. Dodatkowo podwy\u017cszona temperatura, ha\u0142as czy migaj\u0105ce \u015bwiat\u0142a. Sprawdza si\u0119 jak stra\u017cak reaguje w takim \u015brodowisku. <\/p>\n<p>Jak informowa\u0142 S\u0142awomir Brandt, rzecznik z Wielkopolskiej Komendy Stra\u017cy Po\u017carnej, stra\u017cak przed wzi\u0119ciem udzia\u0142u w \u0107wiczeniach musi mie\u0107 orzeczenie lekarza. Co wa\u017cne, przy ka\u017cdym \u0107wiczeniu jest obecny ratownik medyczny, kt\u00f3ry sprawdza predyspozycje ka\u017cdego ze stra\u017cak\u00f3w przed wej\u015bciem do komory &#8211; jest pr\u00f3ba wydolno\u015bciowa na bie\u017cni i na drabinie bez ko\u0144ca. Dopiero wtedy stra\u017cak wchodzi do tej komory i ca\u0142o\u015b\u0107 \u0107wiczenia jest nadzorowana przez operatora. <\/p>\n<p>W przypadku druga Marcina Raczyka niemal natychmiast zorientowano si\u0119, \u017ce potrzebuje pomocy. Na szcz\u0119\u015bcie komora dymowa zawiera wyj\u015bcia ewakuacyjne, kt\u00f3re umo\u017cliwiaj\u0105 szybkie wydobycie poszkodowanego. Od razu rozpocz\u0119to udzielanie pierwszej pomocy, w tym reanimowanie. Inny ze stra\u017cak\u00f3w powiadomi\u0142 obecnych na miejscu ratownik\u00f3w medycznych z podstacji karetki pogotowia ratunkowego. Podj\u0119to decyzj\u0119 o przetransportowaniu druha do ostrowskiego szpitala, ale tym razem zaawansowane czynno\u015bci ratownicze nie przynios\u0142y spodziewanych rezultat\u00f3w. Dopiero sekcja zw\u0142ok wyja\u015bni przyczyny nag\u0142ego pogorszenia stanu zdrowia.<\/p>\n<p>Obecny na miejscu by\u0142 szwagier druga Raczyka, kt\u00f3ry r\u00f3wnie\u017c wymaga\u0142 pomocy, po tym gdy zobaczy\u0142 rozgrywaj\u0105cy si\u0119 dramat z udzia\u0142em znanej mu osoby. Komenda Wojew\u00f3dzka zapewni\u0142a wsparcie psychologiczne dla obecnych na miejscu stra\u017cak\u00f3w. <\/p>\n<p>W Wielkopolsce rocznie z takich \u0107wicze\u0144 korzysta 3500 stra\u017cak\u00f3w rocznie. W wojew\u00f3dztwie wielkopolskim s\u0142u\u017cy ponad 65 tysi\u0119cy stra\u017cak\u00f3w ochotnik\u00f3w i blisko trzy tysi\u0105ce stra\u017cak\u00f3w zawodowych.<\/p>\n<p><img loading=\"lazy\" decoding=\"async\" src=\"https:\/\/ostrowskatv.pl\/wp-content\/uploads\/2024\/04\/1000058830-01.jpeg\" alt=\"\" width=\"1919\" height=\"870\" class=\"alignnone size-full wp-image-29284\" srcset=\"https:\/\/ostrowskatv.pl\/wp-content\/uploads\/2024\/04\/1000058830-01.jpeg 1919w, https:\/\/ostrowskatv.pl\/wp-content\/uploads\/2024\/04\/1000058830-01-300x136.jpeg 300w, https:\/\/ostrowskatv.pl\/wp-content\/uploads\/2024\/04\/1000058830-01-1333x604.jpeg 1333w, https:\/\/ostrowskatv.pl\/wp-content\/uploads\/2024\/04\/1000058830-01-1536x696.jpeg 1536w\" sizes=\"auto, (max-width: 1919px) 100vw, 1919px\" \/><\/p>\n<p><img loading=\"lazy\" decoding=\"async\" src=\"https:\/\/ostrowskatv.pl\/wp-content\/uploads\/2024\/04\/1000058775-01-1.jpeg\" alt=\"\" width=\"1920\" height=\"1081\" class=\"alignnone size-full wp-image-29285\" srcset=\"https:\/\/ostrowskatv.pl\/wp-content\/uploads\/2024\/04\/1000058775-01-1.jpeg 1920w, https:\/\/ostrowskatv.pl\/wp-content\/uploads\/2024\/04\/1000058775-01-1-300x169.jpeg 300w, https:\/\/ostrowskatv.pl\/wp-content\/uploads\/2024\/04\/1000058775-01-1-1333x751.jpeg 1333w, https:\/\/ostrowskatv.pl\/wp-content\/uploads\/2024\/04\/1000058775-01-1-1536x865.jpeg 1536w\" sizes=\"auto, (max-width: 1920px) 100vw, 1920px\" \/><\/p>\n<p><img loading=\"lazy\" decoding=\"async\" src=\"https:\/\/ostrowskatv.pl\/wp-content\/uploads\/2024\/04\/1000058774-01-1.jpeg\" alt=\"\" width=\"1920\" height=\"1081\" class=\"alignnone size-full wp-image-29286\" srcset=\"https:\/\/ostrowskatv.pl\/wp-content\/uploads\/2024\/04\/1000058774-01-1.jpeg 1920w, https:\/\/ostrowskatv.pl\/wp-content\/uploads\/2024\/04\/1000058774-01-1-300x169.jpeg 300w, https:\/\/ostrowskatv.pl\/wp-content\/uploads\/2024\/04\/1000058774-01-1-1333x751.jpeg 1333w, https:\/\/ostrowskatv.pl\/wp-content\/uploads\/2024\/04\/1000058774-01-1-1536x865.jpeg 1536w\" sizes=\"auto, (max-width: 1920px) 100vw, 1920px\" \/><\/p>\n<p><img loading=\"lazy\" decoding=\"async\" src=\"https:\/\/ostrowskatv.pl\/wp-content\/uploads\/2024\/04\/1000058779-01-1.jpeg\" alt=\"\" width=\"1920\" height=\"1158\" class=\"alignnone size-full wp-image-29287\" srcset=\"https:\/\/ostrowskatv.pl\/wp-content\/uploads\/2024\/04\/1000058779-01-1.jpeg 1920w, https:\/\/ostrowskatv.pl\/wp-content\/uploads\/2024\/04\/1000058779-01-1-300x181.jpeg 300w, https:\/\/ostrowskatv.pl\/wp-content\/uploads\/2024\/04\/1000058779-01-1-1333x804.jpeg 1333w, https:\/\/ostrowskatv.pl\/wp-content\/uploads\/2024\/04\/1000058779-01-1-1536x926.jpeg 1536w\" sizes=\"auto, (max-width: 1920px) 100vw, 1920px\" \/><\/p>\n<p><img loading=\"lazy\" decoding=\"async\" src=\"https:\/\/ostrowskatv.pl\/wp-content\/uploads\/2024\/04\/1000058773-01-1.jpeg\" alt=\"\" width=\"1920\" height=\"1081\" class=\"alignnone size-full wp-image-29288\" srcset=\"https:\/\/ostrowskatv.pl\/wp-content\/uploads\/2024\/04\/1000058773-01-1.jpeg 1920w, https:\/\/ostrowskatv.pl\/wp-content\/uploads\/2024\/04\/1000058773-01-1-300x169.jpeg 300w, https:\/\/ostrowskatv.pl\/wp-content\/uploads\/2024\/04\/1000058773-01-1-1333x751.jpeg 1333w, https:\/\/ostrowskatv.pl\/wp-content\/uploads\/2024\/04\/1000058773-01-1-1536x865.jpeg 1536w\" sizes=\"auto, (max-width: 1920px) 100vw, 1920px\" \/><\/p>\n<p><img loading=\"lazy\" decoding=\"async\" src=\"https:\/\/ostrowskatv.pl\/wp-content\/uploads\/2024\/04\/1000058832-01.jpeg\" alt=\"\" width=\"1920\" height=\"1361\" class=\"alignnone size-full wp-image-29289\" srcset=\"https:\/\/ostrowskatv.pl\/wp-content\/uploads\/2024\/04\/1000058832-01.jpeg 1920w, https:\/\/ostrowskatv.pl\/wp-content\/uploads\/2024\/04\/1000058832-01-300x213.jpeg 300w, https:\/\/ostrowskatv.pl\/wp-content\/uploads\/2024\/04\/1000058832-01-1333x945.jpeg 1333w, https:\/\/ostrowskatv.pl\/wp-content\/uploads\/2024\/04\/1000058832-01-1536x1089.jpeg 1536w, https:\/\/ostrowskatv.pl\/wp-content\/uploads\/2024\/04\/1000058832-01-120x85.jpeg 120w\" sizes=\"auto, (max-width: 1920px) 100vw, 1920px\" \/><\/p>\n<p><iframe loading=\"lazy\" title=\"Komora dymowa KP PSP Ostr\u00f3w Wlkp.\" width=\"747\" height=\"420\" src=\"https:\/\/www.youtube.com\/embed\/CSBFRakzFLA?feature=oembed\" frameborder=\"0\" allow=\"accelerometer; autoplay; clipboard-write; encrypted-media; gyroscope; picture-in-picture; web-share\" referrerpolicy=\"strict-origin-when-cross-origin\" allowfullscreen><\/iframe><\/p>\n","protected":false},"excerpt":{"rendered":"Punktualnie o godzinie 18 w ca\u0142ej Polsce zawy\u0142y syreny, oddaj\u0105c ho\u0142d i pami\u0119\u0107 stra\u017cak\u00f3w z OSP \u017berniki, kt\u00f3ry zas\u0142ab\u0142 w komorze dymowej, a \n<a class=\"moretag\" href=\"https:\/\/ostrowskatv.pl\/?p=29247\"> [...]<\/a>","protected":false},"author":1,"featured_media":29284,"comment_status":"open","ping_status":"closed","sticky":false,"template":"","format":"standard","meta":{"footnotes":""},"categories":[1],"tags":[2],"class_list":["post-29247","post","type-post","status-publish","format-standard","has-post-thumbnail","hentry","category-news","tag-ostrow-wielkopolski"],"_links":{"self":[{"href":"https:\/\/ostrowskatv.pl\/index.php?rest_route=\/wp\/v2\/posts\/29247","targetHints":{"allow":["GET"]}}],"collection":[{"href":"https:\/\/ostrowskatv.pl\/index.php?rest_route=\/wp\/v2\/posts"}],"about":[{"href":"https:\/\/ostrowskatv.pl\/index.php?rest_route=\/wp\/v2\/types\/post"}],"author":[{"embeddable":true,"href":"https:\/\/ostrowskatv.pl\/index.php?rest_route=\/wp\/v2\/users\/1"}],"replies":[{"embeddable":true,"href":"https:\/\/ostrowskatv.pl\/index.php?rest_route=%2Fwp%2Fv2%2Fcomments&post=29247"}],"version-history":[{"count":0,"href":"https:\/\/ostrowskatv.pl\/index.php?rest_route=\/wp\/v2\/posts\/29247\/revisions"}],"wp:featuredmedia":[{"embeddable":true,"href":"https:\/\/ostrowskatv.pl\/index.php?rest_route=\/wp\/v2\/media\/29284"}],"wp:attachment":[{"href":"https:\/\/ostrowskatv.pl\/index.php?rest_route=%2Fwp%2Fv2%2Fmedia&parent=29247"}],"wp:term":[{"taxonomy":"category","embeddable":true,"href":"https:\/\/ostrowskatv.pl\/index.php?rest_route=%2Fwp%2Fv2%2Fcategories&post=29247"},{"taxonomy":"post_tag","embeddable":true,"href":"https:\/\/ostrowskatv.pl\/index.php?rest_route=%2Fwp%2Fv2%2Ftags&post=29247"}],"curies":[{"name":"wp","href":"https:\/\/api.w.org\/{rel}","templated":true}]}}