{"id":29241,"date":"2024-04-27T10:08:25","date_gmt":"2024-04-27T09:08:25","guid":{"rendered":"https:\/\/ostrowskatv.pl\/?p=29241"},"modified":"2024-04-27T10:08:25","modified_gmt":"2024-04-27T09:08:25","slug":"nie-zyje-strazak-zmarl-podczas-cwiczen","status":"publish","type":"post","link":"https:\/\/ostrowskatv.pl\/?p=29241","title":{"rendered":"Nie \u017cyje stra\u017cak. Zmar\u0142 podczas \u0107wicze\u0144"},"content":{"rendered":"<p><strong>Oko\u0142o godziny 8.40 rozegra\u0142 si\u0119 dramat w Pa\u0144stwowej Stra\u017cy Po\u017carnej w Ostrowie Wielkopolskim. Podczas \u0107wicze\u0144 w komorze dymowej zas\u0142ab\u0142 stra\u017cak.<\/strong><\/p>\n<p>Zosta\u0142 wyci\u0105gni\u0119ty i rozpocz\u0119to reanimacj\u0119. Poszkodowanego przekazano za\u0142odze ratownictwa medycznego. Pomimo przewiezienia do szpitala, walka o \u017cycie 39-letniego druha z OSP w Blizanowie (powiat kaliski) nie powiod\u0142a si\u0119.<\/p>\n<p>Specjalne zespo\u0142y m. in.<br \/>\nz komendy wojew\u00f3dzkiej badaj\u0105 okoliczno\u015bci zdarzenia.<\/p>\n<p><img loading=\"lazy\" decoding=\"async\" src=\"https:\/\/ostrowskatv.pl\/wp-content\/uploads\/2024\/04\/1000058779-01.jpeg\" alt=\"\" width=\"1920\" height=\"1158\" class=\"alignnone size-full wp-image-29242\" srcset=\"https:\/\/ostrowskatv.pl\/wp-content\/uploads\/2024\/04\/1000058779-01.jpeg 1920w, https:\/\/ostrowskatv.pl\/wp-content\/uploads\/2024\/04\/1000058779-01-300x181.jpeg 300w, https:\/\/ostrowskatv.pl\/wp-content\/uploads\/2024\/04\/1000058779-01-1333x804.jpeg 1333w, https:\/\/ostrowskatv.pl\/wp-content\/uploads\/2024\/04\/1000058779-01-1536x926.jpeg 1536w\" sizes=\"auto, (max-width: 1920px) 100vw, 1920px\" \/><\/p>\n<p><img loading=\"lazy\" decoding=\"async\" src=\"https:\/\/ostrowskatv.pl\/wp-content\/uploads\/2024\/04\/1000058773-01.jpeg\" alt=\"\" width=\"1920\" height=\"1081\" class=\"alignnone size-full wp-image-29243\" srcset=\"https:\/\/ostrowskatv.pl\/wp-content\/uploads\/2024\/04\/1000058773-01.jpeg 1920w, https:\/\/ostrowskatv.pl\/wp-content\/uploads\/2024\/04\/1000058773-01-300x169.jpeg 300w, https:\/\/ostrowskatv.pl\/wp-content\/uploads\/2024\/04\/1000058773-01-1333x751.jpeg 1333w, https:\/\/ostrowskatv.pl\/wp-content\/uploads\/2024\/04\/1000058773-01-1536x865.jpeg 1536w\" sizes=\"auto, (max-width: 1920px) 100vw, 1920px\" \/><\/p>\n<p><img loading=\"lazy\" decoding=\"async\" src=\"https:\/\/ostrowskatv.pl\/wp-content\/uploads\/2024\/04\/1000058774-01.jpeg\" alt=\"\" width=\"1920\" height=\"1081\" class=\"alignnone size-full wp-image-29244\" srcset=\"https:\/\/ostrowskatv.pl\/wp-content\/uploads\/2024\/04\/1000058774-01.jpeg 1920w, https:\/\/ostrowskatv.pl\/wp-content\/uploads\/2024\/04\/1000058774-01-300x169.jpeg 300w, https:\/\/ostrowskatv.pl\/wp-content\/uploads\/2024\/04\/1000058774-01-1333x751.jpeg 1333w, https:\/\/ostrowskatv.pl\/wp-content\/uploads\/2024\/04\/1000058774-01-1536x865.jpeg 1536w\" sizes=\"auto, (max-width: 1920px) 100vw, 1920px\" \/><\/p>\n<p><img loading=\"lazy\" decoding=\"async\" src=\"https:\/\/ostrowskatv.pl\/wp-content\/uploads\/2024\/04\/1000058775-01.jpeg\" alt=\"\" width=\"1920\" height=\"1081\" class=\"alignnone size-full wp-image-29245\" srcset=\"https:\/\/ostrowskatv.pl\/wp-content\/uploads\/2024\/04\/1000058775-01.jpeg 1920w, https:\/\/ostrowskatv.pl\/wp-content\/uploads\/2024\/04\/1000058775-01-300x169.jpeg 300w, https:\/\/ostrowskatv.pl\/wp-content\/uploads\/2024\/04\/1000058775-01-1333x751.jpeg 1333w, https:\/\/ostrowskatv.pl\/wp-content\/uploads\/2024\/04\/1000058775-01-1536x865.jpeg 1536w\" sizes=\"auto, (max-width: 1920px) 100vw, 1920px\" \/><\/p>\n<p>Tak prezentowano komor\u0119 kilka lat temu<\/p>\n<p><iframe loading=\"lazy\" title=\"200315 Komora Dymowa - KP PSP Ostr\u00f3w Wielkopolski\" width=\"747\" height=\"420\" src=\"https:\/\/www.youtube.com\/embed\/AgxILFdr0I0?feature=oembed\" frameborder=\"0\" allow=\"accelerometer; autoplay; clipboard-write; encrypted-media; gyroscope; picture-in-picture; web-share\" referrerpolicy=\"strict-origin-when-cross-origin\" allowfullscreen><\/iframe><\/p>\n","protected":false},"excerpt":{"rendered":"Oko\u0142o godziny 8.40 rozegra\u0142 si\u0119 dramat w Pa\u0144stwowej Stra\u017cy Po\u017carnej w Ostrowie Wielkopolskim. Podczas \u0107wicze\u0144 w komorze dymowej zas\u0142ab\u0142 stra\u017cak. Zosta\u0142 wyci\u0105gni\u0119ty i \n<a class=\"moretag\" href=\"https:\/\/ostrowskatv.pl\/?p=29241\"> [...]<\/a>","protected":false},"author":1,"featured_media":29243,"comment_status":"open","ping_status":"closed","sticky":false,"template":"","format":"standard","meta":{"footnotes":""},"categories":[1],"tags":[],"class_list":["post-29241","post","type-post","status-publish","format-standard","has-post-thumbnail","hentry","category-news"],"_links":{"self":[{"href":"https:\/\/ostrowskatv.pl\/index.php?rest_route=\/wp\/v2\/posts\/29241","targetHints":{"allow":["GET"]}}],"collection":[{"href":"https:\/\/ostrowskatv.pl\/index.php?rest_route=\/wp\/v2\/posts"}],"about":[{"href":"https:\/\/ostrowskatv.pl\/index.php?rest_route=\/wp\/v2\/types\/post"}],"author":[{"embeddable":true,"href":"https:\/\/ostrowskatv.pl\/index.php?rest_route=\/wp\/v2\/users\/1"}],"replies":[{"embeddable":true,"href":"https:\/\/ostrowskatv.pl\/index.php?rest_route=%2Fwp%2Fv2%2Fcomments&post=29241"}],"version-history":[{"count":0,"href":"https:\/\/ostrowskatv.pl\/index.php?rest_route=\/wp\/v2\/posts\/29241\/revisions"}],"wp:featuredmedia":[{"embeddable":true,"href":"https:\/\/ostrowskatv.pl\/index.php?rest_route=\/wp\/v2\/media\/29243"}],"wp:attachment":[{"href":"https:\/\/ostrowskatv.pl\/index.php?rest_route=%2Fwp%2Fv2%2Fmedia&parent=29241"}],"wp:term":[{"taxonomy":"category","embeddable":true,"href":"https:\/\/ostrowskatv.pl\/index.php?rest_route=%2Fwp%2Fv2%2Fcategories&post=29241"},{"taxonomy":"post_tag","embeddable":true,"href":"https:\/\/ostrowskatv.pl\/index.php?rest_route=%2Fwp%2Fv2%2Ftags&post=29241"}],"curies":[{"name":"wp","href":"https:\/\/api.w.org\/{rel}","templated":true}]}}