{"id":29210,"date":"2024-04-21T12:33:06","date_gmt":"2024-04-21T11:33:06","guid":{"rendered":"https:\/\/ostrowskatv.pl\/?p=29210"},"modified":"2024-04-21T12:33:06","modified_gmt":"2024-04-21T11:33:06","slug":"wjechal-w-plot-i-poszedl-do-sklepu-ukr-byl-pijany","status":"publish","type":"post","link":"https:\/\/ostrowskatv.pl\/?p=29210","title":{"rendered":"Wjecha\u0142 w p\u0142ot i poszed\u0142 do sklepu. Ukr. by\u0142 pijany"},"content":{"rendered":"<p><strong>Przed godzin\u0105 10 zauwa\u017cono samoch\u00f3d, kt\u00f3ry zaparkowa\u0142 &#8222;w p\u0142ocie&#8221;. Do zdarzenia dosz\u0142o w Odolanowie przy ulicy Strzeleckiej. <\/strong><\/p>\n<p>Na miejsce wezwano patrol policji, kt\u00f3ry w chwili dotarcia ujawni\u0142 osoby podr\u00f3\u017cuj\u0105ce mazd\u0105. Kierowca z Ukr. wydmucha\u0142 prawie promil alkoholu. Teraz mo\u017ce odpowiedzie\u0107 za spowodowanie kolizji i kierowanie pod wp\u0142ywem. <\/p>\n<p><img loading=\"lazy\" decoding=\"async\" src=\"https:\/\/ostrowskatv.pl\/wp-content\/uploads\/2024\/04\/1000057916-01.jpeg\" alt=\"\" width=\"1599\" height=\"899\" class=\"alignnone size-full wp-image-29211\" srcset=\"https:\/\/ostrowskatv.pl\/wp-content\/uploads\/2024\/04\/1000057916-01.jpeg 1599w, https:\/\/ostrowskatv.pl\/wp-content\/uploads\/2024\/04\/1000057916-01-300x169.jpeg 300w, https:\/\/ostrowskatv.pl\/wp-content\/uploads\/2024\/04\/1000057916-01-1333x749.jpeg 1333w, https:\/\/ostrowskatv.pl\/wp-content\/uploads\/2024\/04\/1000057916-01-1536x864.jpeg 1536w\" sizes=\"auto, (max-width: 1599px) 100vw, 1599px\" \/><\/p>\n<p><img loading=\"lazy\" decoding=\"async\" src=\"https:\/\/ostrowskatv.pl\/wp-content\/uploads\/2024\/04\/1000057904-01.jpeg\" alt=\"\" width=\"1599\" height=\"899\" class=\"alignnone size-full wp-image-29212\" srcset=\"https:\/\/ostrowskatv.pl\/wp-content\/uploads\/2024\/04\/1000057904-01.jpeg 1599w, https:\/\/ostrowskatv.pl\/wp-content\/uploads\/2024\/04\/1000057904-01-300x169.jpeg 300w, https:\/\/ostrowskatv.pl\/wp-content\/uploads\/2024\/04\/1000057904-01-1333x749.jpeg 1333w, https:\/\/ostrowskatv.pl\/wp-content\/uploads\/2024\/04\/1000057904-01-1536x864.jpeg 1536w\" sizes=\"auto, (max-width: 1599px) 100vw, 1599px\" \/><\/p>\n<p><img loading=\"lazy\" decoding=\"async\" src=\"https:\/\/ostrowskatv.pl\/wp-content\/uploads\/2024\/04\/1000057913-01.jpeg\" alt=\"\" width=\"1231\" height=\"681\" class=\"alignnone size-full wp-image-29213\" srcset=\"https:\/\/ostrowskatv.pl\/wp-content\/uploads\/2024\/04\/1000057913-01.jpeg 1231w, https:\/\/ostrowskatv.pl\/wp-content\/uploads\/2024\/04\/1000057913-01-300x166.jpeg 300w\" sizes=\"auto, (max-width: 1231px) 100vw, 1231px\" \/><\/p>\n<p><img loading=\"lazy\" decoding=\"async\" src=\"https:\/\/ostrowskatv.pl\/wp-content\/uploads\/2024\/04\/1000057910-01.jpeg\" alt=\"\" width=\"1139\" height=\"764\" class=\"alignnone size-full wp-image-29214\" srcset=\"https:\/\/ostrowskatv.pl\/wp-content\/uploads\/2024\/04\/1000057910-01.jpeg 1139w, https:\/\/ostrowskatv.pl\/wp-content\/uploads\/2024\/04\/1000057910-01-300x201.jpeg 300w\" sizes=\"auto, (max-width: 1139px) 100vw, 1139px\" \/><\/p>\n<p><img loading=\"lazy\" decoding=\"async\" src=\"https:\/\/ostrowskatv.pl\/wp-content\/uploads\/2024\/04\/1000057907-01.jpeg\" alt=\"\" width=\"1599\" height=\"899\" class=\"alignnone size-full wp-image-29215\" srcset=\"https:\/\/ostrowskatv.pl\/wp-content\/uploads\/2024\/04\/1000057907-01.jpeg 1599w, https:\/\/ostrowskatv.pl\/wp-content\/uploads\/2024\/04\/1000057907-01-300x169.jpeg 300w, https:\/\/ostrowskatv.pl\/wp-content\/uploads\/2024\/04\/1000057907-01-1333x749.jpeg 1333w, https:\/\/ostrowskatv.pl\/wp-content\/uploads\/2024\/04\/1000057907-01-1536x864.jpeg 1536w\" sizes=\"auto, (max-width: 1599px) 100vw, 1599px\" \/><\/p>\n","protected":false},"excerpt":{"rendered":"Przed godzin\u0105 10 zauwa\u017cono samoch\u00f3d, kt\u00f3ry zaparkowa\u0142 &#8222;w p\u0142ocie&#8221;. Do zdarzenia dosz\u0142o w Odolanowie przy ulicy Strzeleckiej. Na miejsce wezwano patrol policji, kt\u00f3ry \n<a class=\"moretag\" href=\"https:\/\/ostrowskatv.pl\/?p=29210\"> [...]<\/a>","protected":false},"author":1,"featured_media":29214,"comment_status":"open","ping_status":"closed","sticky":false,"template":"","format":"standard","meta":{"footnotes":""},"categories":[1],"tags":[38],"class_list":["post-29210","post","type-post","status-publish","format-standard","has-post-thumbnail","hentry","category-news","tag-odolanow"],"_links":{"self":[{"href":"https:\/\/ostrowskatv.pl\/index.php?rest_route=\/wp\/v2\/posts\/29210","targetHints":{"allow":["GET"]}}],"collection":[{"href":"https:\/\/ostrowskatv.pl\/index.php?rest_route=\/wp\/v2\/posts"}],"about":[{"href":"https:\/\/ostrowskatv.pl\/index.php?rest_route=\/wp\/v2\/types\/post"}],"author":[{"embeddable":true,"href":"https:\/\/ostrowskatv.pl\/index.php?rest_route=\/wp\/v2\/users\/1"}],"replies":[{"embeddable":true,"href":"https:\/\/ostrowskatv.pl\/index.php?rest_route=%2Fwp%2Fv2%2Fcomments&post=29210"}],"version-history":[{"count":0,"href":"https:\/\/ostrowskatv.pl\/index.php?rest_route=\/wp\/v2\/posts\/29210\/revisions"}],"wp:featuredmedia":[{"embeddable":true,"href":"https:\/\/ostrowskatv.pl\/index.php?rest_route=\/wp\/v2\/media\/29214"}],"wp:attachment":[{"href":"https:\/\/ostrowskatv.pl\/index.php?rest_route=%2Fwp%2Fv2%2Fmedia&parent=29210"}],"wp:term":[{"taxonomy":"category","embeddable":true,"href":"https:\/\/ostrowskatv.pl\/index.php?rest_route=%2Fwp%2Fv2%2Fcategories&post=29210"},{"taxonomy":"post_tag","embeddable":true,"href":"https:\/\/ostrowskatv.pl\/index.php?rest_route=%2Fwp%2Fv2%2Ftags&post=29210"}],"curies":[{"name":"wp","href":"https:\/\/api.w.org\/{rel}","templated":true}]}}