{"id":29193,"date":"2024-04-19T22:04:55","date_gmt":"2024-04-19T21:04:55","guid":{"rendered":"https:\/\/ostrowskatv.pl\/?p=29193"},"modified":"2024-04-19T22:04:55","modified_gmt":"2024-04-19T21:04:55","slug":"klimek-o-wielkim-wyborczym-klamstwie","status":"publish","type":"post","link":"https:\/\/ostrowskatv.pl\/?p=29193","title":{"rendered":"Klimek o &#8222;wielkim wyborczym k\u0142amstwie&#8221;"},"content":{"rendered":"<p><strong>Prezydent Beata Klimek opowiedzia\u0142a o &#8222;wielkim wyborczym k\u0142amstwie&#8221;. Mog\u0105 si\u0119 pa\u0144stwo zapozna\u0107 z transkrypcj\u0105 jej wypowiedzi oraz zapisem wideo.<\/strong><\/p>\n<p><iframe loading=\"lazy\" title=\"Klimek o wyborczym k\u0142amstwie\" width=\"747\" height=\"420\" src=\"https:\/\/www.youtube.com\/embed\/knzozgAqD4o?feature=oembed\" frameborder=\"0\" allow=\"accelerometer; autoplay; clipboard-write; encrypted-media; gyroscope; picture-in-picture; web-share\" referrerpolicy=\"strict-origin-when-cross-origin\" allowfullscreen><\/iframe><\/p>\n<p>&#8222;Ostr\u00f3w rozkwit\u0142, pozyska\u0142 rekordowe pieni\u0105dze zewn\u0119trzne na inwestycje, a opowiadanie o tym, \u017ce nasze publiczne finanse s\u0105 w katastrofalnym stanie s\u0105 po prostu przy ogromnym k\u0142amstwem, kt\u00f3re zosta\u0142o wykreowane na potrzeby tej kampanii. Ostr\u00f3w ma bezpieczne finanse. Pan Jakub Paduch podwa\u017ca w tej sytuacji ocen\u0119 Regionalnej Izby Obrachunkowej, audytor\u00f3w zewn\u0119trznych, niezale\u017cnych, kt\u00f3rzy badaj\u0105 nasze finanse. Zad\u0142u\u017cenie Ostrowa wzros\u0142o zaledwie o 4% by\u0142o 34, jest tam 37 z haczykiem i nasze finanse s\u0105 bezpieczne, ale wykreowano i zbudowano na tym ca\u0142\u0105 ogromn\u0105 kampani\u0119 wyborcz\u0105, \u017ce Ostr\u00f3w jest w kryzysie i na skraju upadku i trudno jest walczy\u0107 z takimi pom\u00f3wieniami i insynuacjami. Ja przedstawiam fakty, liczby, ale ta agresywna kampania z tym zwi\u0105zana przebi\u0142a si\u0119 do \u015bwiadomo\u015bci ostrowian. Ja dzisiaj chcia\u0142am ich poprosi\u0107, \u017ceby nie dawali wiary temu wielkiemu k\u0142amstwu, kt\u00f3re zosta\u0142o na potrzeby tej kampanii wykreowane. <\/p>\n<p>Powiem tak\u0105 ciekawostk\u0119, pan Jakub Paduch jest pracownikiem samorz\u0105dowego funduszu, kt\u00f3ry dzia\u0142a przy marsza\u0142ku wojew\u00f3dztwa Wielkopolskiego, platformerska sp\u00f3\u0142ka. Tam pracuje i je\u017adzi po samorz\u0105dach wielkopolskich, promuj\u0105c, namawiaj\u0105c te samorz\u0105dy do tego, \u017ceby brali preferencyjne po\u017cyczki, wi\u0119c z jednej strony zawodowo namawia te samorz\u0105dy do tego, \u017ceby z tych tanich preferencyjnych po\u017cyczek korzystali. Ale kiedy Ostr\u00f3w Wielkopolski z tego taniego pieni\u0105dza, kt\u00f3ry pozyskuje z Unii Europejskiej, z banku unii europejskiej i z Banku Gospodarstwa Krajowego, a wi\u0119c pa\u0144stwowego banku, kt\u00f3ry dedykowany jest samorz\u0105dom, to krytykuje. My\u015bl\u0119, \u017ce to jest taki wielki kolec w bucie, kt\u00f3ry uciska pana Paducha i i ludzi z Platformy Obywatelskiej, bo <strong>kiedy oni rz\u0105dzili w Ostrowie, to inwestycji by\u0142o jak na lekarstwo<\/strong>. postawiono si\u0142ownie zewn\u0119trzne, 1 wiadukt przy ulicy Brzozowej i niewiele wi\u0119cej. <\/p>\n<p>Dzisiaj Ostr\u00f3w rozkwit\u0142 i jako\u015b trzeba tamten marazm i to nicnierobienie i to zajmowanie si\u0119 polityk\u0105 i parti\u0105, a nie miastem wyt\u0142umaczy\u0107, wi\u0119c wmawia si\u0119 ostrowianom, \u017ce my \u017cyjemy na kredyt i \u017ce nasze wnuki b\u0119d\u0105 te kredyty sp\u0142aca\u0107. Nieprawda. <\/p>\n<p><strong>Ewa Dziubka <\/strong>, kt\u00f3r\u0105 Platforma Obywatelska promuje na r\u00f3\u017cne stanowiska, Samorz\u0105dowczyni, kt\u00f3ra wcze\u015bniej rz\u0105dzi\u0142a w Odolanowie, <strong>zostawi\u0142a Odolan\u00f3w z 62% d\u0142ugiem. 62% d\u0142ug i to Platformie Obywatelskiej nie przeszkadza, bo to zrobi\u0142a ich kole\u017canka. <\/strong><\/p>\n<p>Ale niespe\u0142na 38% zad\u0142u\u017cenia w Ostrowie Wielkopolskim uros\u0142o do rangi finansowej katastrofy. Po prostu bardzo bym chcia\u0142a prosi\u0107 ostrowian, \u017ceby nie dali si\u0119 nabra\u0107 na to wielkie, wyborcze k\u0142amstwo, uszyte tylko i wy\u0142\u0105cznie po to, \u017ceby ten m\u0142ody cz\u0142owiek, kt\u00f3ry sam namawia do brania kredyt\u00f3w. <\/p>\n<p>Powiem jeszcze jedn\u0105 rzecz. Je\u015bli jest takim przeciwnikiem kredyt\u00f3w&#8230; <strong>Ma 30 lat, to dlaczego nie poczeka\u0142, a\u017c b\u0119dzie mia\u0142 lat 65 albo 70, od\u0142o\u017cy sobie wtedy pieni\u0105dze na mieszkanie i w\u00f3wczas to mieszkanie kupi?<\/strong> Dlaczego wzi\u0105\u0142 kredyt na mieszkanie, co jest widoczne w jego o\u015bwiadczeniu maj\u0105tkowym? Dlaczego nie czeka\u0142 przez kolejnych 30 lat, \u017ceby od\u0142o\u017cy\u0107 sobie pieni\u0105dze na kupno nowego samochodu? Tylko wzi\u0105\u0142 na to kredyt, co jest widoczne w jego o\u015bwiadczeniu maj\u0105tkowym. Bo tak zrobi ka\u017cdy. Bo tak zrobi ka\u017cdy dzisiaj. Naprawd\u0119 rzadko, kto ma na koncie uzbierane tak ogromne pieni\u0105dze, \u017ceby m\u00f3g\u0142 sobie kupi\u0107 mieszkanie, samoch\u00f3d czy inne rzeczy, kt\u00f3re s\u0105 potrzebne do \u017cycia, a poza tym, jak ju\u017c b\u0119dzie zbiera\u0142 na to mieszkanie i powie nie, nie nie nie nie bior\u0119 kredytu, b\u0119d\u0119 czeka\u0107 do staro\u015bci i na stare lata kupi\u0119 sobie to mieszkanie. To wtedy ma te pieni\u0105dze, kt\u00f3re uzbiera\u0142 nie starcz\u0105, bo to mieszkanie b\u0119dzie kosztowa\u0142o 3 razy tyle. <\/p>\n<p>Tak m\u00f3wi\u0105 w przypadku naszej Areny&#8230; Wybudowa\u0142am za 33 miliony z\u0142otych. Ile ona by kosztowa\u0142a dzisiaj? Grubo ponad 70 milion\u00f3w. To ja chcia\u0142am zada\u0107 pytanie. Czy my\u015bmy na tym zyskali czy my\u015bmy na tym stracili? Wybudowano nowe 2 przedszkola, o kt\u00f3re &#8222;zabijaj\u0105 si\u0119&#8221; wr\u0119cz rodzice, \u017ceby tam ulokowa\u0107 swoje dzieci. Kosztowa\u0142y nas tak\u017ce powa\u017cne miliony z\u0142otych, ale dzisiaj kosztowa\u0142yby nas 2 razy tyle. My\u015bmy, na tym stracili, czy zyskali jako miasto? <\/p>\n<p>I tak jest z ka\u017cd\u0105 inwestycj\u0105, kt\u00f3r\u0105 przeprowadzili\u015bmy, docisn\u0119li\u015bmy, ten &#8222;peda\u0142 inwestycyjny&#8221; i zrobili\u015bmy. Bardzo dobrze, \u017ce wzi\u0119li\u015bmy po\u017cyczk\u0119 z europejskiego banku inwestycyjnego, dlatego \u017ce inwestycje og\u0142oszone przez Ostr\u00f3w Wielkopolski pomog\u0142y lokalnym firmom przetrwa\u0107 kryzys. Przesz\u0142y te firmy such\u0105 nog\u0105 przez te trudne czasy i dzisiaj bezrobocie w Ostrowie jest na poziomie 3%, bo te wszystkie inwestycje za 860 milion\u00f3w z\u0142otych realizowa\u0142y firmy tu, st\u0105d, z Ostrowa, z regionu, z powiatu ostrowskiego, z po\u0142udnia Wielkopolski. Te pieni\u0105dze tu zosta\u0142y i tu pracowa\u0142y i to oznacza, \u017ce firmy mog\u0142y utrzyma\u0107 miejsca pracy i \u017ce my\u015bmy utrzymali dzi\u0119ki temu poziom bezrobocia na tak niskim poziomie i to oznacza stabilizacj\u0119 gospodarcz\u0105 dla naszego miasta i dla naszego regionu i na to trzeba spojrze\u0107 w ten spos\u00f3b. Jak kto\u015b na to patrzy inaczej, naprawd\u0119 albo to robi celowo albo nie ma kompletnie \u017cadnej wiedzy na ten temat. Albo ten m\u0142ody wiek i nie przecz\u0119, ogromna sprawno\u015b\u0107 polityczna, ale z drugiej strony, brak tego do\u015bwiadczenia samorz\u0105dowego, wyklucza go z takiego obiektywnego, profesjonalnego my\u015blenia o tym, jak miasto powinno si\u0119 rozwija\u0107. <\/p>\n<p>I ja te\u017c nie godz\u0119 si\u0119 na tak\u0105 sytuacj\u0119, w kt\u00f3rej pan Jakub Paduch jest m\u0142odym libera\u0142em i uwa\u017ca, \u017ce wszystko si\u0119 powinno zaczyna\u0107 i ko\u0144czy\u0107 na pieni\u0105dzu. Na tym, \u017ceby bud\u017cety si\u0119 domyka\u0142y. To ja chc\u0119 powiedzie\u0107, \u017ce na ca\u0142ym \u015bwiecie samorz\u0105dy dop\u0142acaj\u0105 do funkcjonowania \u017c\u0142obka. My do jednego dziecka 900 z\u0142otych, do funkcjonowania przedszkola, do funkcjonowania szko\u0142y. Utrzymujemy ulice. Wydajemy pieni\u0105dze na oczyszczanie miasta. 3 i p\u00f3\u0142 miliona z\u0142otych rocznie dop\u0142acamy do biblioteki. Dop\u0142acamy do muzeum, dop\u0142acamy do obiekt\u00f3w sportowych. dop\u0142acamy do innych obiekt\u00f3w kulturalnych, bo taka jest nasza rola i takie jest nasze zadanie. Dop\u0142acamy do klub\u00f3w seniora. Dop\u0142acamy do miejsc, kt\u00f3re tworzymy dla m\u0142odych ludzi, bo musimy je utrzyma\u0107 i takie jest nasze zadanie. My nie mo\u017cemy miasta traktowa\u0107 jak komercyjnej firmy. Dodajemy ogromne pieni\u0105dze na programy spo\u0142eczne, na programy profilaktyczne, zdrowotne. Wspieramy r\u00f3\u017cne \u015brodowiska. Wydajemy ogromne pieni\u0105dze na kultur\u0119 i na sport, bo uwa\u017cam, \u017ce takie jest nasze zadanie. Ostr\u00f3w, to nie jest prywatna firma i Ostr\u00f3w, to nie jest w\u0142asno\u015b\u0107 takiej czy innej partii. Moj\u0105 parti\u0105 jest moje miasto i moi mieszka\u0144cy i ja uwa\u017cam, \u017ce w naszym mie\u015bcie dobrze czu\u0107 musz\u0105 si\u0119 wszyscy i uszanowani musz\u0105 by\u0107 wszyscy i ci, kt\u00f3rzy stoj\u0105 po stronie PiS-u, i g\u0142osuj\u0105 na PiS i ci, kt\u00f3rzy s\u0105 po stronie lewicy i g\u0142osuj\u0105 na lewic\u0119, a mo\u017ce na trzeci\u0105 drog\u0119, a mo\u017ce na platform\u0119 obywatelsk\u0105. My tu wszyscy powinni\u015bmy si\u0119 pomie\u015bci\u0107 i wszyscy powinni\u015bmy \u017cy\u0107. W zgodzie i we wzajemnym szacunku. Ja to gwarantuj\u0119. <\/p>\n<p>Pojad\u0119 do ka\u017cdego mieszka\u0144ca. Niezale\u017cnie od jego \u015bwiatopogl\u0105du, odnosz\u0119 si\u0119 z ogromnym szacunkiem i nie uwa\u017cam, \u017ce tylko jedna partia ma prawo na wy\u0142\u0105czno\u015b\u0107 i na uszycie sobie takiego garnituru, \u017ce my r\u00f3wna si\u0119 demokracja, my r\u00f3wna si\u0119 samorz\u0105dno\u015b\u0107, my r\u00f3wna si\u0119 praworz\u0105dno\u015b\u0107, bo tylko my jeste\u015bmy zdolni do tego, \u017ceby rz\u0105dzi\u0107 \u017cycie, a \u017cycie si\u0119 nie zaczyna na platformie obywatelskiej, ani si\u0119 nie ko\u0144czy. Jestem prezydentem obywatelskim i ja z tego jestem niezwykle dumna.&#8221;<\/p>\n","protected":false},"excerpt":{"rendered":"Prezydent Beata Klimek opowiedzia\u0142a o &#8222;wielkim wyborczym k\u0142amstwie&#8221;. Mog\u0105 si\u0119 pa\u0144stwo zapozna\u0107 z transkrypcj\u0105 jej wypowiedzi oraz zapisem wideo. &#8222;Ostr\u00f3w rozkwit\u0142, pozyska\u0142 rekordowe \n<a class=\"moretag\" href=\"https:\/\/ostrowskatv.pl\/?p=29193\"> [...]<\/a>","protected":false},"author":1,"featured_media":29197,"comment_status":"open","ping_status":"closed","sticky":false,"template":"","format":"standard","meta":{"footnotes":""},"categories":[1],"tags":[],"class_list":["post-29193","post","type-post","status-publish","format-standard","has-post-thumbnail","hentry","category-news"],"_links":{"self":[{"href":"https:\/\/ostrowskatv.pl\/index.php?rest_route=\/wp\/v2\/posts\/29193","targetHints":{"allow":["GET"]}}],"collection":[{"href":"https:\/\/ostrowskatv.pl\/index.php?rest_route=\/wp\/v2\/posts"}],"about":[{"href":"https:\/\/ostrowskatv.pl\/index.php?rest_route=\/wp\/v2\/types\/post"}],"author":[{"embeddable":true,"href":"https:\/\/ostrowskatv.pl\/index.php?rest_route=\/wp\/v2\/users\/1"}],"replies":[{"embeddable":true,"href":"https:\/\/ostrowskatv.pl\/index.php?rest_route=%2Fwp%2Fv2%2Fcomments&post=29193"}],"version-history":[{"count":0,"href":"https:\/\/ostrowskatv.pl\/index.php?rest_route=\/wp\/v2\/posts\/29193\/revisions"}],"wp:featuredmedia":[{"embeddable":true,"href":"https:\/\/ostrowskatv.pl\/index.php?rest_route=\/wp\/v2\/media\/29197"}],"wp:attachment":[{"href":"https:\/\/ostrowskatv.pl\/index.php?rest_route=%2Fwp%2Fv2%2Fmedia&parent=29193"}],"wp:term":[{"taxonomy":"category","embeddable":true,"href":"https:\/\/ostrowskatv.pl\/index.php?rest_route=%2Fwp%2Fv2%2Fcategories&post=29193"},{"taxonomy":"post_tag","embeddable":true,"href":"https:\/\/ostrowskatv.pl\/index.php?rest_route=%2Fwp%2Fv2%2Ftags&post=29193"}],"curies":[{"name":"wp","href":"https:\/\/api.w.org\/{rel}","templated":true}]}}