{"id":29184,"date":"2024-04-19T16:11:26","date_gmt":"2024-04-19T15:11:26","guid":{"rendered":"https:\/\/ostrowskatv.pl\/?p=29184"},"modified":"2024-04-19T16:20:11","modified_gmt":"2024-04-19T15:20:11","slug":"paduch-pytal-klimek-o-kamery-monitoringu-kto-ma-racje","status":"publish","type":"post","link":"https:\/\/ostrowskatv.pl\/?p=29184","title":{"rendered":"Paduch pyta\u0142 Klimek o kamery monitoringu. Kto ma racj\u0119?"},"content":{"rendered":"<p><strong>Podczas czwartkowej debaty pomi\u0119dzy prezydent Beat\u0105 Klimek, a kontrkandydatem Jakubem Paduchem pad\u0142o kilka pyta\u0144 wzajemnych. W\u015br\u00f3d nich jedno dotyczy\u0142o bezpiecze\u0144stwa mieszka\u0144c\u00f3w i monitoringu miejskiego. Radny Jakub Paduch zarzuci\u0142, \u017ce przez jako\u015b\u0107 miejskiego monitoringu jest przedpotopowa. Czy faktycznie miasto nie inwestowa\u0142o w jego modernizacj\u0119?<\/strong><\/p>\n<p>W ostatnich latach Miasto Ostr\u00f3w Wielkopolski przeznaczy\u0142o niemal 260 tysi\u0119cy z\u0142otych na modernizacj\u0119 i rozbudow\u0119 systemu monitoringu. <\/p>\n<p>&#8211; Na rozbudow\u0119 i modernizacj\u0119 monitoringu miejskiego w 2024 roku, zaplanowali\u015bmy ponad 59 tys. z\u0142otych. Przeznaczymy te pieni\u0105dze na monta\u017c kamer na drogach wlotowych do miasta. Inwestujemy w bezpiecze\u0144stwo: wymieniamy i montujemy nowe kamery &#8211; tylko w ostatnich latach przeznaczyli\u015bmy na ten cel niemal 260 tys. z\u0142otych &#8211; m\u00f3wi <strong>Beata Klimek<\/strong>, prezydent Ostrowa Wielkopolskiego.<\/p>\n<p>Rok 2019<\/p>\n<p>1 nowa kamera w Parku 600-lecia<\/p>\n<p>Rok 2020<\/p>\n<p>3 nowe kamery na Ogr\u00f3dkach Jordanowskich<\/p>\n<p>1 kamera Rynek\/Kaliska (wymiana)<\/p>\n<p>1 kamera Rondo Bankowe (wymiana)<\/p>\n<p>Rok 2021<\/p>\n<p>6 kamer: Partyzancka, Konopnickiej, Kaliska, Rondo Sybirak\u00f3w, Wiosny Lud\u00f3w Pl. Rowi\u0144skiego (wymiana)<\/p>\n<p>Rok 2022 <\/p>\n<p>2 kamery : Ko\u015bciuszki, Targowisko Miejskie (wymiana),<\/p>\n<p>Rok 2023 <\/p>\n<p>2 kamery: PL. 23 Stycznia, Raszkowska\/Wolno\u015bci (wymiana)<\/p>\n<p>1 nowa kamera Dworcowa\/Kolejowa<\/p>\n<p>1 wymiana uszkodzonej kamery w parku<\/p>\n<p>Czy zatem poni\u017csze s\u0142owa Jakuba Paducha maj\u0105 odzwierciedlenie w rzeczywisto\u015bci? Mog\u0105 sobie pa\u0144stwo sami odpowiedzie\u0107.<\/p>\n<p><img loading=\"lazy\" decoding=\"async\" src=\"https:\/\/ostrowskatv.pl\/wp-content\/uploads\/2024\/04\/1000057664-01.jpeg\" alt=\"\" width=\"1920\" height=\"1081\" class=\"alignnone size-full wp-image-29186\" srcset=\"https:\/\/ostrowskatv.pl\/wp-content\/uploads\/2024\/04\/1000057664-01.jpeg 1920w, https:\/\/ostrowskatv.pl\/wp-content\/uploads\/2024\/04\/1000057664-01-300x169.jpeg 300w, https:\/\/ostrowskatv.pl\/wp-content\/uploads\/2024\/04\/1000057664-01-1333x751.jpeg 1333w, https:\/\/ostrowskatv.pl\/wp-content\/uploads\/2024\/04\/1000057664-01-1536x865.jpeg 1536w\" sizes=\"auto, (max-width: 1920px) 100vw, 1920px\" \/><\/p>\n<p><img loading=\"lazy\" decoding=\"async\" src=\"https:\/\/ostrowskatv.pl\/wp-content\/uploads\/2024\/04\/1000057665-01.jpeg\" alt=\"\" width=\"1081\" height=\"1920\" class=\"alignnone size-full wp-image-29187\" srcset=\"https:\/\/ostrowskatv.pl\/wp-content\/uploads\/2024\/04\/1000057665-01.jpeg 1081w, https:\/\/ostrowskatv.pl\/wp-content\/uploads\/2024\/04\/1000057665-01-169x300.jpeg 169w, https:\/\/ostrowskatv.pl\/wp-content\/uploads\/2024\/04\/1000057665-01-751x1333.jpeg 751w, https:\/\/ostrowskatv.pl\/wp-content\/uploads\/2024\/04\/1000057665-01-865x1536.jpeg 865w\" sizes=\"auto, (max-width: 1081px) 100vw, 1081px\" \/><\/p>\n<p><img loading=\"lazy\" decoding=\"async\" src=\"https:\/\/ostrowskatv.pl\/wp-content\/uploads\/2024\/04\/1000057666-01.jpeg\" alt=\"\" width=\"1378\" height=\"1920\" class=\"alignnone size-full wp-image-29188\" srcset=\"https:\/\/ostrowskatv.pl\/wp-content\/uploads\/2024\/04\/1000057666-01.jpeg 1378w, https:\/\/ostrowskatv.pl\/wp-content\/uploads\/2024\/04\/1000057666-01-215x300.jpeg 215w, https:\/\/ostrowskatv.pl\/wp-content\/uploads\/2024\/04\/1000057666-01-957x1333.jpeg 957w, https:\/\/ostrowskatv.pl\/wp-content\/uploads\/2024\/04\/1000057666-01-1102x1536.jpeg 1102w\" sizes=\"auto, (max-width: 1378px) 100vw, 1378px\" \/><\/p>\n<p><img loading=\"lazy\" decoding=\"async\" src=\"https:\/\/ostrowskatv.pl\/wp-content\/uploads\/2024\/04\/1000057667-01.jpeg\" alt=\"\" width=\"1920\" height=\"1081\" class=\"alignnone size-full wp-image-29189\" srcset=\"https:\/\/ostrowskatv.pl\/wp-content\/uploads\/2024\/04\/1000057667-01.jpeg 1920w, https:\/\/ostrowskatv.pl\/wp-content\/uploads\/2024\/04\/1000057667-01-300x169.jpeg 300w, https:\/\/ostrowskatv.pl\/wp-content\/uploads\/2024\/04\/1000057667-01-1333x751.jpeg 1333w, https:\/\/ostrowskatv.pl\/wp-content\/uploads\/2024\/04\/1000057667-01-1536x865.jpeg 1536w\" sizes=\"auto, (max-width: 1920px) 100vw, 1920px\" \/><\/p>\n<p><img loading=\"lazy\" decoding=\"async\" src=\"https:\/\/ostrowskatv.pl\/wp-content\/uploads\/2024\/04\/1000057669-01.jpeg\" alt=\"\" width=\"1920\" height=\"902\" class=\"alignnone size-full wp-image-29190\" srcset=\"https:\/\/ostrowskatv.pl\/wp-content\/uploads\/2024\/04\/1000057669-01.jpeg 1920w, https:\/\/ostrowskatv.pl\/wp-content\/uploads\/2024\/04\/1000057669-01-300x141.jpeg 300w, https:\/\/ostrowskatv.pl\/wp-content\/uploads\/2024\/04\/1000057669-01-1333x626.jpeg 1333w, https:\/\/ostrowskatv.pl\/wp-content\/uploads\/2024\/04\/1000057669-01-1536x722.jpeg 1536w\" sizes=\"auto, (max-width: 1920px) 100vw, 1920px\" \/><\/p>\n<blockquote><p>Nieustaj\u0105cy mamy problem z aktami wandalizmu. By\u0107 mo\u017ce nie by\u0142o by tego w takiej skali gdyby monitoring miejski nie by\u0142 jak z poprzedniej epoki. Dzisiaj ka\u017cdy z nas ma kamer\u0119 najwy\u017cszej jako\u015bci w kieszeni, w telefonie. Dlaczego dzi\u015b po 10 latach pani rz\u0105d\u00f3w miejski monitoring jest przedpotopowy. Czy 10 lat to by\u0142o za ma\u0142o, \u017ceby zadba\u0107 o jako\u015b\u0107 miejskiego monitoringu by m\u00f3c wy\u0142apywa\u0107 akty wandalizmu? &#8211; pyta\u0142 radny Jakub Paduch.<\/p><\/blockquote>\n","protected":false},"excerpt":{"rendered":"Podczas czwartkowej debaty pomi\u0119dzy prezydent Beat\u0105 Klimek, a kontrkandydatem Jakubem Paduchem pad\u0142o kilka pyta\u0144 wzajemnych. W\u015br\u00f3d nich jedno dotyczy\u0142o bezpiecze\u0144stwa mieszka\u0144c\u00f3w i monitoringu \n<a class=\"moretag\" href=\"https:\/\/ostrowskatv.pl\/?p=29184\"> [...]<\/a>","protected":false},"author":1,"featured_media":29192,"comment_status":"open","ping_status":"closed","sticky":false,"template":"","format":"standard","meta":{"footnotes":""},"categories":[1],"tags":[2],"class_list":["post-29184","post","type-post","status-publish","format-standard","has-post-thumbnail","hentry","category-news","tag-ostrow-wielkopolski"],"_links":{"self":[{"href":"https:\/\/ostrowskatv.pl\/index.php?rest_route=\/wp\/v2\/posts\/29184","targetHints":{"allow":["GET"]}}],"collection":[{"href":"https:\/\/ostrowskatv.pl\/index.php?rest_route=\/wp\/v2\/posts"}],"about":[{"href":"https:\/\/ostrowskatv.pl\/index.php?rest_route=\/wp\/v2\/types\/post"}],"author":[{"embeddable":true,"href":"https:\/\/ostrowskatv.pl\/index.php?rest_route=\/wp\/v2\/users\/1"}],"replies":[{"embeddable":true,"href":"https:\/\/ostrowskatv.pl\/index.php?rest_route=%2Fwp%2Fv2%2Fcomments&post=29184"}],"version-history":[{"count":0,"href":"https:\/\/ostrowskatv.pl\/index.php?rest_route=\/wp\/v2\/posts\/29184\/revisions"}],"wp:featuredmedia":[{"embeddable":true,"href":"https:\/\/ostrowskatv.pl\/index.php?rest_route=\/wp\/v2\/media\/29192"}],"wp:attachment":[{"href":"https:\/\/ostrowskatv.pl\/index.php?rest_route=%2Fwp%2Fv2%2Fmedia&parent=29184"}],"wp:term":[{"taxonomy":"category","embeddable":true,"href":"https:\/\/ostrowskatv.pl\/index.php?rest_route=%2Fwp%2Fv2%2Fcategories&post=29184"},{"taxonomy":"post_tag","embeddable":true,"href":"https:\/\/ostrowskatv.pl\/index.php?rest_route=%2Fwp%2Fv2%2Ftags&post=29184"}],"curies":[{"name":"wp","href":"https:\/\/api.w.org\/{rel}","templated":true}]}}