{"id":29162,"date":"2024-04-18T06:50:19","date_gmt":"2024-04-18T05:50:19","guid":{"rendered":"https:\/\/ostrowskatv.pl\/?p=29162"},"modified":"2024-04-18T06:50:19","modified_gmt":"2024-04-18T05:50:19","slug":"wjechal-w-znaki-i-odjechal-zdjecia","status":"publish","type":"post","link":"https:\/\/ostrowskatv.pl\/?p=29162","title":{"rendered":"Wjecha\u0142 w znaki i odjecha\u0142 (ZDJ\u0118CIA)"},"content":{"rendered":"<p><strong>Ostrowska policja otrzyma\u0142a w nocy z poniedzia\u0142ku na wtorek informacj\u0119, \u017ce dosz\u0142o do kolizji z infrastruktur\u0105 drogow\u0105, po czym kierowca odjecha\u0142.<\/strong><\/p>\n<p>Najpierw w Przygodzicach samoch\u00f3d uderzy\u0142 w znaki drogowe. Po kolizji odjecha\u0142 w stron\u0119 Ostrowa Wielkopolskiego. I tam dopiero w rejonie przychodni &#8222;kolejowej&#8221; policjanci natrafili na samoch\u00f3d volkswagen golf, wewn\u0105trz kt\u00f3rego znajdowa\u0142 si\u0119 51-letni wielkopolanin.<\/p>\n<p>M\u0119\u017cczyzna w zwi\u0105zku z uzasadnionym podejrzeniem, \u017ce kierowa\u0142 w stanie nietrze\u017awo\u015bci zosta\u0142 zatrzymany. Od m\u0119\u017cczyzny zosta\u0142a pobrana krew do dalszych bada\u0144.<\/p>\n<p><img loading=\"lazy\" decoding=\"async\" src=\"https:\/\/ostrowskatv.pl\/wp-content\/uploads\/2024\/04\/1000056978-01.jpeg\" alt=\"\" width=\"1920\" height=\"1080\" class=\"alignnone size-full wp-image-29163\" srcset=\"https:\/\/ostrowskatv.pl\/wp-content\/uploads\/2024\/04\/1000056978-01.jpeg 1920w, https:\/\/ostrowskatv.pl\/wp-content\/uploads\/2024\/04\/1000056978-01-300x169.jpeg 300w, https:\/\/ostrowskatv.pl\/wp-content\/uploads\/2024\/04\/1000056978-01-1333x750.jpeg 1333w, https:\/\/ostrowskatv.pl\/wp-content\/uploads\/2024\/04\/1000056978-01-1536x864.jpeg 1536w\" sizes=\"auto, (max-width: 1920px) 100vw, 1920px\" \/><\/p>\n<p><img loading=\"lazy\" decoding=\"async\" src=\"https:\/\/ostrowskatv.pl\/wp-content\/uploads\/2024\/04\/1000056990-01.jpeg\" alt=\"\" width=\"1920\" height=\"1080\" class=\"alignnone size-full wp-image-29164\" srcset=\"https:\/\/ostrowskatv.pl\/wp-content\/uploads\/2024\/04\/1000056990-01.jpeg 1920w, https:\/\/ostrowskatv.pl\/wp-content\/uploads\/2024\/04\/1000056990-01-300x169.jpeg 300w, https:\/\/ostrowskatv.pl\/wp-content\/uploads\/2024\/04\/1000056990-01-1333x750.jpeg 1333w, https:\/\/ostrowskatv.pl\/wp-content\/uploads\/2024\/04\/1000056990-01-1536x864.jpeg 1536w\" sizes=\"auto, (max-width: 1920px) 100vw, 1920px\" \/><\/p>\n<p><img loading=\"lazy\" decoding=\"async\" src=\"https:\/\/ostrowskatv.pl\/wp-content\/uploads\/2024\/04\/1000056994-01.jpeg\" alt=\"\" width=\"1920\" height=\"1080\" class=\"alignnone size-full wp-image-29165\" srcset=\"https:\/\/ostrowskatv.pl\/wp-content\/uploads\/2024\/04\/1000056994-01.jpeg 1920w, https:\/\/ostrowskatv.pl\/wp-content\/uploads\/2024\/04\/1000056994-01-300x169.jpeg 300w, https:\/\/ostrowskatv.pl\/wp-content\/uploads\/2024\/04\/1000056994-01-1333x750.jpeg 1333w, https:\/\/ostrowskatv.pl\/wp-content\/uploads\/2024\/04\/1000056994-01-1536x864.jpeg 1536w\" sizes=\"auto, (max-width: 1920px) 100vw, 1920px\" \/><\/p>\n<p><img loading=\"lazy\" decoding=\"async\" src=\"https:\/\/ostrowskatv.pl\/wp-content\/uploads\/2024\/04\/1000056998-01.jpeg\" alt=\"\" width=\"1920\" height=\"1080\" class=\"alignnone size-full wp-image-29166\" srcset=\"https:\/\/ostrowskatv.pl\/wp-content\/uploads\/2024\/04\/1000056998-01.jpeg 1920w, https:\/\/ostrowskatv.pl\/wp-content\/uploads\/2024\/04\/1000056998-01-300x169.jpeg 300w, https:\/\/ostrowskatv.pl\/wp-content\/uploads\/2024\/04\/1000056998-01-1333x750.jpeg 1333w, https:\/\/ostrowskatv.pl\/wp-content\/uploads\/2024\/04\/1000056998-01-1536x864.jpeg 1536w\" sizes=\"auto, (max-width: 1920px) 100vw, 1920px\" \/><\/p>\n<p><img loading=\"lazy\" decoding=\"async\" src=\"https:\/\/ostrowskatv.pl\/wp-content\/uploads\/2024\/04\/1000057002-01.jpeg\" alt=\"\" width=\"1920\" height=\"1080\" class=\"alignnone size-full wp-image-29167\" srcset=\"https:\/\/ostrowskatv.pl\/wp-content\/uploads\/2024\/04\/1000057002-01.jpeg 1920w, https:\/\/ostrowskatv.pl\/wp-content\/uploads\/2024\/04\/1000057002-01-300x169.jpeg 300w, https:\/\/ostrowskatv.pl\/wp-content\/uploads\/2024\/04\/1000057002-01-1333x750.jpeg 1333w, https:\/\/ostrowskatv.pl\/wp-content\/uploads\/2024\/04\/1000057002-01-1536x864.jpeg 1536w\" sizes=\"auto, (max-width: 1920px) 100vw, 1920px\" \/><\/p>\n","protected":false},"excerpt":{"rendered":"Ostrowska policja otrzyma\u0142a w nocy z poniedzia\u0142ku na wtorek informacj\u0119, \u017ce dosz\u0142o do kolizji z infrastruktur\u0105 drogow\u0105, po czym kierowca odjecha\u0142. Najpierw w \n<a class=\"moretag\" href=\"https:\/\/ostrowskatv.pl\/?p=29162\"> [...]<\/a>","protected":false},"author":1,"featured_media":29163,"comment_status":"open","ping_status":"closed","sticky":false,"template":"","format":"standard","meta":{"footnotes":""},"categories":[1],"tags":[],"class_list":["post-29162","post","type-post","status-publish","format-standard","has-post-thumbnail","hentry","category-news"],"_links":{"self":[{"href":"https:\/\/ostrowskatv.pl\/index.php?rest_route=\/wp\/v2\/posts\/29162","targetHints":{"allow":["GET"]}}],"collection":[{"href":"https:\/\/ostrowskatv.pl\/index.php?rest_route=\/wp\/v2\/posts"}],"about":[{"href":"https:\/\/ostrowskatv.pl\/index.php?rest_route=\/wp\/v2\/types\/post"}],"author":[{"embeddable":true,"href":"https:\/\/ostrowskatv.pl\/index.php?rest_route=\/wp\/v2\/users\/1"}],"replies":[{"embeddable":true,"href":"https:\/\/ostrowskatv.pl\/index.php?rest_route=%2Fwp%2Fv2%2Fcomments&post=29162"}],"version-history":[{"count":0,"href":"https:\/\/ostrowskatv.pl\/index.php?rest_route=\/wp\/v2\/posts\/29162\/revisions"}],"wp:featuredmedia":[{"embeddable":true,"href":"https:\/\/ostrowskatv.pl\/index.php?rest_route=\/wp\/v2\/media\/29163"}],"wp:attachment":[{"href":"https:\/\/ostrowskatv.pl\/index.php?rest_route=%2Fwp%2Fv2%2Fmedia&parent=29162"}],"wp:term":[{"taxonomy":"category","embeddable":true,"href":"https:\/\/ostrowskatv.pl\/index.php?rest_route=%2Fwp%2Fv2%2Fcategories&post=29162"},{"taxonomy":"post_tag","embeddable":true,"href":"https:\/\/ostrowskatv.pl\/index.php?rest_route=%2Fwp%2Fv2%2Ftags&post=29162"}],"curies":[{"name":"wp","href":"https:\/\/api.w.org\/{rel}","templated":true}]}}