{"id":2905,"date":"2017-01-10T22:29:53","date_gmt":"2017-01-10T21:29:53","guid":{"rendered":"http:\/\/ostrowska.tv\/?p=2905"},"modified":"2017-01-10T22:29:53","modified_gmt":"2017-01-10T21:29:53","slug":"volvo-z-pijanym-dachowalo-w-lamkach","status":"publish","type":"post","link":"https:\/\/ostrowskatv.pl\/?p=2905","title":{"rendered":"Volvo z pijanym dachowa\u0142o w Lamkach"},"content":{"rendered":"<p>We wtorek o 22:00 na g\u0142\u00f3wnej drodze krajowej nr 36 w miejscowo\u015bci Lamki dosz\u0142o do dachowania samochodu osobowego. Na \u0142uku drogi, kierowca Volvo V40 wyjecha\u0142 z drogi, a jego samoch\u00f3d zacz\u0105\u0142 dachowa\u0107 \u015bcinaj\u0105c po drodze ogrodzenie posesji oraz drzewka. Ostatecznie auto zatrzyma\u0142o si\u0119 na dachu. Wewn\u0105trz pojazdu znajdowa\u0142 si\u0119 m\u0119\u017cczyzna, kt\u00f3ra po badaniu okaza\u0142o si\u0119, \u017ce jest nietrze\u017awy. Pogotowie z urazem g\u0142owy zabra\u0142o go do szpitala.<\/p>\n<div id='gallery-1' class='gallery galleryid-2905 gallery-columns-3 gallery-size-thumbnail'><figure class='gallery-item'>\n\t\t\t<div class='gallery-icon landscape'>\n\t\t\t\t<a href='https:\/\/ostrowskatv.pl\/?attachment_id=2907'><img loading=\"lazy\" decoding=\"async\" width=\"150\" height=\"150\" src=\"https:\/\/ostrowskatv.pl\/wp-content\/uploads\/2017\/01\/lamki-pijany-04-150x150.jpg\" class=\"attachment-thumbnail size-thumbnail\" alt=\"\" \/><\/a>\n\t\t\t<\/div><\/figure><figure class='gallery-item'>\n\t\t\t<div class='gallery-icon landscape'>\n\t\t\t\t<a href='https:\/\/ostrowskatv.pl\/?attachment_id=2908'><img loading=\"lazy\" decoding=\"async\" width=\"150\" height=\"150\" src=\"https:\/\/ostrowskatv.pl\/wp-content\/uploads\/2017\/01\/lamki-pijany-03-1-150x150.jpg\" class=\"attachment-thumbnail size-thumbnail\" alt=\"\" \/><\/a>\n\t\t\t<\/div><\/figure><figure class='gallery-item'>\n\t\t\t<div class='gallery-icon landscape'>\n\t\t\t\t<a href='https:\/\/ostrowskatv.pl\/?attachment_id=2909'><img loading=\"lazy\" decoding=\"async\" width=\"150\" height=\"150\" src=\"https:\/\/ostrowskatv.pl\/wp-content\/uploads\/2017\/01\/lamki-pijany-02-150x150.jpg\" class=\"attachment-thumbnail size-thumbnail\" alt=\"\" \/><\/a>\n\t\t\t<\/div><\/figure><figure class='gallery-item'>\n\t\t\t<div class='gallery-icon landscape'>\n\t\t\t\t<a href='https:\/\/ostrowskatv.pl\/?attachment_id=2910'><img loading=\"lazy\" decoding=\"async\" width=\"150\" height=\"150\" src=\"https:\/\/ostrowskatv.pl\/wp-content\/uploads\/2017\/01\/lamki-pijany-01-150x150.jpg\" class=\"attachment-thumbnail size-thumbnail\" alt=\"\" \/><\/a>\n\t\t\t<\/div><\/figure>\n\t\t<\/div>\n\n","protected":false},"excerpt":{"rendered":"We wtorek o 22:00 na g\u0142\u00f3wnej drodze krajowej nr 36 w miejscowo\u015bci Lamki dosz\u0142o do dachowania samochodu osobowego. Na \u0142uku drogi, kierowca Volvo \n<a class=\"moretag\" href=\"https:\/\/ostrowskatv.pl\/?p=2905\"> [...]<\/a>","protected":false},"author":1,"featured_media":2906,"comment_status":"open","ping_status":"open","sticky":false,"template":"","format":"standard","meta":{"footnotes":""},"categories":[1],"tags":[83],"class_list":["post-2905","post","type-post","status-publish","format-standard","has-post-thumbnail","hentry","category-news","tag-lamki"],"_links":{"self":[{"href":"https:\/\/ostrowskatv.pl\/index.php?rest_route=\/wp\/v2\/posts\/2905","targetHints":{"allow":["GET"]}}],"collection":[{"href":"https:\/\/ostrowskatv.pl\/index.php?rest_route=\/wp\/v2\/posts"}],"about":[{"href":"https:\/\/ostrowskatv.pl\/index.php?rest_route=\/wp\/v2\/types\/post"}],"author":[{"embeddable":true,"href":"https:\/\/ostrowskatv.pl\/index.php?rest_route=\/wp\/v2\/users\/1"}],"replies":[{"embeddable":true,"href":"https:\/\/ostrowskatv.pl\/index.php?rest_route=%2Fwp%2Fv2%2Fcomments&post=2905"}],"version-history":[{"count":0,"href":"https:\/\/ostrowskatv.pl\/index.php?rest_route=\/wp\/v2\/posts\/2905\/revisions"}],"wp:featuredmedia":[{"embeddable":true,"href":"https:\/\/ostrowskatv.pl\/index.php?rest_route=\/wp\/v2\/media\/2906"}],"wp:attachment":[{"href":"https:\/\/ostrowskatv.pl\/index.php?rest_route=%2Fwp%2Fv2%2Fmedia&parent=2905"}],"wp:term":[{"taxonomy":"category","embeddable":true,"href":"https:\/\/ostrowskatv.pl\/index.php?rest_route=%2Fwp%2Fv2%2Fcategories&post=2905"},{"taxonomy":"post_tag","embeddable":true,"href":"https:\/\/ostrowskatv.pl\/index.php?rest_route=%2Fwp%2Fv2%2Ftags&post=2905"}],"curies":[{"name":"wp","href":"https:\/\/api.w.org\/{rel}","templated":true}]}}